{"id":7275,"date":"2021-08-09T22:45:22","date_gmt":"2021-08-10T01:45:22","guid":{"rendered":"https:\/\/radiorevelacionfm.cl\/?p=7275"},"modified":"2021-08-09T22:45:22","modified_gmt":"2021-08-10T01:45:22","slug":"tras-16-horas-de-trabajo-el-gope-rescato-a-excursionistas-extraviados-en-cerro-panguilemu","status":"publish","type":"post","link":"https:\/\/radiorevelacionfm.cl\/?p=7275","title":{"rendered":"Tras 16 horas de trabajo el GOPE rescat\u00f3 a excursionistas extraviados en Cerro Panguilemu"},"content":{"rendered":"<div class=\"flex_column av_one_full  flex_column_div av-zero-column-padding first  avia-builder-el-0  el_before_av_one_full  avia-builder-el-first  \" style='border-radius:0px; '><div  class='avia-image-container  av-styling-    avia-builder-el-1  avia-builder-el-no-sibling  avia-align-center '  itemprop=\"image\" itemscope=\"itemscope\" itemtype=\"https:\/\/schema.org\/ImageObject\"  ><div class='avia-image-container-inner'><div class='avia-image-overlay-wrap'><img decoding=\"async\" class='wp-image-7276 avia-img-lazy-loading-not-7276 avia_image' src=\"https:\/\/radiorevelacionfm.cl\/wp-content\/uploads\/2021\/08\/fd21601e-230b-4377-bfff-c9ebb5ad1423-1-1.jpg\" alt='' title='fd21601e-230b-4377-bfff-c9ebb5ad1423 (1) (1)' height=\"600\" width=\"800\"  itemprop=\"thumbnailUrl\" srcset=\"https:\/\/radiorevelacionfm.cl\/wp-content\/uploads\/2021\/08\/fd21601e-230b-4377-bfff-c9ebb5ad1423-1-1.jpg 800w, https:\/\/radiorevelacionfm.cl\/wp-content\/uploads\/2021\/08\/fd21601e-230b-4377-bfff-c9ebb5ad1423-1-1-300x225.jpg 300w, https:\/\/radiorevelacionfm.cl\/wp-content\/uploads\/2021\/08\/fd21601e-230b-4377-bfff-c9ebb5ad1423-1-1-768x576.jpg 768w, https:\/\/radiorevelacionfm.cl\/wp-content\/uploads\/2021\/08\/fd21601e-230b-4377-bfff-c9ebb5ad1423-1-1-705x529.jpg 705w, https:\/\/radiorevelacionfm.cl\/wp-content\/uploads\/2021\/08\/fd21601e-230b-4377-bfff-c9ebb5ad1423-1-1-600x450.jpg 600w\" sizes=\"(max-width: 800px) 100vw, 800px\" \/><\/div><\/div><\/div><\/div><div class=\"flex_column av_one_full  flex_column_div av-zero-column-padding first  avia-builder-el-2  el_after_av_one_full  el_before_av_one_full  column-top-margin\" style='border-radius:0px; '><section class=\"av_textblock_section \"  itemscope=\"itemscope\" itemtype=\"https:\/\/schema.org\/BlogPosting\" itemprop=\"blogPost\" ><div class='avia_textblock  '   itemprop=\"text\" ><p style=\"text-align: center;\"><strong><span style=\"font-size: 18pt;\">Tras 16 horas de trabajo el GOPE rescat\u00f3 a excursionistas extraviados en Cerro Panguilemu<\/span><\/strong><\/p>\n<div id=\"gtx-trans\" style=\"position: absolute; left: -50px; top: 4.31534px;\">\n<div class=\"gtx-trans-icon\"><\/div>\n<\/div>\n<\/div><\/section><\/div><div class=\"flex_column av_one_full  flex_column_div av-zero-column-padding first  avia-builder-el-4  el_after_av_one_full  el_before_av_hr  column-top-margin\" style='border-radius:0px; '><section class=\"av_textblock_section \"  itemscope=\"itemscope\" itemtype=\"https:\/\/schema.org\/BlogPosting\" itemprop=\"blogPost\" ><div class='avia_textblock  '   itemprop=\"text\" ><p class=\"v1MsoNormal\" style=\"text-align: justify;\">Tras un arduo trabajo, Carabineros del Grupo de Operaciones Policiales Especiales (GOPE) ubic\u00f3 y rescat\u00f3 sanos y salvos a dos ciudadanos extraviados en el sector Cerro Panguilemu en Coyhaique.<\/p>\n<p class=\"v1MsoNormal\" style=\"text-align: justify;\">Alrededor de las 18:00 horas del domingo, en virtud de un llamado telef\u00f3nico a la Central de Comunicaciones (Cenco), Carabineros tom\u00f3 conocimiento sobre la presencia de dos personas extraviadas en el sector antes mencionado, ante lo cual solicit\u00f3 la concurrencia de personal especializado al lugar con la finalidad de realizar las tareas de b\u00fasqueda orientadas a dar con la ubicaci\u00f3n de dos ciudadanos, quienes se hab\u00edan dirigido al lugar con la finalidad de practicar trekking, quienes habr\u00edan extraviado el sendero, sin poder retornar.<\/p>\n<p class=\"v1MsoNormal\" style=\"text-align: justify;\">Una vez en el lugar, el GOPE se aboc\u00f3 al desarrollo de una b\u00fasqueda de infanter\u00eda \u2013mediante \u00a0equipo adecuado de monta\u00f1a- abri\u00e9ndose paso a trav\u00e9s del bosque nevado, labores que se extendieron por aproximadamente 16 horas \u2013durante la tarde, noche, madrugada y la ma\u00f1ana de hoy- abarcando una extensa \u00e1rea entre el cerro Panguilemu hasta el sector Huemules, al poniente de la ciudad de Coyhaique.<\/p>\n<p class=\"v1MsoNormal\" style=\"text-align: justify;\">Tras un arduo trabajo, marcado por g\u00e9lidas temperaturas, el GOPE hizo frente a la densa vegetaci\u00f3n, fuertes pendientes y escasa visibilidad, logrando dar con la ubicaci\u00f3n de dichas personas de 26 y 33 a\u00f1os de edad, siendo encontrados en buenas condiciones de salud, para posteriormente ser guiados hasta una zona segura donde se pudieron reunir con familiares, siendo atendidos por personal del Samu.<\/p>\n<p class=\"v1MsoNormal\" style=\"text-align: justify;\">Frente a lo anterior, el GOPE reiter\u00f3 el llamado a la comunidad a planificar las salidas a la monta\u00f1a, dar aviso a Carabineros o a Conaf, interiorizarse de las condiciones clim\u00e1ticas, contar con calzado e indumentaria adecuada, llevar alimentos ricos en calor\u00edas e hidrataci\u00f3n. Portar linterna, br\u00fajula o GPS, sin olvidar que la llegada a la cima constituye solo la mitad del trayecto.<\/p>\n<\/div><\/section><\/div><div  style='height:50px' class='hr hr-invisible   avia-builder-el-6  el_after_av_one_full  el_before_av_social_share '><span class='hr-inner ' ><span class='hr-inner-style'><\/span><\/span><\/div><\/p>\n<div  class='av-social-sharing-box  avia-builder-el-7  el_after_av_hr  el_before_av_hr  '><div class='av-share-box'><h5 class='av-share-link-description av-no-toc '>Compartir esta noticia<\/h5><ul class='av-share-box-list noLightbox'><li class='av-share-link av-social-link-facebook' ><a target=\"_blank\" aria-label=\"Compartir en Facebook\" href='https:\/\/www.facebook.com\/sharer.php?u=https:\/\/radiorevelacionfm.cl\/?p=7275&#038;t=Tras%2016%20horas%20de%20trabajo%20el%20GOPE%20rescat%C3%B3%20a%20excursionistas%20extraviados%20en%20Cerro%20Panguilemu' aria-hidden='false' data-av_icon='\ue8f3' data-av_iconfont='entypo-fontello' title='' data-avia-related-tooltip='Compartir en Facebook' rel=\"noopener\"><span class='avia_hidden_link_text'>Compartir en Facebook<\/span><\/a><\/li><li class='av-share-link av-social-link-twitter' ><a target=\"_blank\" aria-label=\"Compartir en Twitter\" href='https:\/\/twitter.com\/share?text=Tras%2016%20horas%20de%20trabajo%20el%20GOPE%20rescat%C3%B3%20a%20excursionistas%20extraviados%20en%20Cerro%20Panguilemu&#038;url=https:\/\/radiorevelacionfm.cl\/?p=7275' aria-hidden='false' data-av_icon='\ue8f1' data-av_iconfont='entypo-fontello' title='' data-avia-related-tooltip='Compartir en Twitter' rel=\"noopener\"><span class='avia_hidden_link_text'>Compartir en Twitter<\/span><\/a><\/li><li class='av-share-link av-social-link-whatsapp' ><a target=\"_blank\" aria-label=\"Compartir en Whatsapp\" href='https:\/\/api.whatsapp.com\/send?text=https:\/\/radiorevelacionfm.cl\/?p=7275' aria-hidden='false' data-av_icon='\uf232' data-av_iconfont='entypo-fontello' title='' data-avia-related-tooltip='Compartir en Whatsapp' rel=\"noopener\"><span class='avia_hidden_link_text'>Compartir en Whatsapp<\/span><\/a><\/li><li class='av-share-link av-social-link-linkedin' ><a target=\"_blank\" aria-label=\"Compartir en LinkedIn\" href='https:\/\/linkedin.com\/shareArticle?mini=true&#038;title=Tras%2016%20horas%20de%20trabajo%20el%20GOPE%20rescat%C3%B3%20a%20excursionistas%20extraviados%20en%20Cerro%20Panguilemu&#038;url=https:\/\/radiorevelacionfm.cl\/?p=7275' aria-hidden='false' data-av_icon='\ue8fc' data-av_iconfont='entypo-fontello' title='' data-avia-related-tooltip='Compartir en LinkedIn' rel=\"noopener\"><span class='avia_hidden_link_text'>Compartir en LinkedIn<\/span><\/a><\/li><li class='av-share-link av-social-link-mail' ><a  aria-label=\"Compartir por correo\" href='mailto:?subject=Tras%2016%20horas%20de%20trabajo%20el%20GOPE%20rescat%C3%B3%20a%20excursionistas%20extraviados%20en%20Cerro%20Panguilemu&#038;body=https:\/\/radiorevelacionfm.cl\/?p=7275' aria-hidden='false' data-av_icon='\ue805' data-av_iconfont='entypo-fontello' title='' data-avia-related-tooltip='Compartir por correo'><span class='avia_hidden_link_text'>Compartir por correo<\/span><\/a><\/li><\/ul><\/div><\/div>\n<div  style='height:50px' class='hr hr-invisible   avia-builder-el-8  el_after_av_social_share  el_before_av_comments_list '><span class='hr-inner ' ><span class='hr-inner-style'><\/span><\/span><\/div>\n<div  class='av-buildercomment  av-blog-meta-html-info-disabled av-blog-meta-tag-disabled  '><\/div>\n","protected":false},"excerpt":{"rendered":"","protected":false},"author":1,"featured_media":7276,"comment_status":"open","ping_status":"open","sticky":false,"template":"","format":"standard","meta":{"footnotes":""},"categories":[36],"tags":[],"class_list":["post-7275","post","type-post","status-publish","format-standard","has-post-thumbnail","hentry","category-policial"],"jetpack_featured_media_url":"https:\/\/radiorevelacionfm.cl\/wp-content\/uploads\/2021\/08\/fd21601e-230b-4377-bfff-c9ebb5ad1423-1-1.jpg","_links":{"self":[{"href":"https:\/\/radiorevelacionfm.cl\/index.php?rest_route=\/wp\/v2\/posts\/7275","targetHints":{"allow":["GET"]}}],"collection":[{"href":"https:\/\/radiorevelacionfm.cl\/index.php?rest_route=\/wp\/v2\/posts"}],"about":[{"href":"https:\/\/radiorevelacionfm.cl\/index.php?rest_route=\/wp\/v2\/types\/post"}],"author":[{"embeddable":true,"href":"https:\/\/radiorevelacionfm.cl\/index.php?rest_route=\/wp\/v2\/users\/1"}],"replies":[{"embeddable":true,"href":"https:\/\/radiorevelacionfm.cl\/index.php?rest_route=%2Fwp%2Fv2%2Fcomments&post=7275"}],"version-history":[{"count":1,"href":"https:\/\/radiorevelacionfm.cl\/index.php?rest_route=\/wp\/v2\/posts\/7275\/revisions"}],"predecessor-version":[{"id":7277,"href":"https:\/\/radiorevelacionfm.cl\/index.php?rest_route=\/wp\/v2\/posts\/7275\/revisions\/7277"}],"wp:featuredmedia":[{"embeddable":true,"href":"https:\/\/radiorevelacionfm.cl\/index.php?rest_route=\/wp\/v2\/media\/7276"}],"wp:attachment":[{"href":"https:\/\/radiorevelacionfm.cl\/index.php?rest_route=%2Fwp%2Fv2%2Fmedia&parent=7275"}],"wp:term":[{"taxonomy":"category","embeddable":true,"href":"https:\/\/radiorevelacionfm.cl\/index.php?rest_route=%2Fwp%2Fv2%2Fcategories&post=7275"},{"taxonomy":"post_tag","embeddable":true,"href":"https:\/\/radiorevelacionfm.cl\/index.php?rest_route=%2Fwp%2Fv2%2Ftags&post=7275"}],"curies":[{"name":"wp","href":"https:\/\/api.w.org\/{rel}","templated":true}]}}