{"id":7272,"date":"2021-08-09T20:47:27","date_gmt":"2021-08-09T23:47:27","guid":{"rendered":"https:\/\/radiorevelacionfm.cl\/?p=7272"},"modified":"2021-08-09T23:15:14","modified_gmt":"2021-08-10T02:15:14","slug":"mineduc-lanza-cursos-para-apoyar-a-profesionales-y-asistentes-de-la-educacion-en-la-recuperacion-de-aprendizajes","status":"publish","type":"post","link":"https:\/\/radiorevelacionfm.cl\/?p=7272","title":{"rendered":"Mineduc lanza cursos para apoyar a profesionales y asistentes de la educaci\u00f3n en la recuperaci\u00f3n de aprendizajes"},"content":{"rendered":"<div class=\"flex_column av_one_full  flex_column_div av-zero-column-padding first  avia-builder-el-0  el_before_av_one_full  avia-builder-el-first  \" style='border-radius:0px; '><div  class='avia-image-container  av-styling-    avia-builder-el-1  avia-builder-el-no-sibling  avia-align-center '  itemprop=\"image\" itemscope=\"itemscope\" itemtype=\"https:\/\/schema.org\/ImageObject\"  ><div class='avia-image-container-inner'><div class='avia-image-overlay-wrap'><img decoding=\"async\" class='wp-image-7278 avia-img-lazy-loading-not-7278 avia_image' src=\"https:\/\/radiorevelacionfm.cl\/wp-content\/uploads\/2021\/08\/cpeip1-1-1.jpg\" alt='' title='cpeip1 (1) (1)' height=\"600\" width=\"1073\"  itemprop=\"thumbnailUrl\" srcset=\"https:\/\/radiorevelacionfm.cl\/wp-content\/uploads\/2021\/08\/cpeip1-1-1.jpg 1073w, https:\/\/radiorevelacionfm.cl\/wp-content\/uploads\/2021\/08\/cpeip1-1-1-300x168.jpg 300w, https:\/\/radiorevelacionfm.cl\/wp-content\/uploads\/2021\/08\/cpeip1-1-1-1030x576.jpg 1030w, https:\/\/radiorevelacionfm.cl\/wp-content\/uploads\/2021\/08\/cpeip1-1-1-768x429.jpg 768w, https:\/\/radiorevelacionfm.cl\/wp-content\/uploads\/2021\/08\/cpeip1-1-1-705x394.jpg 705w, https:\/\/radiorevelacionfm.cl\/wp-content\/uploads\/2021\/08\/cpeip1-1-1-600x336.jpg 600w\" sizes=\"(max-width: 1073px) 100vw, 1073px\" \/><\/div><\/div><\/div><\/div><div class=\"flex_column av_one_full  flex_column_div av-zero-column-padding first  avia-builder-el-2  el_after_av_one_full  el_before_av_one_full  column-top-margin\" style='border-radius:0px; '><section class=\"av_textblock_section \"  itemscope=\"itemscope\" itemtype=\"https:\/\/schema.org\/BlogPosting\" itemprop=\"blogPost\" ><div class='avia_textblock  '   itemprop=\"text\" ><p style=\"text-align: center;\"><strong><span style=\"font-size: 18pt;\">Mineduc lanza cursos para apoyar a profesionales y asistentes de la educaci\u00f3n en la recuperaci\u00f3n de aprendizajes<\/span><\/strong><\/p>\n<div id=\"gtx-trans\" style=\"position: absolute; left: -50px; top: 4.31534px;\">\n<div class=\"gtx-trans-icon\"><\/div>\n<\/div>\n<\/div><\/section><\/div><\/p>\n<div class=\"flex_column av_one_full  flex_column_div av-zero-column-padding first  avia-builder-el-4  el_after_av_one_full  el_before_av_hr  column-top-margin\" style='border-radius:0px; '><section class=\"av_textblock_section \"  itemscope=\"itemscope\" itemtype=\"https:\/\/schema.org\/BlogPosting\" itemprop=\"blogPost\" ><div class='avia_textblock  '   itemprop=\"text\" ><p class=\"v1MsoNormal\" style=\"text-align: justify;\">El escenario sanitario generado por la pandemia ha redefinido la pr\u00e1ctica pedag\u00f3gica de las y los docentes y sus necesidades de apoyo formativo, requiriendo el despliegue de mayores esfuerzos profesionales para dar continuidad al proceso educativo, en condiciones materiales y emocionales muy diferentes a las habituales.<\/p>\n<p class=\"v1MsoNormal\" style=\"text-align: justify;\">Esto llev\u00f3 al Centro de Perfeccionamiento, Experimentaci\u00f3n e Investigaciones Pedag\u00f3gicas del Ministerio de Educaci\u00f3n a desarrollar, durante el a\u00f1o 2020, una oferta formativa que respondiera a las necesidades de apoyo con nuevas\u00a0<b>herramientas did\u00e1cticas y disciplinares<\/b>\u00a0para docentes, directivos y asistentes de la educaci\u00f3n. Esto se materializ\u00f3 en el \u201cPlan de Priorizaci\u00f3n Curricular, desarrollo socioemocional, y herramientas digitales para la ense\u00f1anza\u201d, que ha permitido brindar apoyo en modalidad 100% online a m\u00e1s de 18 mil docentes del sistema educativo subvencionado.<\/p>\n<p class=\"v1MsoNormal\" style=\"text-align: justify;\">Debido a que la crisis sanitaria y sus efectos contin\u00faan presentes, y con un mayor conocimiento de las necesidades espec\u00edficas de las y los docentes y comunidades educativas, el CPEIP ha dise\u00f1ado el\u00a0<b>\u201cPlan de ense\u00f1anza para la optimizaci\u00f3n del aprendizaje\u201d<\/b>, con nuevas acciones formativas para ayudar a recuperar los aprendizajes de las y los estudiantes.<\/p>\n<p class=\"v1MsoNormal\" style=\"text-align: justify;\">En este contexto se abri\u00f3 la convocatoria a\u00a0<b>20 cursos\u00a0<\/b>que buscan ofrecer\u00a0herramientas\u00a0diversificadas para la\u00a0planificaci\u00f3n\u00a0y\u00a0evaluaci\u00f3n\u00a0de los procesos de ense\u00f1anza;\u00a0estrategias\u00a0pedag\u00f3gicas que permitan una adaptaci\u00f3n flexible a los\u00a0diversos escenarios de ense\u00f1anza actual, como lo es la metodolog\u00eda de\u00a0Aprendizaje Basado en Proyectos; y diversos\u00a0recursos tecnol\u00f3gicos, todo con el objetivo de enriquecer la pr\u00e1ctica pedag\u00f3gica en diversos escenarios, potenciar las instancias colaborativas y el trabajo interdisciplinario fundamental para el desarrollo profesional docente.<\/p>\n<p class=\"v1MsoNormal\" style=\"text-align: justify;\">Los cursos est\u00e1n dirigidos a docentes de aula de todos los niveles educativos, educadores\/as, jefes\/as t\u00e9cnicos\/as y asistentes de la educaci\u00f3n del sistema subvencionado.<\/p>\n<p class=\"v1MsoNormal\">Te invitamos a revisar los requisitos y a postular a estos cursos en\u00a0<a href=\"https:\/\/nam02.safelinks.protection.outlook.com\/?url=http%3A%2F%2Fwww.cpeip.cl%2Fcursos-optimizacion&amp;data=04%7C01%7Ccamilo.gomez%40mineduc.cl%7C5be8371549034a57fae208d95b7383b8%7C2e4cfe500580414093874ecde39def60%7C0%7C0%7C637641373974526272%7CUnknown%7CTWFpbGZsb3d8eyJWIjoiMC4wLjAwMDAiLCJQIjoiV2luMzIiLCJBTiI6Ik1haWwiLCJXVCI6Mn0%3D%7C1000&amp;sdata=LXi4GqdkoWF93bT8sh9mp12AjsRS6yAE0sOl7Dp3jXM%3D&amp;reserved=0\" target=\"_blank\" rel=\"noopener noreferrer\">www.cpeip.cl\/cursos-optimizacion<\/a><\/p>\n<\/div><\/section><\/div>\n<div  style='height:50px' class='hr hr-invisible   avia-builder-el-6  el_after_av_one_full  el_before_av_social_share '><span class='hr-inner ' ><span class='hr-inner-style'><\/span><\/span><\/div>\n<div  class='av-social-sharing-box  avia-builder-el-7  el_after_av_hr  el_before_av_hr  '><div class='av-share-box'><h5 class='av-share-link-description av-no-toc '>Compartir esta noticia<\/h5><ul class='av-share-box-list noLightbox'><li class='av-share-link av-social-link-facebook' ><a target=\"_blank\" aria-label=\"Compartir en Facebook\" href='https:\/\/www.facebook.com\/sharer.php?u=https:\/\/radiorevelacionfm.cl\/?p=7272&#038;t=Mineduc%20lanza%20cursos%20para%20apoyar%20a%20profesionales%20y%20asistentes%20de%20la%20educaci%C3%B3n%20en%20la%20recuperaci%C3%B3n%20de%20aprendizajes' aria-hidden='false' data-av_icon='\ue8f3' data-av_iconfont='entypo-fontello' title='' data-avia-related-tooltip='Compartir en Facebook' rel=\"noopener\"><span class='avia_hidden_link_text'>Compartir en Facebook<\/span><\/a><\/li><li class='av-share-link av-social-link-twitter' ><a target=\"_blank\" aria-label=\"Compartir en Twitter\" href='https:\/\/twitter.com\/share?text=Mineduc%20lanza%20cursos%20para%20apoyar%20a%20profesionales%20y%20asistentes%20de%20la%20educaci%C3%B3n%20en%20la%20recuperaci%C3%B3n%20de%20aprendizajes&#038;url=https:\/\/radiorevelacionfm.cl\/?p=7272' aria-hidden='false' data-av_icon='\ue8f1' data-av_iconfont='entypo-fontello' title='' data-avia-related-tooltip='Compartir en Twitter' rel=\"noopener\"><span class='avia_hidden_link_text'>Compartir en Twitter<\/span><\/a><\/li><li class='av-share-link av-social-link-whatsapp' ><a target=\"_blank\" aria-label=\"Compartir en Whatsapp\" href='https:\/\/api.whatsapp.com\/send?text=https:\/\/radiorevelacionfm.cl\/?p=7272' aria-hidden='false' data-av_icon='\uf232' data-av_iconfont='entypo-fontello' title='' data-avia-related-tooltip='Compartir en Whatsapp' rel=\"noopener\"><span class='avia_hidden_link_text'>Compartir en Whatsapp<\/span><\/a><\/li><li class='av-share-link av-social-link-linkedin' ><a target=\"_blank\" aria-label=\"Compartir en LinkedIn\" href='https:\/\/linkedin.com\/shareArticle?mini=true&#038;title=Mineduc%20lanza%20cursos%20para%20apoyar%20a%20profesionales%20y%20asistentes%20de%20la%20educaci%C3%B3n%20en%20la%20recuperaci%C3%B3n%20de%20aprendizajes&#038;url=https:\/\/radiorevelacionfm.cl\/?p=7272' aria-hidden='false' data-av_icon='\ue8fc' data-av_iconfont='entypo-fontello' title='' data-avia-related-tooltip='Compartir en LinkedIn' rel=\"noopener\"><span class='avia_hidden_link_text'>Compartir en LinkedIn<\/span><\/a><\/li><li class='av-share-link av-social-link-mail' ><a  aria-label=\"Compartir por correo\" href='mailto:?subject=Mineduc%20lanza%20cursos%20para%20apoyar%20a%20profesionales%20y%20asistentes%20de%20la%20educaci%C3%B3n%20en%20la%20recuperaci%C3%B3n%20de%20aprendizajes&#038;body=https:\/\/radiorevelacionfm.cl\/?p=7272' aria-hidden='false' data-av_icon='\ue805' data-av_iconfont='entypo-fontello' title='' data-avia-related-tooltip='Compartir por correo'><span class='avia_hidden_link_text'>Compartir por correo<\/span><\/a><\/li><\/ul><\/div><\/div>\n<div  style='height:50px' class='hr hr-invisible   avia-builder-el-8  el_after_av_social_share  el_before_av_comments_list '><span class='hr-inner ' ><span class='hr-inner-style'><\/span><\/span><\/div>\n<div  class='av-buildercomment  av-blog-meta-html-info-disabled av-blog-meta-tag-disabled  '><\/div>\n","protected":false},"excerpt":{"rendered":"","protected":false},"author":1,"featured_media":7278,"comment_status":"open","ping_status":"open","sticky":false,"template":"","format":"standard","meta":{"footnotes":""},"categories":[49],"tags":[],"class_list":["post-7272","post","type-post","status-publish","format-standard","has-post-thumbnail","hentry","category-educacion"],"jetpack_featured_media_url":"https:\/\/radiorevelacionfm.cl\/wp-content\/uploads\/2021\/08\/cpeip1-1-1.jpg","_links":{"self":[{"href":"https:\/\/radiorevelacionfm.cl\/index.php?rest_route=\/wp\/v2\/posts\/7272","targetHints":{"allow":["GET"]}}],"collection":[{"href":"https:\/\/radiorevelacionfm.cl\/index.php?rest_route=\/wp\/v2\/posts"}],"about":[{"href":"https:\/\/radiorevelacionfm.cl\/index.php?rest_route=\/wp\/v2\/types\/post"}],"author":[{"embeddable":true,"href":"https:\/\/radiorevelacionfm.cl\/index.php?rest_route=\/wp\/v2\/users\/1"}],"replies":[{"embeddable":true,"href":"https:\/\/radiorevelacionfm.cl\/index.php?rest_route=%2Fwp%2Fv2%2Fcomments&post=7272"}],"version-history":[{"count":3,"href":"https:\/\/radiorevelacionfm.cl\/index.php?rest_route=\/wp\/v2\/posts\/7272\/revisions"}],"predecessor-version":[{"id":7280,"href":"https:\/\/radiorevelacionfm.cl\/index.php?rest_route=\/wp\/v2\/posts\/7272\/revisions\/7280"}],"wp:featuredmedia":[{"embeddable":true,"href":"https:\/\/radiorevelacionfm.cl\/index.php?rest_route=\/wp\/v2\/media\/7278"}],"wp:attachment":[{"href":"https:\/\/radiorevelacionfm.cl\/index.php?rest_route=%2Fwp%2Fv2%2Fmedia&parent=7272"}],"wp:term":[{"taxonomy":"category","embeddable":true,"href":"https:\/\/radiorevelacionfm.cl\/index.php?rest_route=%2Fwp%2Fv2%2Fcategories&post=7272"},{"taxonomy":"post_tag","embeddable":true,"href":"https:\/\/radiorevelacionfm.cl\/index.php?rest_route=%2Fwp%2Fv2%2Ftags&post=7272"}],"curies":[{"name":"wp","href":"https:\/\/api.w.org\/{rel}","templated":true}]}}