{"id":7268,"date":"2021-08-09T20:05:53","date_gmt":"2021-08-09T23:05:53","guid":{"rendered":"https:\/\/radiorevelacionfm.cl\/?p=7268"},"modified":"2021-08-09T20:05:53","modified_gmt":"2021-08-09T23:05:53","slug":"centro-de-montana-el-fraile-tiene-nueva-administracion-asegurando-su-operacion-hasta-el-2023","status":"publish","type":"post","link":"https:\/\/radiorevelacionfm.cl\/?p=7268","title":{"rendered":"Centro de Monta\u00f1a El Fraile tiene nueva administraci\u00f3n asegurando su operaci\u00f3n hasta el 2023"},"content":{"rendered":"<div class=\"flex_column av_one_full  flex_column_div av-zero-column-padding first  avia-builder-el-0  el_before_av_one_full  avia-builder-el-first  \" style='border-radius:0px; '><div  class='avia-image-container  av-styling-    avia-builder-el-1  avia-builder-el-no-sibling  avia-align-center '  itemprop=\"image\" itemscope=\"itemscope\" itemtype=\"https:\/\/schema.org\/ImageObject\"  ><div class='avia-image-container-inner'><div class='avia-image-overlay-wrap'><img decoding=\"async\" class='wp-image-7269 avia-img-lazy-loading-not-7269 avia_image' src=\"https:\/\/radiorevelacionfm.cl\/wp-content\/uploads\/2021\/08\/acta-nieve-2-1-1.jpg\" alt='' title='acta nieve 2 (1) (1)' height=\"600\" width=\"802\"  itemprop=\"thumbnailUrl\" srcset=\"https:\/\/radiorevelacionfm.cl\/wp-content\/uploads\/2021\/08\/acta-nieve-2-1-1.jpg 802w, https:\/\/radiorevelacionfm.cl\/wp-content\/uploads\/2021\/08\/acta-nieve-2-1-1-300x224.jpg 300w, https:\/\/radiorevelacionfm.cl\/wp-content\/uploads\/2021\/08\/acta-nieve-2-1-1-768x575.jpg 768w, https:\/\/radiorevelacionfm.cl\/wp-content\/uploads\/2021\/08\/acta-nieve-2-1-1-705x527.jpg 705w, https:\/\/radiorevelacionfm.cl\/wp-content\/uploads\/2021\/08\/acta-nieve-2-1-1-600x449.jpg 600w\" sizes=\"(max-width: 802px) 100vw, 802px\" \/><\/div><\/div><\/div><\/div><div class=\"flex_column av_one_full  flex_column_div av-zero-column-padding first  avia-builder-el-2  el_after_av_one_full  el_before_av_one_full  column-top-margin\" style='border-radius:0px; '><section class=\"av_textblock_section \"  itemscope=\"itemscope\" itemtype=\"https:\/\/schema.org\/BlogPosting\" itemprop=\"blogPost\" ><div class='avia_textblock  '   itemprop=\"text\" ><p style=\"text-align: center;\"><strong><span style=\"font-size: 18pt;\">Centro de Monta\u00f1a El Fraile tiene nueva administraci\u00f3n asegurando su operaci\u00f3n hasta el 2023<\/span><\/strong><\/p>\n<div id=\"gtx-trans\" style=\"position: absolute; left: -50px; top: 4.31534px;\">\n<div class=\"gtx-trans-icon\"><\/div>\n<\/div>\n<\/div><\/section><\/div><div class=\"flex_column av_one_full  flex_column_div av-zero-column-padding first  avia-builder-el-4  el_after_av_one_full  el_before_av_hr  column-top-margin\" style='border-radius:0px; '><section class=\"av_textblock_section \"  itemscope=\"itemscope\" itemtype=\"https:\/\/schema.org\/BlogPosting\" itemprop=\"blogPost\" ><div class='avia_textblock  '   itemprop=\"text\" ><div>\n<p class=\"v1MsoNormal\" style=\"text-align: justify;\">Hasta el Centro de Monta\u00f1a el Fraile lleg\u00f3 el Director Regional del IND, Jos\u00e9 Manuel Sep\u00falveda, junto al encargado de Gesti\u00f3n de Recintos \u00a0para firmar el acta de entrega del recinto a la nueva administraci\u00f3n.<\/p>\n<p class=\"v1MsoNormal\" style=\"text-align: justify;\">Al respecto, el Seremi del Deporte, Rodrigo Cubilla Retamal precis\u00f3 \u00abcomo Ministerio del Deporte y junto al IND, hemos estado trabajando para poner en valor las instalaciones de este recinto que cuenta con un entorno natural privilegiado y en el que adem\u00e1s de las canchas de esqu\u00ed, podemos encontrar circuitos de senderismo, rutas para ciclismo de monta\u00f1a y es un referente para turistas, por lo que esperamos que la comunidad regional y los visitantes puedan participar en actividades durante todo el a\u00f1o\u00bb.<\/p>\n<p class=\"v1MsoNormal\" style=\"text-align: justify;\">\u00abEstamos concluyendo un proceso que comenz\u00f3 el 2 de junio con una invitaci\u00f3n abierta a postular a la Administraci\u00f3n del Centro y que si bien dicho proceso de adjudicaci\u00f3n result\u00f3 desierto, posteriormente recibimos una solicitud que acoge los requerimientos de IND para asegurar la operaci\u00f3n y desarrollo del centro de monta\u00f1a, y hoy con la firma del acta hacemos entrega oficial de la Administraci\u00f3n por Encargo de Gesti\u00f3n del recinto deportivo a la Sra. Mabel Y\u00e1\u00f1ez en representaci\u00f3n de PATAGONIA AMBIENTE E.I.R.L, hasta el 31 de diciembre del a\u00f1o 2023. Les deseamos el mayor de los \u00e9xitos y les ofrecemos todo nuestro apoyo y colaboraci\u00f3n en su gesti\u00f3n\u00bb se\u00f1al\u00f3 Jos\u00e9 Manuel Sep\u00falveda, Director Regional del Instituto Nacional de Deportes.<\/p>\n<p class=\"v1MsoNormal\" style=\"text-align: justify;\">El inmueble fiscal de 782,41 hect\u00e1reas cuenta en la actualidad con un espacio destinado a cafeter\u00eda, servicios higi\u00e9nicos modulares, bodega rental y sala modular de primeros auxilios, adem\u00e1s del Andarivel Doppelmayr, Andarivel Poma, y maquinaria pisa nieves.<\/p>\n<\/div>\n<\/div><\/section><\/div><div  style='height:50px' class='hr hr-invisible   avia-builder-el-6  el_after_av_one_full  el_before_av_social_share '><span class='hr-inner ' ><span class='hr-inner-style'><\/span><\/span><\/div><\/p>\n<div  class='av-social-sharing-box  avia-builder-el-7  el_after_av_hr  el_before_av_hr  '><div class='av-share-box'><h5 class='av-share-link-description av-no-toc '>Compartir esta noticia<\/h5><ul class='av-share-box-list noLightbox'><li class='av-share-link av-social-link-facebook' ><a target=\"_blank\" aria-label=\"Compartir en Facebook\" href='https:\/\/www.facebook.com\/sharer.php?u=https:\/\/radiorevelacionfm.cl\/?p=7268&#038;t=Centro%20de%20Monta%C3%B1a%20El%20Fraile%20tiene%20nueva%20administraci%C3%B3n%20asegurando%20su%20operaci%C3%B3n%20hasta%20el%202023' aria-hidden='false' data-av_icon='\ue8f3' data-av_iconfont='entypo-fontello' title='' data-avia-related-tooltip='Compartir en Facebook' rel=\"noopener\"><span class='avia_hidden_link_text'>Compartir en Facebook<\/span><\/a><\/li><li class='av-share-link av-social-link-twitter' ><a target=\"_blank\" aria-label=\"Compartir en Twitter\" href='https:\/\/twitter.com\/share?text=Centro%20de%20Monta%C3%B1a%20El%20Fraile%20tiene%20nueva%20administraci%C3%B3n%20asegurando%20su%20operaci%C3%B3n%20hasta%20el%202023&#038;url=https:\/\/radiorevelacionfm.cl\/?p=7268' aria-hidden='false' data-av_icon='\ue8f1' data-av_iconfont='entypo-fontello' title='' data-avia-related-tooltip='Compartir en Twitter' rel=\"noopener\"><span class='avia_hidden_link_text'>Compartir en Twitter<\/span><\/a><\/li><li class='av-share-link av-social-link-whatsapp' ><a target=\"_blank\" aria-label=\"Compartir en Whatsapp\" href='https:\/\/api.whatsapp.com\/send?text=https:\/\/radiorevelacionfm.cl\/?p=7268' aria-hidden='false' data-av_icon='\uf232' data-av_iconfont='entypo-fontello' title='' data-avia-related-tooltip='Compartir en Whatsapp' rel=\"noopener\"><span class='avia_hidden_link_text'>Compartir en Whatsapp<\/span><\/a><\/li><li class='av-share-link av-social-link-linkedin' ><a target=\"_blank\" aria-label=\"Compartir en LinkedIn\" href='https:\/\/linkedin.com\/shareArticle?mini=true&#038;title=Centro%20de%20Monta%C3%B1a%20El%20Fraile%20tiene%20nueva%20administraci%C3%B3n%20asegurando%20su%20operaci%C3%B3n%20hasta%20el%202023&#038;url=https:\/\/radiorevelacionfm.cl\/?p=7268' aria-hidden='false' data-av_icon='\ue8fc' data-av_iconfont='entypo-fontello' title='' data-avia-related-tooltip='Compartir en LinkedIn' rel=\"noopener\"><span class='avia_hidden_link_text'>Compartir en LinkedIn<\/span><\/a><\/li><li class='av-share-link av-social-link-mail' ><a  aria-label=\"Compartir por correo\" href='mailto:?subject=Centro%20de%20Monta%C3%B1a%20El%20Fraile%20tiene%20nueva%20administraci%C3%B3n%20asegurando%20su%20operaci%C3%B3n%20hasta%20el%202023&#038;body=https:\/\/radiorevelacionfm.cl\/?p=7268' aria-hidden='false' data-av_icon='\ue805' data-av_iconfont='entypo-fontello' title='' data-avia-related-tooltip='Compartir por correo'><span class='avia_hidden_link_text'>Compartir por correo<\/span><\/a><\/li><\/ul><\/div><\/div>\n<div  style='height:50px' class='hr hr-invisible   avia-builder-el-8  el_after_av_social_share  el_before_av_comments_list '><span class='hr-inner ' ><span class='hr-inner-style'><\/span><\/span><\/div>\n<div  class='av-buildercomment  av-blog-meta-html-info-disabled av-blog-meta-tag-disabled  '><\/div>\n","protected":false},"excerpt":{"rendered":"","protected":false},"author":1,"featured_media":7269,"comment_status":"open","ping_status":"open","sticky":false,"template":"","format":"standard","meta":{"footnotes":""},"categories":[40],"tags":[],"class_list":["post-7268","post","type-post","status-publish","format-standard","has-post-thumbnail","hentry","category-deportes"],"jetpack_featured_media_url":"https:\/\/radiorevelacionfm.cl\/wp-content\/uploads\/2021\/08\/acta-nieve-2-1-1.jpg","_links":{"self":[{"href":"https:\/\/radiorevelacionfm.cl\/index.php?rest_route=\/wp\/v2\/posts\/7268","targetHints":{"allow":["GET"]}}],"collection":[{"href":"https:\/\/radiorevelacionfm.cl\/index.php?rest_route=\/wp\/v2\/posts"}],"about":[{"href":"https:\/\/radiorevelacionfm.cl\/index.php?rest_route=\/wp\/v2\/types\/post"}],"author":[{"embeddable":true,"href":"https:\/\/radiorevelacionfm.cl\/index.php?rest_route=\/wp\/v2\/users\/1"}],"replies":[{"embeddable":true,"href":"https:\/\/radiorevelacionfm.cl\/index.php?rest_route=%2Fwp%2Fv2%2Fcomments&post=7268"}],"version-history":[{"count":2,"href":"https:\/\/radiorevelacionfm.cl\/index.php?rest_route=\/wp\/v2\/posts\/7268\/revisions"}],"predecessor-version":[{"id":7271,"href":"https:\/\/radiorevelacionfm.cl\/index.php?rest_route=\/wp\/v2\/posts\/7268\/revisions\/7271"}],"wp:featuredmedia":[{"embeddable":true,"href":"https:\/\/radiorevelacionfm.cl\/index.php?rest_route=\/wp\/v2\/media\/7269"}],"wp:attachment":[{"href":"https:\/\/radiorevelacionfm.cl\/index.php?rest_route=%2Fwp%2Fv2%2Fmedia&parent=7268"}],"wp:term":[{"taxonomy":"category","embeddable":true,"href":"https:\/\/radiorevelacionfm.cl\/index.php?rest_route=%2Fwp%2Fv2%2Fcategories&post=7268"},{"taxonomy":"post_tag","embeddable":true,"href":"https:\/\/radiorevelacionfm.cl\/index.php?rest_route=%2Fwp%2Fv2%2Ftags&post=7268"}],"curies":[{"name":"wp","href":"https:\/\/api.w.org\/{rel}","templated":true}]}}