{"id":7262,"date":"2021-08-09T18:27:32","date_gmt":"2021-08-09T21:27:32","guid":{"rendered":"https:\/\/radiorevelacionfm.cl\/?p=7262"},"modified":"2021-08-09T18:45:31","modified_gmt":"2021-08-09T21:45:31","slug":"corte-ordena-eliminar-de-redes-sociales-publicaciones-difamatorias-contra-alcalde-de-guaitecas","status":"publish","type":"post","link":"https:\/\/radiorevelacionfm.cl\/?p=7262","title":{"rendered":"Corte ordena eliminar de redes sociales publicaciones difamatorias contra alcalde de Guaitecas"},"content":{"rendered":"<div class=\"flex_column av_one_full  flex_column_div av-zero-column-padding first  avia-builder-el-0  el_before_av_one_full  avia-builder-el-first  \" style='border-radius:0px; '><div  class='avia-image-container  av-styling-    avia-builder-el-1  avia-builder-el-no-sibling  avia-align-center '  itemprop=\"image\" itemscope=\"itemscope\" itemtype=\"https:\/\/schema.org\/ImageObject\"  ><div class='avia-image-container-inner'><div class='avia-image-overlay-wrap'><img decoding=\"async\" class='wp-image-7265 avia-img-lazy-loading-not-7265 avia_image' src=\"https:\/\/radiorevelacionfm.cl\/wp-content\/uploads\/2021\/08\/Alcalde-Melinka1-1-1.jpg\" alt='' title='Alcalde Melinka1 (1) (1)' height=\"600\" width=\"1119\"  itemprop=\"thumbnailUrl\" srcset=\"https:\/\/radiorevelacionfm.cl\/wp-content\/uploads\/2021\/08\/Alcalde-Melinka1-1-1.jpg 1119w, https:\/\/radiorevelacionfm.cl\/wp-content\/uploads\/2021\/08\/Alcalde-Melinka1-1-1-300x161.jpg 300w, https:\/\/radiorevelacionfm.cl\/wp-content\/uploads\/2021\/08\/Alcalde-Melinka1-1-1-1030x552.jpg 1030w, https:\/\/radiorevelacionfm.cl\/wp-content\/uploads\/2021\/08\/Alcalde-Melinka1-1-1-768x412.jpg 768w, https:\/\/radiorevelacionfm.cl\/wp-content\/uploads\/2021\/08\/Alcalde-Melinka1-1-1-705x378.jpg 705w, https:\/\/radiorevelacionfm.cl\/wp-content\/uploads\/2021\/08\/Alcalde-Melinka1-1-1-600x322.jpg 600w\" sizes=\"(max-width: 1119px) 100vw, 1119px\" \/><\/div><\/div><\/div><\/div><div class=\"flex_column av_one_full  flex_column_div av-zero-column-padding first  avia-builder-el-2  el_after_av_one_full  el_before_av_one_full  column-top-margin\" style='border-radius:0px; '><section class=\"av_textblock_section \"  itemscope=\"itemscope\" itemtype=\"https:\/\/schema.org\/BlogPosting\" itemprop=\"blogPost\" ><div class='avia_textblock  '   itemprop=\"text\" ><p style=\"text-align: center;\"><span style=\"font-size: 18pt;\"><strong>Corte ordena eliminar de redes sociales publicaciones difamatorias contra alcalde de Guaitecas<\/strong><\/span><\/p>\n<div id=\"gtx-trans\" style=\"position: absolute; left: -50px; top: 4.31534px;\">\n<div class=\"gtx-trans-icon\"><\/div>\n<\/div>\n<\/div><\/section><\/div><\/p>\n<div class=\"flex_column av_one_full  flex_column_div av-zero-column-padding first  avia-builder-el-4  el_after_av_one_full  el_before_av_hr  column-top-margin\" style='border-radius:0px; '><section class=\"av_textblock_section \"  itemscope=\"itemscope\" itemtype=\"https:\/\/schema.org\/BlogPosting\" itemprop=\"blogPost\" ><div class='avia_textblock  '   itemprop=\"text\" ><p style=\"font-weight: 400; text-align: justify;\">La Corte de Apelaciones de Coyhaique acogi\u00f3 el recurso de protecci\u00f3n deducido por el alcalde de Guaitecas y le orden\u00f3 a los recurridos proceder a eliminar las publicaciones y comentarios difamatorios que subieron a Facebook y Whatsapp en mayo de 2021, en contra del edil.<\/p>\n<p style=\"font-weight: 400; text-align: justify;\">En fallo un\u00e1nime (causa rol 269-2021), la Primera Sala del tribunal de alzada \u2013integrada por los ministros Natalia Rencoret Oliva, Pedro Castro Espinoza y Jos\u00e9 Ignacio Mora Trujillo\u2013 conden\u00f3 en costas a los recurridos y le orden\u00f3 abstenerse de incurrir, nuevamente, en acciones similares por cualquier medio de comunicaci\u00f3n, redes sociales u otra forma de difusi\u00f3n masiva.<\/p>\n<p style=\"font-weight: 400; text-align: justify;\">\u00abQue, el recurrente ha hecho consistir el acto arbitrario o ilegal en las publicaciones que los recurridos han realizado en internet, espec\u00edficamente en las redes sociales Facebook y Whatsapp, las que han tenido por finalidad la propagaci\u00f3n de mensajes de difamaci\u00f3n, denostaci\u00f3n, odio y que incluso plantean la comisi\u00f3n de delitos, sin embargo, tales acusaciones son totalmente infundadas debido a que al d\u00eda de hoy, no existe investigaci\u00f3n de ning\u00fan tipo en contra del recurrente\u00bb, sostiene el fallo.<\/p>\n<p style=\"font-weight: 400; text-align: justify;\">La resoluci\u00f3n agrega: \u201cQue, en consecuencia, se acceder\u00e1 a las peticiones contenidas en el recurso, a excepci\u00f3n de la solicitud del recurrente consistente en que se ordene a los\u00a0recurridos a emitir disculpas p\u00fablicas, desde que ello escapa a la naturaleza cautelar de la presente acci\u00f3n constitucional\u201d.<\/p>\n<p style=\"font-weight: 400; text-align: justify;\">Por tanto, se resuelve que: \u00ab<strong>SE ACOGE<\/strong>\u00a0el recurso de protecci\u00f3n deducido en lo principal de la presentaci\u00f3n de fecha 16 de junio del a\u00f1o 2021, por Marco Rafael Silva Miranda, en contra de P\u00eda Ignacia Meneses Mart\u00ednez y de Aar\u00f3n Isaac Rain Agu\u0308ero y en consecuencia, se ordena a los recurridos que procedan a eliminar, en el sitio web denominado Facebook y en la aplicaci\u00f3n Whatsapp, seg\u00fan el caso, todo comentario y expresi\u00f3n directa e indirecta que hayan efectuado respecto de Marco Rafael Silva Miranda; y se abstengan en forma inmediata de incurrir nuevamente en publicaciones de ese tipo, por cualquier medio de comunicaci\u00f3n social, redes sociales u otra forma de difusi\u00f3n masiva\u201d.<\/p>\n<\/div><\/section><\/div>\n<div  style='height:50px' class='hr hr-invisible   avia-builder-el-6  el_after_av_one_full  el_before_av_social_share '><span class='hr-inner ' ><span class='hr-inner-style'><\/span><\/span><\/div>\n<div  class='av-social-sharing-box  avia-builder-el-7  el_after_av_hr  el_before_av_hr  '><div class='av-share-box'><h5 class='av-share-link-description av-no-toc '>Compartir esta noticia<\/h5><ul class='av-share-box-list noLightbox'><li class='av-share-link av-social-link-facebook' ><a target=\"_blank\" aria-label=\"Compartir en Facebook\" href='https:\/\/www.facebook.com\/sharer.php?u=https:\/\/radiorevelacionfm.cl\/?p=7262&#038;t=Corte%20ordena%20eliminar%20de%20redes%20sociales%20publicaciones%20difamatorias%20contra%20alcalde%20de%20Guaitecas' aria-hidden='false' data-av_icon='\ue8f3' data-av_iconfont='entypo-fontello' title='' data-avia-related-tooltip='Compartir en Facebook' rel=\"noopener\"><span class='avia_hidden_link_text'>Compartir en Facebook<\/span><\/a><\/li><li class='av-share-link av-social-link-twitter' ><a target=\"_blank\" aria-label=\"Compartir en Twitter\" href='https:\/\/twitter.com\/share?text=Corte%20ordena%20eliminar%20de%20redes%20sociales%20publicaciones%20difamatorias%20contra%20alcalde%20de%20Guaitecas&#038;url=https:\/\/radiorevelacionfm.cl\/?p=7262' aria-hidden='false' data-av_icon='\ue8f1' data-av_iconfont='entypo-fontello' title='' data-avia-related-tooltip='Compartir en Twitter' rel=\"noopener\"><span class='avia_hidden_link_text'>Compartir en Twitter<\/span><\/a><\/li><li class='av-share-link av-social-link-whatsapp' ><a target=\"_blank\" aria-label=\"Compartir en Whatsapp\" href='https:\/\/api.whatsapp.com\/send?text=https:\/\/radiorevelacionfm.cl\/?p=7262' aria-hidden='false' data-av_icon='\uf232' data-av_iconfont='entypo-fontello' title='' data-avia-related-tooltip='Compartir en Whatsapp' rel=\"noopener\"><span class='avia_hidden_link_text'>Compartir en Whatsapp<\/span><\/a><\/li><li class='av-share-link av-social-link-linkedin' ><a target=\"_blank\" aria-label=\"Compartir en LinkedIn\" href='https:\/\/linkedin.com\/shareArticle?mini=true&#038;title=Corte%20ordena%20eliminar%20de%20redes%20sociales%20publicaciones%20difamatorias%20contra%20alcalde%20de%20Guaitecas&#038;url=https:\/\/radiorevelacionfm.cl\/?p=7262' aria-hidden='false' data-av_icon='\ue8fc' data-av_iconfont='entypo-fontello' title='' data-avia-related-tooltip='Compartir en LinkedIn' rel=\"noopener\"><span class='avia_hidden_link_text'>Compartir en LinkedIn<\/span><\/a><\/li><li class='av-share-link av-social-link-mail' ><a  aria-label=\"Compartir por correo\" href='mailto:?subject=Corte%20ordena%20eliminar%20de%20redes%20sociales%20publicaciones%20difamatorias%20contra%20alcalde%20de%20Guaitecas&#038;body=https:\/\/radiorevelacionfm.cl\/?p=7262' aria-hidden='false' data-av_icon='\ue805' data-av_iconfont='entypo-fontello' title='' data-avia-related-tooltip='Compartir por correo'><span class='avia_hidden_link_text'>Compartir por correo<\/span><\/a><\/li><\/ul><\/div><\/div>\n<div  style='height:50px' class='hr hr-invisible   avia-builder-el-8  el_after_av_social_share  el_before_av_comments_list '><span class='hr-inner ' ><span class='hr-inner-style'><\/span><\/span><\/div>\n<div  class='av-buildercomment  av-blog-meta-html-info-disabled av-blog-meta-tag-disabled  '><\/div>\n","protected":false},"excerpt":{"rendered":"","protected":false},"author":1,"featured_media":7265,"comment_status":"open","ping_status":"open","sticky":false,"template":"","format":"standard","meta":{"footnotes":""},"categories":[55],"tags":[],"class_list":["post-7262","post","type-post","status-publish","format-standard","has-post-thumbnail","hentry","category-justicia"],"jetpack_featured_media_url":"https:\/\/radiorevelacionfm.cl\/wp-content\/uploads\/2021\/08\/Alcalde-Melinka1-1-1.jpg","_links":{"self":[{"href":"https:\/\/radiorevelacionfm.cl\/index.php?rest_route=\/wp\/v2\/posts\/7262","targetHints":{"allow":["GET"]}}],"collection":[{"href":"https:\/\/radiorevelacionfm.cl\/index.php?rest_route=\/wp\/v2\/posts"}],"about":[{"href":"https:\/\/radiorevelacionfm.cl\/index.php?rest_route=\/wp\/v2\/types\/post"}],"author":[{"embeddable":true,"href":"https:\/\/radiorevelacionfm.cl\/index.php?rest_route=\/wp\/v2\/users\/1"}],"replies":[{"embeddable":true,"href":"https:\/\/radiorevelacionfm.cl\/index.php?rest_route=%2Fwp%2Fv2%2Fcomments&post=7262"}],"version-history":[{"count":3,"href":"https:\/\/radiorevelacionfm.cl\/index.php?rest_route=\/wp\/v2\/posts\/7262\/revisions"}],"predecessor-version":[{"id":7267,"href":"https:\/\/radiorevelacionfm.cl\/index.php?rest_route=\/wp\/v2\/posts\/7262\/revisions\/7267"}],"wp:featuredmedia":[{"embeddable":true,"href":"https:\/\/radiorevelacionfm.cl\/index.php?rest_route=\/wp\/v2\/media\/7265"}],"wp:attachment":[{"href":"https:\/\/radiorevelacionfm.cl\/index.php?rest_route=%2Fwp%2Fv2%2Fmedia&parent=7262"}],"wp:term":[{"taxonomy":"category","embeddable":true,"href":"https:\/\/radiorevelacionfm.cl\/index.php?rest_route=%2Fwp%2Fv2%2Fcategories&post=7262"},{"taxonomy":"post_tag","embeddable":true,"href":"https:\/\/radiorevelacionfm.cl\/index.php?rest_route=%2Fwp%2Fv2%2Ftags&post=7262"}],"curies":[{"name":"wp","href":"https:\/\/api.w.org\/{rel}","templated":true}]}}