{"id":7259,"date":"2021-08-09T17:06:40","date_gmt":"2021-08-09T20:06:40","guid":{"rendered":"https:\/\/radiorevelacionfm.cl\/?p=7259"},"modified":"2021-08-09T17:06:40","modified_gmt":"2021-08-09T20:06:40","slug":"comuna-de-cisnes-y-coyhaique-se-adjudicaron-fondo-nacional-de-seguridad-publica-2021","status":"publish","type":"post","link":"https:\/\/radiorevelacionfm.cl\/?p=7259","title":{"rendered":"Comuna de Cisnes y Coyhaique se adjudicaron Fondo Nacional de Seguridad P\u00fablica 2021"},"content":{"rendered":"<div class=\"flex_column av_one_full  flex_column_div av-zero-column-padding first  avia-builder-el-0  el_before_av_one_full  avia-builder-el-first  \" style='border-radius:0px; '><div  class='avia-image-container  av-styling-    avia-builder-el-1  avia-builder-el-no-sibling  avia-align-center '  itemprop=\"image\" itemscope=\"itemscope\" itemtype=\"https:\/\/schema.org\/ImageObject\"  ><div class='avia-image-container-inner'><div class='avia-image-overlay-wrap'><img decoding=\"async\" class='wp-image-7260 avia-img-lazy-loading-not-7260 avia_image' src=\"https:\/\/radiorevelacionfm.cl\/wp-content\/uploads\/2021\/08\/cisnes-plaza-1_optimized.jpg\" alt='' title='cisnes-plaza-(1)_optimized' height=\"600\" width=\"1067\"  itemprop=\"thumbnailUrl\" srcset=\"https:\/\/radiorevelacionfm.cl\/wp-content\/uploads\/2021\/08\/cisnes-plaza-1_optimized.jpg 1067w, https:\/\/radiorevelacionfm.cl\/wp-content\/uploads\/2021\/08\/cisnes-plaza-1_optimized-300x169.jpg 300w, https:\/\/radiorevelacionfm.cl\/wp-content\/uploads\/2021\/08\/cisnes-plaza-1_optimized-1030x579.jpg 1030w, https:\/\/radiorevelacionfm.cl\/wp-content\/uploads\/2021\/08\/cisnes-plaza-1_optimized-768x432.jpg 768w, https:\/\/radiorevelacionfm.cl\/wp-content\/uploads\/2021\/08\/cisnes-plaza-1_optimized-705x396.jpg 705w, https:\/\/radiorevelacionfm.cl\/wp-content\/uploads\/2021\/08\/cisnes-plaza-1_optimized-600x337.jpg 600w\" sizes=\"(max-width: 1067px) 100vw, 1067px\" \/><\/div><\/div><\/div><\/div><div class=\"flex_column av_one_full  flex_column_div av-zero-column-padding first  avia-builder-el-2  el_after_av_one_full  el_before_av_one_full  column-top-margin\" style='border-radius:0px; '><section class=\"av_textblock_section \"  itemscope=\"itemscope\" itemtype=\"https:\/\/schema.org\/BlogPosting\" itemprop=\"blogPost\" ><div class='avia_textblock  '   itemprop=\"text\" ><p style=\"text-align: center;\"><strong><span style=\"font-size: 18pt;\">Comuna de Cisnes y Coyhaique se adjudicaron Fondo Nacional de Seguridad P\u00fablica 2021 <\/span><\/strong><\/p>\n<div id=\"gtx-trans\" style=\"position: absolute; left: -50px; top: 4.31534px;\">\n<div class=\"gtx-trans-icon\"><\/div>\n<\/div>\n<\/div><\/section><\/div><div class=\"flex_column av_one_full  flex_column_div av-zero-column-padding first  avia-builder-el-4  el_after_av_one_full  el_before_av_hr  column-top-margin\" style='border-radius:0px; '><section class=\"av_textblock_section \"  itemscope=\"itemscope\" itemtype=\"https:\/\/schema.org\/BlogPosting\" itemprop=\"blogPost\" ><div class='avia_textblock  '   itemprop=\"text\" ><p style=\"text-align: justify;\">Como cada a\u00f1o, la Subsecretar\u00eda de Prevenci\u00f3n del Delito dio a conocer el listado de ganadores de la versi\u00f3n 2021 del Fondo Nacional de Seguridad P\u00fablica. Este programa entrega, hace m\u00e1s de una d\u00e9cada, recursos y apoyo t\u00e9cnico a organizaciones sociales y municipios para el desarrollo de iniciativas para la prevenci\u00f3n de la violencia y el delito a nivel nacional.<\/p>\n<p style=\"text-align: justify;\">En lo que respecta a la Regi\u00f3n Ays\u00e9n, dos proyectos resultaron ganadores, que en su conjunto recibir\u00e1n una inversi\u00f3n de m\u00e1s de $64 millones de pesos. Los municipios de Cisnes y Coyhaique podr\u00e1n financiar y ejecutar sus iniciativas, que consisten en luminarias y recuperaci\u00f3n de espacios p\u00fablicos respectivamente.<\/p>\n<p style=\"text-align: justify;\">Al respecto, el Coordinador Regional de la SPD, Rodrigo Solo de Zald\u00edvar, sostuvo que \u201cestamos muy contentos con la participaci\u00f3n de las diferentes comunas de la regi\u00f3n en la postulaci\u00f3n al Fondo Nacional de Seguridad P\u00fablica, donde por primera vez se han adjudicado este fondo dos comunas, Coyhaique y Cisnes, las cuales podr\u00e1n mejorar su calidad de vida y, sobre todo, la percepci\u00f3n de seguridad de las personas, que finalmente es nuestra prioridad como Subsecretar\u00eda\u201d.<\/p>\n<p style=\"text-align: justify;\">Cabe mencionar que, adem\u00e1s de los recursos, los ganadores ser\u00e1n acompa\u00f1ados por equipos especializados de la Subsecretar\u00eda de Prevenci\u00f3n del Delito a fin de velar por que cada proyecto cumpla con los m\u00e1s altos est\u00e1ndares de calidad y genere un impacto real en la seguridad de cada territorio.<\/p>\n<p style=\"text-align: justify;\">El alcalde de Coyhaique, Carlos Gatica, se\u00f1al\u00f3 enf\u00e1tico que \u201cla seguridad en Coyhaique es un tesoro que nosotros no vamos a dejar escapar, es por ello que debemos trabajar todos juntos e involucrarnos. Proyectos como el que nos hemos adjudicado recientemente nos ayudan mucho a eso, a perseguir este objetivo tan noble como lo es vivir seguros en nuestra comuna\u201d.<\/p>\n<p style=\"text-align: justify;\">El concurso 2021 se desarroll\u00f3 de manera 100% online y se entregaron distintas facilidades a los postulantes, atendiendo a la situaci\u00f3n sanitaria que atraviesa el pa\u00eds producto de la pandemia por Covid-19. A su vez, y con el objetivo de que los recursos de FNSP beneficiaran a todo el pa\u00eds, se determin\u00f3 que entre los ganadores hubiese al menos un proyecto por cada regi\u00f3n y que m\u00ednimo uno correspondiera a organizaciones sociales sin fines de lucro.<\/p>\n<p style=\"text-align: justify;\">A nivel nacional, el Fondo Nacional de Seguridad P\u00fablica entreg\u00f3 m\u00e1s de $2.700 millones y premi\u00f3 85 iniciativas de Arica a Magallanes, las que se suman a los m\u00e1s de 1.000 proyectos que este programa de la Subsecretar\u00eda de Prevenci\u00f3n del Delito ha financiado desde su creaci\u00f3n en el a\u00f1o 2010. El listado completo de ganadores se puede consultar en <a href=\"http:\/\/www.fnsp.cl\">www.fnsp.cl<\/a><\/p>\n<\/div><\/section><\/div><div  style='height:50px' class='hr hr-invisible   avia-builder-el-6  el_after_av_one_full  el_before_av_social_share '><span class='hr-inner ' ><span class='hr-inner-style'><\/span><\/span><\/div><\/p>\n<div  class='av-social-sharing-box  avia-builder-el-7  el_after_av_hr  el_before_av_hr  '><div class='av-share-box'><h5 class='av-share-link-description av-no-toc '>Compartir esta noticia<\/h5><ul class='av-share-box-list noLightbox'><li class='av-share-link av-social-link-facebook' ><a target=\"_blank\" aria-label=\"Compartir en Facebook\" href='https:\/\/www.facebook.com\/sharer.php?u=https:\/\/radiorevelacionfm.cl\/?p=7259&#038;t=Comuna%20de%20Cisnes%20y%20Coyhaique%20se%20adjudicaron%20Fondo%20Nacional%20de%20Seguridad%20P%C3%BAblica%202021' aria-hidden='false' data-av_icon='\ue8f3' data-av_iconfont='entypo-fontello' title='' data-avia-related-tooltip='Compartir en Facebook' rel=\"noopener\"><span class='avia_hidden_link_text'>Compartir en Facebook<\/span><\/a><\/li><li class='av-share-link av-social-link-twitter' ><a target=\"_blank\" aria-label=\"Compartir en Twitter\" href='https:\/\/twitter.com\/share?text=Comuna%20de%20Cisnes%20y%20Coyhaique%20se%20adjudicaron%20Fondo%20Nacional%20de%20Seguridad%20P%C3%BAblica%202021&#038;url=https:\/\/radiorevelacionfm.cl\/?p=7259' aria-hidden='false' data-av_icon='\ue8f1' data-av_iconfont='entypo-fontello' title='' data-avia-related-tooltip='Compartir en Twitter' rel=\"noopener\"><span class='avia_hidden_link_text'>Compartir en Twitter<\/span><\/a><\/li><li class='av-share-link av-social-link-whatsapp' ><a target=\"_blank\" aria-label=\"Compartir en Whatsapp\" href='https:\/\/api.whatsapp.com\/send?text=https:\/\/radiorevelacionfm.cl\/?p=7259' aria-hidden='false' data-av_icon='\uf232' data-av_iconfont='entypo-fontello' title='' data-avia-related-tooltip='Compartir en Whatsapp' rel=\"noopener\"><span class='avia_hidden_link_text'>Compartir en Whatsapp<\/span><\/a><\/li><li class='av-share-link av-social-link-linkedin' ><a target=\"_blank\" aria-label=\"Compartir en LinkedIn\" href='https:\/\/linkedin.com\/shareArticle?mini=true&#038;title=Comuna%20de%20Cisnes%20y%20Coyhaique%20se%20adjudicaron%20Fondo%20Nacional%20de%20Seguridad%20P%C3%BAblica%202021&#038;url=https:\/\/radiorevelacionfm.cl\/?p=7259' aria-hidden='false' data-av_icon='\ue8fc' data-av_iconfont='entypo-fontello' title='' data-avia-related-tooltip='Compartir en LinkedIn' rel=\"noopener\"><span class='avia_hidden_link_text'>Compartir en LinkedIn<\/span><\/a><\/li><li class='av-share-link av-social-link-mail' ><a  aria-label=\"Compartir por correo\" href='mailto:?subject=Comuna%20de%20Cisnes%20y%20Coyhaique%20se%20adjudicaron%20Fondo%20Nacional%20de%20Seguridad%20P%C3%BAblica%202021&#038;body=https:\/\/radiorevelacionfm.cl\/?p=7259' aria-hidden='false' data-av_icon='\ue805' data-av_iconfont='entypo-fontello' title='' data-avia-related-tooltip='Compartir por correo'><span class='avia_hidden_link_text'>Compartir por correo<\/span><\/a><\/li><\/ul><\/div><\/div>\n<div  style='height:50px' class='hr hr-invisible   avia-builder-el-8  el_after_av_social_share  el_before_av_comments_list '><span class='hr-inner ' ><span class='hr-inner-style'><\/span><\/span><\/div>\n<div  class='av-buildercomment  av-blog-meta-html-info-disabled av-blog-meta-tag-disabled  '><\/div>\n","protected":false},"excerpt":{"rendered":"","protected":false},"author":1,"featured_media":7260,"comment_status":"open","ping_status":"open","sticky":false,"template":"","format":"standard","meta":{"footnotes":""},"categories":[38],"tags":[],"class_list":["post-7259","post","type-post","status-publish","format-standard","has-post-thumbnail","hentry","category-regional"],"jetpack_featured_media_url":"https:\/\/radiorevelacionfm.cl\/wp-content\/uploads\/2021\/08\/cisnes-plaza-1_optimized.jpg","_links":{"self":[{"href":"https:\/\/radiorevelacionfm.cl\/index.php?rest_route=\/wp\/v2\/posts\/7259","targetHints":{"allow":["GET"]}}],"collection":[{"href":"https:\/\/radiorevelacionfm.cl\/index.php?rest_route=\/wp\/v2\/posts"}],"about":[{"href":"https:\/\/radiorevelacionfm.cl\/index.php?rest_route=\/wp\/v2\/types\/post"}],"author":[{"embeddable":true,"href":"https:\/\/radiorevelacionfm.cl\/index.php?rest_route=\/wp\/v2\/users\/1"}],"replies":[{"embeddable":true,"href":"https:\/\/radiorevelacionfm.cl\/index.php?rest_route=%2Fwp%2Fv2%2Fcomments&post=7259"}],"version-history":[{"count":1,"href":"https:\/\/radiorevelacionfm.cl\/index.php?rest_route=\/wp\/v2\/posts\/7259\/revisions"}],"predecessor-version":[{"id":7261,"href":"https:\/\/radiorevelacionfm.cl\/index.php?rest_route=\/wp\/v2\/posts\/7259\/revisions\/7261"}],"wp:featuredmedia":[{"embeddable":true,"href":"https:\/\/radiorevelacionfm.cl\/index.php?rest_route=\/wp\/v2\/media\/7260"}],"wp:attachment":[{"href":"https:\/\/radiorevelacionfm.cl\/index.php?rest_route=%2Fwp%2Fv2%2Fmedia&parent=7259"}],"wp:term":[{"taxonomy":"category","embeddable":true,"href":"https:\/\/radiorevelacionfm.cl\/index.php?rest_route=%2Fwp%2Fv2%2Fcategories&post=7259"},{"taxonomy":"post_tag","embeddable":true,"href":"https:\/\/radiorevelacionfm.cl\/index.php?rest_route=%2Fwp%2Fv2%2Ftags&post=7259"}],"curies":[{"name":"wp","href":"https:\/\/api.w.org\/{rel}","templated":true}]}}