{"id":7249,"date":"2021-08-09T14:13:59","date_gmt":"2021-08-09T17:13:59","guid":{"rendered":"https:\/\/radiorevelacionfm.cl\/?p=7249"},"modified":"2021-08-09T14:24:35","modified_gmt":"2021-08-09T17:24:35","slug":"organizacion-oncologica-caricias-para-el-alma-aboga-por-un-centro-de-tratamientos-en-aysen","status":"publish","type":"post","link":"https:\/\/radiorevelacionfm.cl\/?p=7249","title":{"rendered":"Organizaci\u00f3n \u00abCaricias para el Alma\u00bb aboga por un Centro Oncol\u00f3gico para Ays\u00e9n"},"content":{"rendered":"<div class=\"flex_column av_one_full  flex_column_div av-zero-column-padding first  avia-builder-el-0  el_before_av_one_full  avia-builder-el-first  \" style='border-radius:0px; '><div  class='avia-image-container  av-styling-    avia-builder-el-1  avia-builder-el-no-sibling  avia-align-center '  itemprop=\"image\" itemscope=\"itemscope\" itemtype=\"https:\/\/schema.org\/ImageObject\"  ><div class='avia-image-container-inner'><div class='avia-image-overlay-wrap'><img decoding=\"async\" class='wp-image-7250 avia-img-lazy-loading-not-7250 avia_image' src=\"https:\/\/radiorevelacionfm.cl\/wp-content\/uploads\/2021\/08\/IMG-caricias-1-1.jpg\" alt='' title='IMG-caricias (1) (1)' height=\"600\" width=\"1064\"  itemprop=\"thumbnailUrl\" srcset=\"https:\/\/radiorevelacionfm.cl\/wp-content\/uploads\/2021\/08\/IMG-caricias-1-1.jpg 1064w, https:\/\/radiorevelacionfm.cl\/wp-content\/uploads\/2021\/08\/IMG-caricias-1-1-300x169.jpg 300w, https:\/\/radiorevelacionfm.cl\/wp-content\/uploads\/2021\/08\/IMG-caricias-1-1-1030x581.jpg 1030w, https:\/\/radiorevelacionfm.cl\/wp-content\/uploads\/2021\/08\/IMG-caricias-1-1-768x433.jpg 768w, https:\/\/radiorevelacionfm.cl\/wp-content\/uploads\/2021\/08\/IMG-caricias-1-1-705x398.jpg 705w, https:\/\/radiorevelacionfm.cl\/wp-content\/uploads\/2021\/08\/IMG-caricias-1-1-600x338.jpg 600w\" sizes=\"(max-width: 1064px) 100vw, 1064px\" \/><\/div><\/div><\/div><\/div>\n<div class=\"flex_column av_one_full  flex_column_div av-zero-column-padding first  avia-builder-el-2  el_after_av_one_full  el_before_av_one_full  column-top-margin\" style='border-radius:0px; '><section class=\"av_textblock_section \"  itemscope=\"itemscope\" itemtype=\"https:\/\/schema.org\/BlogPosting\" itemprop=\"blogPost\" ><div class='avia_textblock  '   itemprop=\"text\" ><p style=\"text-align: center;\"><strong><span style=\"font-size: 18pt;\">Organizaci\u00f3n \u00abCaricias para el Alma\u00bb aboga por un Centro Oncol\u00f3gico para Ays\u00e9n<\/span><\/strong><\/p>\n<div id=\"gtx-trans\" style=\"position: absolute; left: -50px; top: 4.31534px;\">\n<div class=\"gtx-trans-icon\"><\/div>\n<\/div>\n<\/div><\/section><\/div><div class=\"flex_column av_one_full  flex_column_div av-zero-column-padding first  avia-builder-el-4  el_after_av_one_full  el_before_av_hr  column-top-margin\" style='border-radius:0px; '><section class=\"av_textblock_section \"  itemscope=\"itemscope\" itemtype=\"https:\/\/schema.org\/BlogPosting\" itemprop=\"blogPost\" ><div class='avia_textblock  '   itemprop=\"text\" ><p style=\"text-align: justify;\">Con el objetivo de fortalecer una uni\u00f3n con el municipio aysenino, la agrupaci\u00f3n oncol\u00f3gica \u201cCaricias para el Alma\u201d lleg\u00f3 hasta el despacho del alcalde Julio Uribe, y expuso entre otras materias uno de sus principales anhelos, concretar el Centro comprometido hace m\u00e1s dos a\u00f1os para dotar de prestaciones m\u00e9dicas a las personas con c\u00e1ncer en la regi\u00f3n de Ays\u00e9n. Situaci\u00f3n que tambi\u00e9n fue acogida por la primera autoridad quien valor\u00f3 el aporte de la organizaci\u00f3n y comprometi\u00f3 un trabajo en la materia.<\/p>\n<p style=\"text-align: justify;\">En este sentido, la primera autoridad de la comuna porte\u00f1a destac\u00f3 lo gratificante de contar con agrupaciones como Caricias para el Alma en cuanto a la importante contribuci\u00f3n que desarrollan en un tema tan relevante como lo es el c\u00e1ncer en la regi\u00f3n, \u201cuna de sus materias centrales est\u00e1 enfocada en tener un Centro Oncol\u00f3gico para Ays\u00e9n y este centro estaba comprometido desde el 2018 pero han tenido cero avance, por lo tanto solicitaron que pueda hacer gestiones para poder materializar esto tan anhelado por todos los pacientes y sus familiares que sufren estos trances y que tienen que viajar a Valdivia u otros lugares para poder tener su rehabilitaci\u00f3n o sus tratamientos\u201d.<\/p>\n<p style=\"text-align: justify;\">En el mismo punto, el alcalde de Ays\u00e9n a\u00f1adi\u00f3 que \u201ces importante poder contar con una Casa de Acogida para la gente que viene de la Isla o de otros lugares y que tienen este tipo de enfermedad donde puedan instalarse tal vez con la familia para poder ayudarlos a mitigar algunas situaciones, por lo tanto son varios los alcances que conversamos y esperar ser un aporte. Yo estoy muy disponible sobre todo en estas organizaciones que son sin fines de lucro y que hacen una labor tan buena, brind\u00e1ndoles todas las herramientas que necesiten para su desarrollo\u201d.<\/p>\n<p style=\"text-align: justify;\">Por su parte, Pamela Navarrete, representante de la agrupaci\u00f3n \u201cCaricias para el Alma\u201d, junto con explicar lo abordado con el Edil aysenino y que forma parte de sus prioridades como la materializaci\u00f3n del Centro Oncol\u00f3gico para la regi\u00f3n, detall\u00f3 que en la actualidad la actual infraestructura sanitaria no se encuentra acorde a la demanda \u201centonces, efectivamente nosotros necesitamos contar con un espacio que responda a la realidad en materia de salud que tenemos en la regi\u00f3n, hay muchas personas enfermas de C\u00e1ncer de distintas edades y necesitamos brindar de manera sanitaria un mejor servicio con infraestructura, equipamiento y m\u00e1s especialistas\u201d, sentenci\u00f3 la dirigenta aysenina.<\/p>\n<\/div><\/section><\/div><\/p>\n<div  style='height:50px' class='hr hr-invisible   avia-builder-el-6  el_after_av_one_full  el_before_av_social_share '><span class='hr-inner ' ><span class='hr-inner-style'><\/span><\/span><\/div>\n<div  class='av-social-sharing-box  avia-builder-el-7  el_after_av_hr  el_before_av_hr  '><div class='av-share-box'><h5 class='av-share-link-description av-no-toc '>Compartir esta noticia<\/h5><ul class='av-share-box-list noLightbox'><li class='av-share-link av-social-link-facebook' ><a target=\"_blank\" aria-label=\"Compartir en Facebook\" href='https:\/\/www.facebook.com\/sharer.php?u=https:\/\/radiorevelacionfm.cl\/?p=7249&#038;t=Organizaci%C3%B3n%20%C2%ABCaricias%20para%20el%20Alma%C2%BB%20aboga%20por%20un%20Centro%20Oncol%C3%B3gico%20para%20Ays%C3%A9n' aria-hidden='false' data-av_icon='\ue8f3' data-av_iconfont='entypo-fontello' title='' data-avia-related-tooltip='Compartir en Facebook' rel=\"noopener\"><span class='avia_hidden_link_text'>Compartir en Facebook<\/span><\/a><\/li><li class='av-share-link av-social-link-twitter' ><a target=\"_blank\" aria-label=\"Compartir en Twitter\" href='https:\/\/twitter.com\/share?text=Organizaci%C3%B3n%20%C2%ABCaricias%20para%20el%20Alma%C2%BB%20aboga%20por%20un%20Centro%20Oncol%C3%B3gico%20para%20Ays%C3%A9n&#038;url=https:\/\/radiorevelacionfm.cl\/?p=7249' aria-hidden='false' data-av_icon='\ue8f1' data-av_iconfont='entypo-fontello' title='' data-avia-related-tooltip='Compartir en Twitter' rel=\"noopener\"><span class='avia_hidden_link_text'>Compartir en Twitter<\/span><\/a><\/li><li class='av-share-link av-social-link-whatsapp' ><a target=\"_blank\" aria-label=\"Compartir en Whatsapp\" href='https:\/\/api.whatsapp.com\/send?text=https:\/\/radiorevelacionfm.cl\/?p=7249' aria-hidden='false' data-av_icon='\uf232' data-av_iconfont='entypo-fontello' title='' data-avia-related-tooltip='Compartir en Whatsapp' rel=\"noopener\"><span class='avia_hidden_link_text'>Compartir en Whatsapp<\/span><\/a><\/li><li class='av-share-link av-social-link-linkedin' ><a target=\"_blank\" aria-label=\"Compartir en LinkedIn\" href='https:\/\/linkedin.com\/shareArticle?mini=true&#038;title=Organizaci%C3%B3n%20%C2%ABCaricias%20para%20el%20Alma%C2%BB%20aboga%20por%20un%20Centro%20Oncol%C3%B3gico%20para%20Ays%C3%A9n&#038;url=https:\/\/radiorevelacionfm.cl\/?p=7249' aria-hidden='false' data-av_icon='\ue8fc' data-av_iconfont='entypo-fontello' title='' data-avia-related-tooltip='Compartir en LinkedIn' rel=\"noopener\"><span class='avia_hidden_link_text'>Compartir en LinkedIn<\/span><\/a><\/li><li class='av-share-link av-social-link-mail' ><a  aria-label=\"Compartir por correo\" href='mailto:?subject=Organizaci%C3%B3n%20%C2%ABCaricias%20para%20el%20Alma%C2%BB%20aboga%20por%20un%20Centro%20Oncol%C3%B3gico%20para%20Ays%C3%A9n&#038;body=https:\/\/radiorevelacionfm.cl\/?p=7249' aria-hidden='false' data-av_icon='\ue805' data-av_iconfont='entypo-fontello' title='' data-avia-related-tooltip='Compartir por correo'><span class='avia_hidden_link_text'>Compartir por correo<\/span><\/a><\/li><\/ul><\/div><\/div>\n<div  style='height:50px' class='hr hr-invisible   avia-builder-el-8  el_after_av_social_share  el_before_av_comments_list '><span class='hr-inner ' ><span class='hr-inner-style'><\/span><\/span><\/div>\n<div  class='av-buildercomment  av-blog-meta-html-info-disabled av-blog-meta-tag-disabled  '><\/div>\n","protected":false},"excerpt":{"rendered":"","protected":false},"author":1,"featured_media":7250,"comment_status":"open","ping_status":"open","sticky":false,"template":"","format":"standard","meta":{"footnotes":""},"categories":[38],"tags":[],"class_list":["post-7249","post","type-post","status-publish","format-standard","has-post-thumbnail","hentry","category-regional"],"jetpack_featured_media_url":"https:\/\/radiorevelacionfm.cl\/wp-content\/uploads\/2021\/08\/IMG-caricias-1-1.jpg","_links":{"self":[{"href":"https:\/\/radiorevelacionfm.cl\/index.php?rest_route=\/wp\/v2\/posts\/7249","targetHints":{"allow":["GET"]}}],"collection":[{"href":"https:\/\/radiorevelacionfm.cl\/index.php?rest_route=\/wp\/v2\/posts"}],"about":[{"href":"https:\/\/radiorevelacionfm.cl\/index.php?rest_route=\/wp\/v2\/types\/post"}],"author":[{"embeddable":true,"href":"https:\/\/radiorevelacionfm.cl\/index.php?rest_route=\/wp\/v2\/users\/1"}],"replies":[{"embeddable":true,"href":"https:\/\/radiorevelacionfm.cl\/index.php?rest_route=%2Fwp%2Fv2%2Fcomments&post=7249"}],"version-history":[{"count":3,"href":"https:\/\/radiorevelacionfm.cl\/index.php?rest_route=\/wp\/v2\/posts\/7249\/revisions"}],"predecessor-version":[{"id":7253,"href":"https:\/\/radiorevelacionfm.cl\/index.php?rest_route=\/wp\/v2\/posts\/7249\/revisions\/7253"}],"wp:featuredmedia":[{"embeddable":true,"href":"https:\/\/radiorevelacionfm.cl\/index.php?rest_route=\/wp\/v2\/media\/7250"}],"wp:attachment":[{"href":"https:\/\/radiorevelacionfm.cl\/index.php?rest_route=%2Fwp%2Fv2%2Fmedia&parent=7249"}],"wp:term":[{"taxonomy":"category","embeddable":true,"href":"https:\/\/radiorevelacionfm.cl\/index.php?rest_route=%2Fwp%2Fv2%2Fcategories&post=7249"},{"taxonomy":"post_tag","embeddable":true,"href":"https:\/\/radiorevelacionfm.cl\/index.php?rest_route=%2Fwp%2Fv2%2Ftags&post=7249"}],"curies":[{"name":"wp","href":"https:\/\/api.w.org\/{rel}","templated":true}]}}