{"id":7240,"date":"2021-08-09T11:22:16","date_gmt":"2021-08-09T14:22:16","guid":{"rendered":"https:\/\/radiorevelacionfm.cl\/?p=7240"},"modified":"2021-08-09T11:22:16","modified_gmt":"2021-08-09T14:22:16","slug":"fundacion-ninos-primero-se-reune-con-alcalde-de-aysen-para-abordar-trabajo-colaborativo","status":"publish","type":"post","link":"https:\/\/radiorevelacionfm.cl\/?p=7240","title":{"rendered":"Fundaci\u00f3n Ni\u00f1os Primero se re\u00fane con alcalde de Ays\u00e9n para abordar trabajo colaborativo"},"content":{"rendered":"<div class=\"flex_column av_one_full  flex_column_div av-zero-column-padding first  avia-builder-el-0  el_before_av_one_full  avia-builder-el-first  \" style='border-radius:0px; '><div  class='avia-image-container  av-styling-    avia-builder-el-1  avia-builder-el-no-sibling  avia-align-center '  itemprop=\"image\" itemscope=\"itemscope\" itemtype=\"https:\/\/schema.org\/ImageObject\"  ><div class='avia-image-container-inner'><div class='avia-image-overlay-wrap'><img decoding=\"async\" class='wp-image-7242 avia-img-lazy-loading-not-7242 avia_image' src=\"https:\/\/radiorevelacionfm.cl\/wp-content\/uploads\/2021\/08\/img-ninosprimero1-1_optimized.jpeg\" alt='' title='img-ninosprimero1-(1)_optimized' height=\"600\" width=\"1067\"  itemprop=\"thumbnailUrl\" srcset=\"https:\/\/radiorevelacionfm.cl\/wp-content\/uploads\/2021\/08\/img-ninosprimero1-1_optimized.jpeg 1067w, https:\/\/radiorevelacionfm.cl\/wp-content\/uploads\/2021\/08\/img-ninosprimero1-1_optimized-300x169.jpeg 300w, https:\/\/radiorevelacionfm.cl\/wp-content\/uploads\/2021\/08\/img-ninosprimero1-1_optimized-1030x579.jpeg 1030w, https:\/\/radiorevelacionfm.cl\/wp-content\/uploads\/2021\/08\/img-ninosprimero1-1_optimized-768x432.jpeg 768w, https:\/\/radiorevelacionfm.cl\/wp-content\/uploads\/2021\/08\/img-ninosprimero1-1_optimized-705x396.jpeg 705w, https:\/\/radiorevelacionfm.cl\/wp-content\/uploads\/2021\/08\/img-ninosprimero1-1_optimized-600x337.jpeg 600w\" sizes=\"(max-width: 1067px) 100vw, 1067px\" \/><\/div><\/div><\/div><\/div><div class=\"flex_column av_one_full  flex_column_div av-zero-column-padding first  avia-builder-el-2  el_after_av_one_full  el_before_av_one_full  column-top-margin\" style='border-radius:0px; '><section class=\"av_textblock_section \"  itemscope=\"itemscope\" itemtype=\"https:\/\/schema.org\/BlogPosting\" itemprop=\"blogPost\" ><div class='avia_textblock  '   itemprop=\"text\" ><p style=\"text-align: center;\"><strong><span style=\"font-size: 18pt;\">Fundaci\u00f3n Ni\u00f1os Primero se re\u00fane con alcalde de Ays\u00e9n para abordar trabajo colaborativo <\/span><\/strong><\/p>\n<div id=\"gtx-trans\" style=\"position: absolute; left: -50px; top: 4.31534px;\">\n<div class=\"gtx-trans-icon\"><\/div>\n<\/div>\n<\/div><\/section><\/div><div class=\"flex_column av_one_full  flex_column_div av-zero-column-padding first  avia-builder-el-4  el_after_av_one_full  el_before_av_hr  column-top-margin\" style='border-radius:0px; '><section class=\"av_textblock_section \"  itemscope=\"itemscope\" itemtype=\"https:\/\/schema.org\/BlogPosting\" itemprop=\"blogPost\" ><div class='avia_textblock  '   itemprop=\"text\" ><p style=\"text-align: justify;\">Con el objetivo de coordinar acciones que permitan profundizar los ejes de acci\u00f3n que desarrolla la organizaci\u00f3n con los ni\u00f1os y ni\u00f1as de Ays\u00e9n, se present\u00f3 en el Edificio Consistorial de la comuna porte\u00f1a, la plana directiva de la Fundaci\u00f3n Ni\u00f1os Primero para sostener una reuni\u00f3n con el alcalde, Julio Uribe Alvarado. La instancia valorada por ambas partes, tuvo como punto central el aprendizaje y asesor\u00eda que fomenta la organizaci\u00f3n sin fines de lucro.<\/p>\n<p style=\"text-align: justify;\">Sobre el encuentro, la primera autoridad comunal de Ays\u00e9n agradeci\u00f3 la instancia generada por la fundaci\u00f3n que hoy se encuentra trabajando en 58 comunas de Chile, considerando Ays\u00e9n como una de ellas. Adem\u00e1s, el Edil enfatiz\u00f3 la ayudada brindada a trav\u00e9s del marco de acci\u00f3n que posee la organizaci\u00f3n que ha permitido contribuir con 100 familias ayseninas en condici\u00f3n de vulnerabilidad, entregando material de lectoescritura y desarrollo personal.<\/p>\n<p style=\"text-align: justify;\">A\u00f1adiendo que \u201cse presentaron y quer\u00edan ver que nosotros los pudi\u00e9ramos ayudar en un trabajo coordinado para detectar estas familias y que ellos puedan avanzar en sus estrategias de ayuda a las familias y a los ni\u00f1os, as\u00ed es que, contentos se fueron muy felices. Por mi parte tambi\u00e9n muy contento porque mientras ayuden a nuestras familias vulnerables y que sean fundaciones que vienen a aportar a nuestra comuna eso es muy importante y valorable para m\u00ed\u201d declar\u00f3 el alcalde Uribe.<\/p>\n<p style=\"text-align: justify;\">Por su parte, Anne Traub, directora ejecutiva y fundadora de Ni\u00f1os Primero, indic\u00f3 que \u201ctuvimos una muy grata y amena reuni\u00f3n con el alcalde y le agradecemos profundamente su compromiso con la educaci\u00f3n y sobre todo con la educaci\u00f3n temprana vamos a ponernos a disposici\u00f3n unos con los otros para trabajar conjuntamente y para armar un proyecto en que los ni\u00f1os que forman parte de nuestro trabajo de primera infancia que es educaci\u00f3n personalizada\u201d, en un trabajo focalizado con familias en situaci\u00f3n de vulnerabilidad que conlleva el fortalecimiento de las redes de apoyo institucional.<\/p>\n<p style=\"text-align: justify;\">Finalmente, tras ser consultada sobre el accionar de la fundaci\u00f3n, la directora Traub abord\u00f3 lo que desarrolla la organizaci\u00f3n con el Programa \u201cFamilias Power\u201d que busca instalar capacidades de aprendizaje en el n\u00facleo familiar con orientaci\u00f3n a la parentalidad positiva, \u201clo que hacemos es llevarles todas las semanas a los ni\u00f1os libros y juguetes a trav\u00e9s de los cuales una monitora que es una profesional experta de la Fundaci\u00f3n va guiando a la mam\u00e1, le va modelando, le va explicando a la mam\u00e1 c\u00f3mo trabajar los libros c\u00f3mo tener una mejor relaci\u00f3n con su hijo y c\u00f3mo desarrollar el aprendizaje de la lectoescritura y el juego con su hijo\u201d, sentenci\u00f3 la representante de la organizaci\u00f3n.<\/p>\n<\/div><\/section><\/div><div  style='height:50px' class='hr hr-invisible   avia-builder-el-6  el_after_av_one_full  el_before_av_social_share '><span class='hr-inner ' ><span class='hr-inner-style'><\/span><\/span><\/div><\/p>\n<div  class='av-social-sharing-box  avia-builder-el-7  el_after_av_hr  el_before_av_hr  '><div class='av-share-box'><h5 class='av-share-link-description av-no-toc '>Compartir esta noticia<\/h5><ul class='av-share-box-list noLightbox'><li class='av-share-link av-social-link-facebook' ><a target=\"_blank\" aria-label=\"Compartir en Facebook\" href='https:\/\/www.facebook.com\/sharer.php?u=https:\/\/radiorevelacionfm.cl\/?p=7240&#038;t=Fundaci%C3%B3n%20Ni%C3%B1os%20Primero%20se%20re%C3%BAne%20con%20alcalde%20de%20Ays%C3%A9n%20para%20abordar%20trabajo%20colaborativo' aria-hidden='false' data-av_icon='\ue8f3' data-av_iconfont='entypo-fontello' title='' data-avia-related-tooltip='Compartir en Facebook' rel=\"noopener\"><span class='avia_hidden_link_text'>Compartir en Facebook<\/span><\/a><\/li><li class='av-share-link av-social-link-twitter' ><a target=\"_blank\" aria-label=\"Compartir en Twitter\" href='https:\/\/twitter.com\/share?text=Fundaci%C3%B3n%20Ni%C3%B1os%20Primero%20se%20re%C3%BAne%20con%20alcalde%20de%20Ays%C3%A9n%20para%20abordar%20trabajo%20colaborativo&#038;url=https:\/\/radiorevelacionfm.cl\/?p=7240' aria-hidden='false' data-av_icon='\ue8f1' data-av_iconfont='entypo-fontello' title='' data-avia-related-tooltip='Compartir en Twitter' rel=\"noopener\"><span class='avia_hidden_link_text'>Compartir en Twitter<\/span><\/a><\/li><li class='av-share-link av-social-link-whatsapp' ><a target=\"_blank\" aria-label=\"Compartir en Whatsapp\" href='https:\/\/api.whatsapp.com\/send?text=https:\/\/radiorevelacionfm.cl\/?p=7240' aria-hidden='false' data-av_icon='\uf232' data-av_iconfont='entypo-fontello' title='' data-avia-related-tooltip='Compartir en Whatsapp' rel=\"noopener\"><span class='avia_hidden_link_text'>Compartir en Whatsapp<\/span><\/a><\/li><li class='av-share-link av-social-link-linkedin' ><a target=\"_blank\" aria-label=\"Compartir en LinkedIn\" href='https:\/\/linkedin.com\/shareArticle?mini=true&#038;title=Fundaci%C3%B3n%20Ni%C3%B1os%20Primero%20se%20re%C3%BAne%20con%20alcalde%20de%20Ays%C3%A9n%20para%20abordar%20trabajo%20colaborativo&#038;url=https:\/\/radiorevelacionfm.cl\/?p=7240' aria-hidden='false' data-av_icon='\ue8fc' data-av_iconfont='entypo-fontello' title='' data-avia-related-tooltip='Compartir en LinkedIn' rel=\"noopener\"><span class='avia_hidden_link_text'>Compartir en LinkedIn<\/span><\/a><\/li><li class='av-share-link av-social-link-mail' ><a  aria-label=\"Compartir por correo\" href='mailto:?subject=Fundaci%C3%B3n%20Ni%C3%B1os%20Primero%20se%20re%C3%BAne%20con%20alcalde%20de%20Ays%C3%A9n%20para%20abordar%20trabajo%20colaborativo&#038;body=https:\/\/radiorevelacionfm.cl\/?p=7240' aria-hidden='false' data-av_icon='\ue805' data-av_iconfont='entypo-fontello' title='' data-avia-related-tooltip='Compartir por correo'><span class='avia_hidden_link_text'>Compartir por correo<\/span><\/a><\/li><\/ul><\/div><\/div>\n<div  style='height:50px' class='hr hr-invisible   avia-builder-el-8  el_after_av_social_share  el_before_av_comments_list '><span class='hr-inner ' ><span class='hr-inner-style'><\/span><\/span><\/div>\n<div  class='av-buildercomment  av-blog-meta-html-info-disabled av-blog-meta-tag-disabled  '><\/div>\n","protected":false},"excerpt":{"rendered":"","protected":false},"author":1,"featured_media":7242,"comment_status":"open","ping_status":"open","sticky":false,"template":"","format":"standard","meta":{"footnotes":""},"categories":[38],"tags":[],"class_list":["post-7240","post","type-post","status-publish","format-standard","has-post-thumbnail","hentry","category-regional"],"jetpack_featured_media_url":"https:\/\/radiorevelacionfm.cl\/wp-content\/uploads\/2021\/08\/img-ninosprimero1-1_optimized.jpeg","_links":{"self":[{"href":"https:\/\/radiorevelacionfm.cl\/index.php?rest_route=\/wp\/v2\/posts\/7240","targetHints":{"allow":["GET"]}}],"collection":[{"href":"https:\/\/radiorevelacionfm.cl\/index.php?rest_route=\/wp\/v2\/posts"}],"about":[{"href":"https:\/\/radiorevelacionfm.cl\/index.php?rest_route=\/wp\/v2\/types\/post"}],"author":[{"embeddable":true,"href":"https:\/\/radiorevelacionfm.cl\/index.php?rest_route=\/wp\/v2\/users\/1"}],"replies":[{"embeddable":true,"href":"https:\/\/radiorevelacionfm.cl\/index.php?rest_route=%2Fwp%2Fv2%2Fcomments&post=7240"}],"version-history":[{"count":1,"href":"https:\/\/radiorevelacionfm.cl\/index.php?rest_route=\/wp\/v2\/posts\/7240\/revisions"}],"predecessor-version":[{"id":7243,"href":"https:\/\/radiorevelacionfm.cl\/index.php?rest_route=\/wp\/v2\/posts\/7240\/revisions\/7243"}],"wp:featuredmedia":[{"embeddable":true,"href":"https:\/\/radiorevelacionfm.cl\/index.php?rest_route=\/wp\/v2\/media\/7242"}],"wp:attachment":[{"href":"https:\/\/radiorevelacionfm.cl\/index.php?rest_route=%2Fwp%2Fv2%2Fmedia&parent=7240"}],"wp:term":[{"taxonomy":"category","embeddable":true,"href":"https:\/\/radiorevelacionfm.cl\/index.php?rest_route=%2Fwp%2Fv2%2Fcategories&post=7240"},{"taxonomy":"post_tag","embeddable":true,"href":"https:\/\/radiorevelacionfm.cl\/index.php?rest_route=%2Fwp%2Fv2%2Ftags&post=7240"}],"curies":[{"name":"wp","href":"https:\/\/api.w.org\/{rel}","templated":true}]}}