{"id":7236,"date":"2021-08-08T22:35:17","date_gmt":"2021-08-09T01:35:17","guid":{"rendered":"https:\/\/radiorevelacionfm.cl\/?p=7236"},"modified":"2021-08-08T22:43:18","modified_gmt":"2021-08-09T01:43:18","slug":"aracely-leuquen-fue-sobreseida-por-causa-de-agresion-a-trabajadora-y-regresara-al-congreso","status":"publish","type":"post","link":"https:\/\/radiorevelacionfm.cl\/?p=7236","title":{"rendered":"Diputada Aracely Leuqu\u00e9n fue sobrese\u00edda por causa de agresi\u00f3n a trabajadora y regresar\u00e1 al Congreso"},"content":{"rendered":"<div class=\"flex_column av_one_full  flex_column_div av-zero-column-padding first  avia-builder-el-0  el_before_av_one_full  avia-builder-el-first  \" style='border-radius:0px; '><div  class='avia-image-container  av-styling-    avia-builder-el-1  avia-builder-el-no-sibling  avia-align-center '  itemprop=\"image\" itemscope=\"itemscope\" itemtype=\"https:\/\/schema.org\/ImageObject\"  ><div class='avia-image-container-inner'><div class='avia-image-overlay-wrap'><img decoding=\"async\" class='wp-image-7237 avia-img-lazy-loading-not-7237 avia_image' src=\"https:\/\/radiorevelacionfm.cl\/wp-content\/uploads\/2021\/08\/Aracely-Leuquen-2-1.jpg\" alt='' title='Aracely-Leuqu\u00e9n-2 (1)' height=\"593\" width=\"1024\"  itemprop=\"thumbnailUrl\" srcset=\"https:\/\/radiorevelacionfm.cl\/wp-content\/uploads\/2021\/08\/Aracely-Leuquen-2-1.jpg 1024w, https:\/\/radiorevelacionfm.cl\/wp-content\/uploads\/2021\/08\/Aracely-Leuquen-2-1-300x174.jpg 300w, https:\/\/radiorevelacionfm.cl\/wp-content\/uploads\/2021\/08\/Aracely-Leuquen-2-1-768x445.jpg 768w, https:\/\/radiorevelacionfm.cl\/wp-content\/uploads\/2021\/08\/Aracely-Leuquen-2-1-705x408.jpg 705w, https:\/\/radiorevelacionfm.cl\/wp-content\/uploads\/2021\/08\/Aracely-Leuquen-2-1-600x347.jpg 600w\" sizes=\"(max-width: 1024px) 100vw, 1024px\" \/><\/div><\/div><\/div><\/div>\n<div class=\"flex_column av_one_full  flex_column_div av-zero-column-padding first  avia-builder-el-2  el_after_av_one_full  el_before_av_one_full  column-top-margin\" style='border-radius:0px; '><section class=\"av_textblock_section \"  itemscope=\"itemscope\" itemtype=\"https:\/\/schema.org\/BlogPosting\" itemprop=\"blogPost\" ><div class='avia_textblock  '   itemprop=\"text\" ><p style=\"text-align: center;\"><strong><span style=\"font-size: 18pt;\">Diputada Aracely Leuqu\u00e9n fue sobrese\u00edda por causa de agresi\u00f3n a trabajadora y regresar\u00e1 al Congreso <\/span><\/strong><\/p>\n<div id=\"gtx-trans\" style=\"position: absolute; left: -50px; top: 4.31534px;\">\n<div class=\"gtx-trans-icon\"><\/div>\n<\/div>\n<\/div><\/section><\/div><div class=\"flex_column av_one_full  flex_column_div av-zero-column-padding first  avia-builder-el-4  el_after_av_one_full  el_before_av_hr  column-top-margin\" style='border-radius:0px; '><section class=\"av_textblock_section \"  itemscope=\"itemscope\" itemtype=\"https:\/\/schema.org\/BlogPosting\" itemprop=\"blogPost\" ><div class='avia_textblock  '   itemprop=\"text\" ><p style=\"text-align: justify;\">El pasado 2 de agosto el Cuarto Juzgado de Garant\u00eda de Santiago, cerr\u00f3 de forma definitiva el proceso de acci\u00f3n privada contra la diputada de Renovaci\u00f3n Nacional, Aracely Leuqu\u00e9n Uribe, que comenz\u00f3 el a\u00f1o 2019 con la querella presentada por injurias por incidente ocurrido en un bar en Las Condes. Por lo tanto, la parlamentaria volver\u00e1 a ejercer sus funciones al cerrarse la causa por la cual se le hab\u00eda desaforado.<\/p>\n<p style=\"text-align: justify;\">De acuerdo a informaci\u00f3n de un medio nacional el proceso no\u00a0lleg\u00f3 a juicio, debido a que la\u00a0<strong>persona querellante no ingres\u00f3 como prueba las im\u00e1genes<\/strong>\u00a0donde se ve a la parlamentaria increpando a los trabajadores del lugar y a la supervisora del local, en noviembre de 2019.<\/p>\n<p style=\"text-align: justify;\">La exclusi\u00f3n de esa evidencia fue confirmada posteriormente por la Corte de Apelaciones de Santiago. \u201cPor ello, el pasado 30 de julio, ambas partes presentaron -de mutuo acuerdo- un escrito de desistimiento de la querella, y de aceptaci\u00f3n de este hecho, que fue aprobado en el Tribunal de Garant\u00eda, lo que llev\u00f3 a que se terminara el caso. La defensa de la diputada se\u00f1al\u00f3 \u00absiempre ha presentado disculpas, tanto en medios de comunicaci\u00f3n como en las audiencias y ha buscado reparar el hecho\u201d, agreg\u00f3 el abogado Masferrer.<\/p>\n<p style=\"text-align: justify;\">Por su parte, la parlamentaria p\u00fablicamente en reiteradas oportunidades pidi\u00f3 disculpas a las personas involucradas por su comportamiento, y en su momento asumi\u00f3 su error indicando \u00abFue un error humano, del cual me hice cargo y me arrepiento much\u00edsimo porque ha tenido un costo enorme para mi vida\u201d.<\/p>\n<p style=\"text-align: justify;\">Por lo que finalmente se lleg\u00f3 a un acuerdo privado entre las dos partes, acuerdo ya fue visado por la Corte de Apelaciones de Santiago, por lo que, la diputada podr\u00e1 retomar sus funciones en el Congreso.<\/p>\n<\/div><\/section><\/div><\/p>\n<div  style='height:50px' class='hr hr-invisible   avia-builder-el-6  el_after_av_one_full  el_before_av_social_share '><span class='hr-inner ' ><span class='hr-inner-style'><\/span><\/span><\/div>\n<div  class='av-social-sharing-box  avia-builder-el-7  el_after_av_hr  el_before_av_hr  '><div class='av-share-box'><h5 class='av-share-link-description av-no-toc '>Compartir esta noticia<\/h5><ul class='av-share-box-list noLightbox'><li class='av-share-link av-social-link-facebook' ><a target=\"_blank\" aria-label=\"Compartir en Facebook\" href='https:\/\/www.facebook.com\/sharer.php?u=https:\/\/radiorevelacionfm.cl\/?p=7236&#038;t=Diputada%20Aracely%20Leuqu%C3%A9n%20fue%20sobrese%C3%ADda%20por%20causa%20de%20agresi%C3%B3n%20a%20trabajadora%20y%20regresar%C3%A1%20al%20Congreso' aria-hidden='false' data-av_icon='\ue8f3' data-av_iconfont='entypo-fontello' title='' data-avia-related-tooltip='Compartir en Facebook' rel=\"noopener\"><span class='avia_hidden_link_text'>Compartir en Facebook<\/span><\/a><\/li><li class='av-share-link av-social-link-twitter' ><a target=\"_blank\" aria-label=\"Compartir en Twitter\" href='https:\/\/twitter.com\/share?text=Diputada%20Aracely%20Leuqu%C3%A9n%20fue%20sobrese%C3%ADda%20por%20causa%20de%20agresi%C3%B3n%20a%20trabajadora%20y%20regresar%C3%A1%20al%20Congreso&#038;url=https:\/\/radiorevelacionfm.cl\/?p=7236' aria-hidden='false' data-av_icon='\ue8f1' data-av_iconfont='entypo-fontello' title='' data-avia-related-tooltip='Compartir en Twitter' rel=\"noopener\"><span class='avia_hidden_link_text'>Compartir en Twitter<\/span><\/a><\/li><li class='av-share-link av-social-link-whatsapp' ><a target=\"_blank\" aria-label=\"Compartir en Whatsapp\" href='https:\/\/api.whatsapp.com\/send?text=https:\/\/radiorevelacionfm.cl\/?p=7236' aria-hidden='false' data-av_icon='\uf232' data-av_iconfont='entypo-fontello' title='' data-avia-related-tooltip='Compartir en Whatsapp' rel=\"noopener\"><span class='avia_hidden_link_text'>Compartir en Whatsapp<\/span><\/a><\/li><li class='av-share-link av-social-link-linkedin' ><a target=\"_blank\" aria-label=\"Compartir en LinkedIn\" href='https:\/\/linkedin.com\/shareArticle?mini=true&#038;title=Diputada%20Aracely%20Leuqu%C3%A9n%20fue%20sobrese%C3%ADda%20por%20causa%20de%20agresi%C3%B3n%20a%20trabajadora%20y%20regresar%C3%A1%20al%20Congreso&#038;url=https:\/\/radiorevelacionfm.cl\/?p=7236' aria-hidden='false' data-av_icon='\ue8fc' data-av_iconfont='entypo-fontello' title='' data-avia-related-tooltip='Compartir en LinkedIn' rel=\"noopener\"><span class='avia_hidden_link_text'>Compartir en LinkedIn<\/span><\/a><\/li><li class='av-share-link av-social-link-mail' ><a  aria-label=\"Compartir por correo\" href='mailto:?subject=Diputada%20Aracely%20Leuqu%C3%A9n%20fue%20sobrese%C3%ADda%20por%20causa%20de%20agresi%C3%B3n%20a%20trabajadora%20y%20regresar%C3%A1%20al%20Congreso&#038;body=https:\/\/radiorevelacionfm.cl\/?p=7236' aria-hidden='false' data-av_icon='\ue805' data-av_iconfont='entypo-fontello' title='' data-avia-related-tooltip='Compartir por correo'><span class='avia_hidden_link_text'>Compartir por correo<\/span><\/a><\/li><\/ul><\/div><\/div>\n<div  style='height:50px' class='hr hr-invisible   avia-builder-el-8  el_after_av_social_share  el_before_av_comments_list '><span class='hr-inner ' ><span class='hr-inner-style'><\/span><\/span><\/div>\n<div  class='av-buildercomment  av-blog-meta-html-info-disabled av-blog-meta-tag-disabled  '><\/div>\n","protected":false},"excerpt":{"rendered":"","protected":false},"author":1,"featured_media":7237,"comment_status":"open","ping_status":"open","sticky":false,"template":"","format":"standard","meta":{"footnotes":""},"categories":[35],"tags":[],"class_list":["post-7236","post","type-post","status-publish","format-standard","has-post-thumbnail","hentry","category-politica"],"jetpack_featured_media_url":"https:\/\/radiorevelacionfm.cl\/wp-content\/uploads\/2021\/08\/Aracely-Leuquen-2-1.jpg","_links":{"self":[{"href":"https:\/\/radiorevelacionfm.cl\/index.php?rest_route=\/wp\/v2\/posts\/7236","targetHints":{"allow":["GET"]}}],"collection":[{"href":"https:\/\/radiorevelacionfm.cl\/index.php?rest_route=\/wp\/v2\/posts"}],"about":[{"href":"https:\/\/radiorevelacionfm.cl\/index.php?rest_route=\/wp\/v2\/types\/post"}],"author":[{"embeddable":true,"href":"https:\/\/radiorevelacionfm.cl\/index.php?rest_route=\/wp\/v2\/users\/1"}],"replies":[{"embeddable":true,"href":"https:\/\/radiorevelacionfm.cl\/index.php?rest_route=%2Fwp%2Fv2%2Fcomments&post=7236"}],"version-history":[{"count":2,"href":"https:\/\/radiorevelacionfm.cl\/index.php?rest_route=\/wp\/v2\/posts\/7236\/revisions"}],"predecessor-version":[{"id":7239,"href":"https:\/\/radiorevelacionfm.cl\/index.php?rest_route=\/wp\/v2\/posts\/7236\/revisions\/7239"}],"wp:featuredmedia":[{"embeddable":true,"href":"https:\/\/radiorevelacionfm.cl\/index.php?rest_route=\/wp\/v2\/media\/7237"}],"wp:attachment":[{"href":"https:\/\/radiorevelacionfm.cl\/index.php?rest_route=%2Fwp%2Fv2%2Fmedia&parent=7236"}],"wp:term":[{"taxonomy":"category","embeddable":true,"href":"https:\/\/radiorevelacionfm.cl\/index.php?rest_route=%2Fwp%2Fv2%2Fcategories&post=7236"},{"taxonomy":"post_tag","embeddable":true,"href":"https:\/\/radiorevelacionfm.cl\/index.php?rest_route=%2Fwp%2Fv2%2Ftags&post=7236"}],"curies":[{"name":"wp","href":"https:\/\/api.w.org\/{rel}","templated":true}]}}