{"id":7233,"date":"2021-08-09T10:42:18","date_gmt":"2021-08-09T13:42:18","guid":{"rendered":"https:\/\/radiorevelacionfm.cl\/?p=7233"},"modified":"2021-08-09T10:42:18","modified_gmt":"2021-08-09T13:42:18","slug":"comision-de-medio-ambiente-del-senado-continuara-esta-semana-discusion-de-ley-de-proteccion-de-glaciares","status":"publish","type":"post","link":"https:\/\/radiorevelacionfm.cl\/?p=7233","title":{"rendered":"Comisi\u00f3n de Medio Ambiente del Senado continuar\u00e1 esta semana discusi\u00f3n de ley de protecci\u00f3n de glaciares"},"content":{"rendered":"<div class=\"flex_column av_one_full  flex_column_div av-zero-column-padding first  avia-builder-el-0  el_before_av_one_full  avia-builder-el-first  \" style='border-radius:0px; '><div  class='avia-image-container  av-styling-    avia-builder-el-1  avia-builder-el-no-sibling  avia-align-center '  itemprop=\"image\" itemscope=\"itemscope\" itemtype=\"https:\/\/schema.org\/ImageObject\"  ><div class='avia-image-container-inner'><div class='avia-image-overlay-wrap'><img decoding=\"async\" class='wp-image-7234 avia-img-lazy-loading-not-7234 avia_image' src=\"https:\/\/radiorevelacionfm.cl\/wp-content\/uploads\/2021\/08\/glaciares1-1_optimized.jpg\" alt='' title='glaciares1-(1)_optimized' height=\"600\" width=\"1067\"  itemprop=\"thumbnailUrl\" srcset=\"https:\/\/radiorevelacionfm.cl\/wp-content\/uploads\/2021\/08\/glaciares1-1_optimized.jpg 1067w, https:\/\/radiorevelacionfm.cl\/wp-content\/uploads\/2021\/08\/glaciares1-1_optimized-300x169.jpg 300w, https:\/\/radiorevelacionfm.cl\/wp-content\/uploads\/2021\/08\/glaciares1-1_optimized-1030x579.jpg 1030w, https:\/\/radiorevelacionfm.cl\/wp-content\/uploads\/2021\/08\/glaciares1-1_optimized-768x432.jpg 768w, https:\/\/radiorevelacionfm.cl\/wp-content\/uploads\/2021\/08\/glaciares1-1_optimized-705x396.jpg 705w, https:\/\/radiorevelacionfm.cl\/wp-content\/uploads\/2021\/08\/glaciares1-1_optimized-600x337.jpg 600w\" sizes=\"(max-width: 1067px) 100vw, 1067px\" \/><\/div><\/div><\/div><\/div><div class=\"flex_column av_one_full  flex_column_div av-zero-column-padding first  avia-builder-el-2  el_after_av_one_full  el_before_av_one_full  column-top-margin\" style='border-radius:0px; '><section class=\"av_textblock_section \"  itemscope=\"itemscope\" itemtype=\"https:\/\/schema.org\/BlogPosting\" itemprop=\"blogPost\" ><div class='avia_textblock  '   itemprop=\"text\" ><p style=\"text-align: center;\"><span style=\"font-size: 18pt;\"><b><span lang=\"ES\">Comisi<\/span><\/b><b><span lang=\"X-NONE\">\u00f3n de Medio Ambiente del Senado continuar\u00e1 esta semana discusi\u00f3n de ley de protecci\u00f3n de glaciares<\/span><\/b><\/span><\/p>\n<div id=\"gtx-trans\" style=\"position: absolute; left: -50px; top: 4.31534px;\">\n<div class=\"gtx-trans-icon\"><\/div>\n<\/div>\n<\/div><\/section><\/div><div class=\"flex_column av_one_full  flex_column_div av-zero-column-padding first  avia-builder-el-4  el_after_av_one_full  el_before_av_hr  column-top-margin\" style='border-radius:0px; '><section class=\"av_textblock_section \"  itemscope=\"itemscope\" itemtype=\"https:\/\/schema.org\/BlogPosting\" itemprop=\"blogPost\" ><div class='avia_textblock  '   itemprop=\"text\" ><p class=\"v1MsoNormal\" style=\"text-align: justify;\"><span lang=\"ES\">La Comisi<\/span><span lang=\"X-NONE\">\u00f3n de Medio Ambiente del Senado comenz\u00f3 el martes 3 de agosto la revisi\u00f3n del proyecto de protecci\u00f3n de glaciares,<span class=\"v1gmail-Apple-converted-space\">\u00a0<\/span><a href=\"http:\/\/www.chilesustentable.net\/2021\/06\/medio-ambiente-la-comision-del-senado-donde-continuara-batalla-por-defender-los-glaciares-y-el-ambiente-periglaciar\/\" target=\"_blank\" rel=\"noopener noreferrer\">aprobado a principios de junio<\/a><span class=\"v1gmail-Apple-converted-space\">\u00a0<\/span>por la Comisi\u00f3n de Miner\u00eda y Energ\u00eda de la corporaci\u00f3n. En dicha instancia se introdujo una serie de modificaciones al proyecto original presentado por Ximena \u00d3rdenes (PPD), Guido Girardi (PPD) e Isabel Allende (PS).<\/span><\/p>\n<p class=\"v1MsoNormal\" style=\"text-align: justify;\"><span lang=\"X-NONE\">A la sesi\u00f3n<span class=\"v1gmail-Apple-converted-space\">\u00a0<\/span><a href=\"https:\/\/www.senado.cl\/appsenado\/index.php?mo=comisiones&amp;ac=sesiones_celebradas&amp;idcomision=193&amp;tipo=3&amp;legi=0&amp;ano=2021&amp;desde=0&amp;hasta=0&amp;comi_nombre=de%20Medio%20Ambiente%20y%20Bienes%20Nacionales&amp;idsesion=16860&amp;idpunto=nada&amp;fecha=03\/08\/2021&amp;inicio=12:40&amp;termino=&amp;lugar=&amp;listado=2\" target=\"_blank\" rel=\"noopener noreferrer\">concurrieron<\/a><span class=\"v1gmail-Apple-converted-space\">\u00a0<\/span>las y los senadores \u00d3rdenes (quien preside la comisi\u00f3n), Allende, Alfonso de Urresti (PS), Jos\u00e9 Miguel Durana (UDI) y Rafael Prohens (RN). Adem\u00e1s, el jefe de la Unidad de Glaciolog\u00eda y Nieves de la Direcci\u00f3n General de Aguas, Gino Casassa.<\/span><\/p>\n<p class=\"v1MsoNormal\" style=\"text-align: justify;\"><span lang=\"X-NONE\">En la oportunidad el abogado y asesor legislativo de Ximena \u00d3rdenes, Mat\u00edas Ortiz,<span class=\"v1gmail-Apple-converted-space\">\u00a0<\/span><a href=\"https:\/\/www.senado.cl\/appsenado\/index.php?mo=tramitacion&amp;ac=getDocto&amp;iddocto=11689&amp;tipodoc=docto_comision\" target=\"_blank\" rel=\"noopener noreferrer\">expuso los principales cambios hechos al proyecto<\/a><span class=\"v1gmail-Apple-converted-space\">\u00a0<\/span>por parte de la Comisi\u00f3n de Miner\u00eda.<\/span><\/p>\n<p class=\"v1MsoNormal\" style=\"text-align: justify;\"><span lang=\"X-NONE\">La iniciativa establece tres \u00e1mbitos de protecci\u00f3n: glaciares, ambiente periglaciar y permafrost, las cuales estar\u00e1n contenidas en el Inventario P\u00fablico Glaciol\u00f3gico.<\/span><\/p>\n<p class=\"v1MsoNormal\" style=\"text-align: justify;\"><span lang=\"X-NONE\">En el caso de los glaciares \u00abse consagra una prohibici\u00f3n absoluta de realizar miner\u00eda o cualquier otro tipo de actividad industrial en glaciares de cualquier tipo (blancos o rocosos), salvo aquellas actividades destinadas a la investigaci\u00f3n cient\u00edfica, turismo o deportivas sustentables\u00bb.<\/span><\/p>\n<p class=\"v1MsoNormal\" style=\"text-align: justify;\"><span lang=\"X-NONE\">Pero las controversias sustanciales radican en el resguardo del ambiente periglaciar y el permafrost, tanto sobre qu\u00e9 se entiende por ellos como las formas de protecci\u00f3n.\u00a0<span class=\"v1gmail-Apple-converted-space\">\u00a0<\/span><\/span><\/p>\n<p class=\"v1MsoNormal\" style=\"text-align: justify;\"><span lang=\"X-NONE\">Para el ambiente periglaciar se permite su intervenci\u00f3n,<span class=\"v1gmail-Apple-converted-space\">\u00a0<\/span><a href=\"https:\/\/www.senado.cl\/noticias\/glaciares\/proteccion-de-glaciares-pasa-a-comision-de-medio-ambiente\" target=\"_blank\" rel=\"noopener noreferrer\">sometiendo<\/a><span class=\"v1gmail-Apple-converted-space\">\u00a0<\/span>\u00abtodas las faenas mineras, actuales y futuras, incluso con efecto retroactivo, a un Sistema de Evaluaci\u00f3n de Impacto Ambiental reforzado y calificado. As\u00ed existir\u00e1n medidas especiales adicionales a las normas ambientales existentes\u00bb. Y se contemplan \u00absanciones penales para los ejecutivos de las empresas mineras y otras que no cumplan con las medidas de la ley. La idea es que las empresas se obliguen a adoptar sistemas de prevenci\u00f3n que hoy no existen\u00bb.<\/span><\/p>\n<p class=\"v1MsoNormal\" style=\"text-align: justify;\"><span lang=\"X-NONE\">Girardi y la senadora Yasna Provoste (DC) hab\u00edan presentado una indicaci\u00f3n para prohibir actividades mineras en estas \u00e1reas cuando estuvieran ubicadas en las regiones de Arica y Parinacota, Tarapac\u00e1, Antofagasta, Atacama, Coquimbo, Valpara\u00edso y la Metropolitana (por la importancia de los glaciares para el suministro de agua), sin embargo<span class=\"v1gmail-Apple-converted-space\">\u00a0<\/span><a href=\"https:\/\/www.senado.cl\/noticias\/glaciares\/proteccion-de-glaciares-pasa-a-comision-de-medio-ambiente\" target=\"_blank\" rel=\"noopener noreferrer\">fue rechazada<\/a><span class=\"v1gmail-Apple-converted-space\">\u00a0<\/span>por Allende, Alejandro Garc\u00eda Huidobro (UDI) y Prohens.<\/span><\/p>\n<p class=\"v1MsoNormal\" style=\"text-align: justify;\"><span lang=\"X-NONE\">En el caso del permafrost (continuo o de permafrost discontinuo asociados a sistemas glaciares) tambi\u00e9n se exigir\u00e1 someterse al Sistema de Evaluaci\u00f3n de Impacto Ambiental y se establecieron penas de c\u00e1rcel si se afectaren los glaciares y en caso de estar constituidos por<span class=\"v1gmail-Apple-converted-space\">\u00a0<\/span><a href=\"http:\/\/www.chilesustentable.net\/2021\/06\/medio-ambiente-la-comision-del-senado-donde-continuara-batalla-por-defender-los-glaciares-y-el-ambiente-periglaciar\/\" target=\"_blank\" rel=\"noopener noreferrer\">contenido h\u00eddrico se les exigir\u00e1<\/a><span class=\"v1gmail-Apple-converted-space\">\u00a0<\/span>un permiso especial de la Direcci\u00f3n General de Aguas.<\/span><\/p>\n<p class=\"v1MsoNormal\" style=\"text-align: justify;\"><span lang=\"X-NONE\">Se prev\u00e9 que en esta comisi\u00f3n se insista en la protecci\u00f3n del ambiente periglaciar en las regiones de Arica y Parinacota, Tarapac\u00e1, Antofagasta, Atacama, Coquimbo, Valpara\u00edso y la Metropolitana, sin embargo la presencia de Isabel Allende, quien ha manifestado su inter\u00e9s en proteger el avance minero (particularmente de Codelco con Andina), hace complejo el \u00e9xito de esta reposici\u00f3n si se alinea nuevamente con los senadores de derecha.<\/span><\/p>\n<p class=\"v1MsoNormal\" style=\"text-align: justify;\"><span lang=\"X-NONE\">Una vez aprobado el proyecto, pasar\u00e1 a revisi\u00f3n por la Comisi\u00f3n de Hacienda.<\/span><\/p>\n<p class=\"v1MsoNormal\" style=\"text-align: justify;\"><span lang=\"X-NONE\">La iniciativa fue ingresada en 4 de julio de 2018, luego que el actual gobierno, a trav\u00e9s de la entonces ministra de Medio Ambiente Marcela Cubillos, retirara su patrocinio a un proyecto de protecci\u00f3n de glaciares que desde 2014 se tramitaba en la C\u00e1mara de Diputados.<\/span><\/p>\n<p class=\"v1MsoNormal\" style=\"text-align: justify;\"><span lang=\"X-NONE\">La discusi\u00f3n continuar\u00e1 este lunes 9 y martes 10 de agosto en la Comisi\u00f3n de Medio Ambiente, a partir de las 12:30 horas, en sesiones que ser\u00e1n transmitidas por streaming en Senado TV.<\/span><\/p>\n<p class=\"v1MsoNormal\" style=\"text-align: justify;\"><span lang=\"X-NONE\">Revisar video de la sesi\u00f3n del martes 3 de agosto en<span class=\"v1gmail-Apple-converted-space\">\u00a0<\/span><a href=\"https:\/\/tv.senado.cl\/tvsenado\/comisiones\/permanentes\/medio-ambiente\/comision-de-medio-ambiente-y-bienes-nacionales\/2021-08-02\/174907.html\" target=\"_blank\" rel=\"noopener noreferrer\">Senado TV<\/a>.<span class=\"v1gmail-Apple-converted-space\">\u00a0<\/span><\/span><\/p>\n<\/div><\/section><\/div><div  style='height:50px' class='hr hr-invisible   avia-builder-el-6  el_after_av_one_full  el_before_av_social_share '><span class='hr-inner ' ><span class='hr-inner-style'><\/span><\/span><\/div><\/p>\n<div  class='av-social-sharing-box  avia-builder-el-7  el_after_av_hr  el_before_av_hr  '><div class='av-share-box'><h5 class='av-share-link-description av-no-toc '>Compartir esta noticia<\/h5><ul class='av-share-box-list noLightbox'><li class='av-share-link av-social-link-facebook' ><a target=\"_blank\" aria-label=\"Compartir en Facebook\" href='https:\/\/www.facebook.com\/sharer.php?u=https:\/\/radiorevelacionfm.cl\/?p=7233&#038;t=Comisi%C3%B3n%20de%20Medio%20Ambiente%20del%20Senado%20continuar%C3%A1%20esta%20semana%20discusi%C3%B3n%20de%20ley%20de%20protecci%C3%B3n%20de%20glaciares' aria-hidden='false' data-av_icon='\ue8f3' data-av_iconfont='entypo-fontello' title='' data-avia-related-tooltip='Compartir en Facebook' rel=\"noopener\"><span class='avia_hidden_link_text'>Compartir en Facebook<\/span><\/a><\/li><li class='av-share-link av-social-link-twitter' ><a target=\"_blank\" aria-label=\"Compartir en Twitter\" href='https:\/\/twitter.com\/share?text=Comisi%C3%B3n%20de%20Medio%20Ambiente%20del%20Senado%20continuar%C3%A1%20esta%20semana%20discusi%C3%B3n%20de%20ley%20de%20protecci%C3%B3n%20de%20glaciares&#038;url=https:\/\/radiorevelacionfm.cl\/?p=7233' aria-hidden='false' data-av_icon='\ue8f1' data-av_iconfont='entypo-fontello' title='' data-avia-related-tooltip='Compartir en Twitter' rel=\"noopener\"><span class='avia_hidden_link_text'>Compartir en Twitter<\/span><\/a><\/li><li class='av-share-link av-social-link-whatsapp' ><a target=\"_blank\" aria-label=\"Compartir en Whatsapp\" href='https:\/\/api.whatsapp.com\/send?text=https:\/\/radiorevelacionfm.cl\/?p=7233' aria-hidden='false' data-av_icon='\uf232' data-av_iconfont='entypo-fontello' title='' data-avia-related-tooltip='Compartir en Whatsapp' rel=\"noopener\"><span class='avia_hidden_link_text'>Compartir en Whatsapp<\/span><\/a><\/li><li class='av-share-link av-social-link-linkedin' ><a target=\"_blank\" aria-label=\"Compartir en LinkedIn\" href='https:\/\/linkedin.com\/shareArticle?mini=true&#038;title=Comisi%C3%B3n%20de%20Medio%20Ambiente%20del%20Senado%20continuar%C3%A1%20esta%20semana%20discusi%C3%B3n%20de%20ley%20de%20protecci%C3%B3n%20de%20glaciares&#038;url=https:\/\/radiorevelacionfm.cl\/?p=7233' aria-hidden='false' data-av_icon='\ue8fc' data-av_iconfont='entypo-fontello' title='' data-avia-related-tooltip='Compartir en LinkedIn' rel=\"noopener\"><span class='avia_hidden_link_text'>Compartir en LinkedIn<\/span><\/a><\/li><li class='av-share-link av-social-link-mail' ><a  aria-label=\"Compartir por correo\" href='mailto:?subject=Comisi%C3%B3n%20de%20Medio%20Ambiente%20del%20Senado%20continuar%C3%A1%20esta%20semana%20discusi%C3%B3n%20de%20ley%20de%20protecci%C3%B3n%20de%20glaciares&#038;body=https:\/\/radiorevelacionfm.cl\/?p=7233' aria-hidden='false' data-av_icon='\ue805' data-av_iconfont='entypo-fontello' title='' data-avia-related-tooltip='Compartir por correo'><span class='avia_hidden_link_text'>Compartir por correo<\/span><\/a><\/li><\/ul><\/div><\/div>\n<div  style='height:50px' class='hr hr-invisible   avia-builder-el-8  el_after_av_social_share  el_before_av_comments_list '><span class='hr-inner ' ><span class='hr-inner-style'><\/span><\/span><\/div>\n<div  class='av-buildercomment  av-blog-meta-html-info-disabled av-blog-meta-tag-disabled  '><\/div>\n","protected":false},"excerpt":{"rendered":"","protected":false},"author":1,"featured_media":7234,"comment_status":"open","ping_status":"open","sticky":false,"template":"","format":"standard","meta":{"footnotes":""},"categories":[39],"tags":[],"class_list":["post-7233","post","type-post","status-publish","format-standard","has-post-thumbnail","hentry","category-medio-ambiente"],"jetpack_featured_media_url":"https:\/\/radiorevelacionfm.cl\/wp-content\/uploads\/2021\/08\/glaciares1-1_optimized.jpg","_links":{"self":[{"href":"https:\/\/radiorevelacionfm.cl\/index.php?rest_route=\/wp\/v2\/posts\/7233","targetHints":{"allow":["GET"]}}],"collection":[{"href":"https:\/\/radiorevelacionfm.cl\/index.php?rest_route=\/wp\/v2\/posts"}],"about":[{"href":"https:\/\/radiorevelacionfm.cl\/index.php?rest_route=\/wp\/v2\/types\/post"}],"author":[{"embeddable":true,"href":"https:\/\/radiorevelacionfm.cl\/index.php?rest_route=\/wp\/v2\/users\/1"}],"replies":[{"embeddable":true,"href":"https:\/\/radiorevelacionfm.cl\/index.php?rest_route=%2Fwp%2Fv2%2Fcomments&post=7233"}],"version-history":[{"count":1,"href":"https:\/\/radiorevelacionfm.cl\/index.php?rest_route=\/wp\/v2\/posts\/7233\/revisions"}],"predecessor-version":[{"id":7235,"href":"https:\/\/radiorevelacionfm.cl\/index.php?rest_route=\/wp\/v2\/posts\/7233\/revisions\/7235"}],"wp:featuredmedia":[{"embeddable":true,"href":"https:\/\/radiorevelacionfm.cl\/index.php?rest_route=\/wp\/v2\/media\/7234"}],"wp:attachment":[{"href":"https:\/\/radiorevelacionfm.cl\/index.php?rest_route=%2Fwp%2Fv2%2Fmedia&parent=7233"}],"wp:term":[{"taxonomy":"category","embeddable":true,"href":"https:\/\/radiorevelacionfm.cl\/index.php?rest_route=%2Fwp%2Fv2%2Fcategories&post=7233"},{"taxonomy":"post_tag","embeddable":true,"href":"https:\/\/radiorevelacionfm.cl\/index.php?rest_route=%2Fwp%2Fv2%2Ftags&post=7233"}],"curies":[{"name":"wp","href":"https:\/\/api.w.org\/{rel}","templated":true}]}}