{"id":7230,"date":"2021-08-08T20:43:22","date_gmt":"2021-08-08T23:43:22","guid":{"rendered":"https:\/\/radiorevelacionfm.cl\/?p=7230"},"modified":"2021-08-08T20:43:22","modified_gmt":"2021-08-08T23:43:22","slug":"corporacion-de-aysen-expuso-ante-comisiones-de-reglamento-y-etica-de-la-convencion-constitucional","status":"publish","type":"post","link":"https:\/\/radiorevelacionfm.cl\/?p=7230","title":{"rendered":"Corporaci\u00f3n de Ays\u00e9n expuso ante comisiones de reglamento y \u00e9tica de la Convenci\u00f3n Constitucional"},"content":{"rendered":"<div class=\"flex_column av_one_full  flex_column_div av-zero-column-padding first  avia-builder-el-0  el_before_av_one_full  avia-builder-el-first  \" style='border-radius:0px; '><div  class='avia-image-container  av-styling-    avia-builder-el-1  avia-builder-el-no-sibling  avia-align-center '  itemprop=\"image\" itemscope=\"itemscope\" itemtype=\"https:\/\/schema.org\/ImageObject\"  ><div class='avia-image-container-inner'><div class='avia-image-overlay-wrap'><img decoding=\"async\" class='wp-image-7231 avia-img-lazy-loading-not-7231 avia_image' src=\"https:\/\/radiorevelacionfm.cl\/wp-content\/uploads\/2021\/08\/Comision-de-Etica.jpg\" alt='' title='Comisi\u00f3n de \u00c9tica' height=\"600\" width=\"1044\"  itemprop=\"thumbnailUrl\" srcset=\"https:\/\/radiorevelacionfm.cl\/wp-content\/uploads\/2021\/08\/Comision-de-Etica.jpg 1044w, https:\/\/radiorevelacionfm.cl\/wp-content\/uploads\/2021\/08\/Comision-de-Etica-300x172.jpg 300w, https:\/\/radiorevelacionfm.cl\/wp-content\/uploads\/2021\/08\/Comision-de-Etica-1030x592.jpg 1030w, https:\/\/radiorevelacionfm.cl\/wp-content\/uploads\/2021\/08\/Comision-de-Etica-768x441.jpg 768w, https:\/\/radiorevelacionfm.cl\/wp-content\/uploads\/2021\/08\/Comision-de-Etica-705x405.jpg 705w, https:\/\/radiorevelacionfm.cl\/wp-content\/uploads\/2021\/08\/Comision-de-Etica-600x345.jpg 600w\" sizes=\"(max-width: 1044px) 100vw, 1044px\" \/><\/div><\/div><\/div><\/div><div class=\"flex_column av_one_full  flex_column_div av-zero-column-padding first  avia-builder-el-2  el_after_av_one_full  el_before_av_one_full  column-top-margin\" style='border-radius:0px; '><section class=\"av_textblock_section \"  itemscope=\"itemscope\" itemtype=\"https:\/\/schema.org\/BlogPosting\" itemprop=\"blogPost\" ><div class='avia_textblock  '   itemprop=\"text\" ><p style=\"text-align: center;\"><strong><span style=\"font-size: 18pt;\">Corporaci\u00f3n de Ays\u00e9n expuso ante comisiones de reglamento y \u00e9tica de la Convenci\u00f3n Constitucional<\/span><\/strong><\/p>\n<div id=\"gtx-trans\" style=\"position: absolute; left: -50px; top: 4.31534px;\">\n<div class=\"gtx-trans-icon\"><\/div>\n<\/div>\n<\/div><\/section><\/div><div class=\"flex_column av_one_full  flex_column_div av-zero-column-padding first  avia-builder-el-4  el_after_av_one_full  el_before_av_hr  column-top-margin\" style='border-radius:0px; '><section class=\"av_textblock_section \"  itemscope=\"itemscope\" itemtype=\"https:\/\/schema.org\/BlogPosting\" itemprop=\"blogPost\" ><div class='avia_textblock  '   itemprop=\"text\" ><p class=\"v1MsoNormal\" style=\"text-align: justify;\"><span lang=\"ES\">Recuperar \u00abla\u00a0<\/span><span lang=\"X-NONE\">\u00e9tica de lo p\u00fablico y con la naturaleza<\/span><span lang=\"X-NONE\">\u00bb en el trabajo institucional, adem\u00e1s de iniciativas de democracia directa para generar los contenidos de la nueva Carta Fundamental, fueron algunas de las propuestas que la\u00a0<\/span><span lang=\"ES\">Corp<\/span><span lang=\"X-NONE\">oraci\u00f3n Privada para el Desarrollo de Ays\u00e9n (Codesa) expuso ante la Convenci\u00f3n Constitucional.\u00a0\u00a0Esto, en el marco del proceso de audiencias p\u00fablicas que las distintas comisiones recientemente conformadas est\u00e1n realizando desde hace algunos d\u00edas tanto presencial como telem\u00e1ticamente.<\/span><\/p>\n<p class=\"v1MsoNormal\" style=\"text-align: justify;\"><span lang=\"X-NONE\">Actualmente la Convenci\u00f3n Constitucional cuenta con las comisiones de\u00a0Reglamento;\u00a0\u00c9tica;\u00a0Participaci\u00f3n y Consulta Ind\u00edgena;\u00a0Derechos Humanos, Verdad Hist\u00f3rica y Bases para la Justicia, Reparaci\u00f3n y Garant\u00edas de no Repetici\u00f3n;\u00a0Participaci\u00f3n Popular y Equidad Territorial;\u00a0Descentralizaci\u00f3n, Equidad y Justicia Territorial;\u00a0Comunicaciones, Informaci\u00f3n y Transparencia.<\/span><\/p>\n<p class=\"v1MsoNormal\" style=\"text-align: justify;\"><span lang=\"X-NONE\">El jueves la presidenta\u00a0<\/span><span lang=\"ES\">Ver\u00f3nica Venegas Quintana, junto al secretario Patricio Segura Ortiz,\u00a0<a href=\"https:\/\/www.youtube.com\/watch?v=msq99vcrLyE\" target=\"_blank\" rel=\"noopener noreferrer\">present<span lang=\"X-NONE\">\u00f3<\/span><\/a>\u00a0la visi<\/span><span lang=\"X-NONE\">\u00f3n de Codesa ante la\u00a0Comisi\u00f3n de \u00c9tica.<\/span><\/p>\n<p class=\"v1MsoNormal\" style=\"text-align: justify;\"><span lang=\"ES\">En\u00a0<\/span><span lang=\"X-NONE\">\u00e9<\/span><span lang=\"ES\">sta, adem<\/span><span lang=\"X-NONE\">\u00e1s de plantear materias sobre conflictos de inter\u00e9s, transparencia y probidad (entre ellas la rotaci\u00f3n, evitar el clientelismo y que las inhabilidades no sean voluntarias), relevaron la necesidad de que la comisi\u00f3n no s\u00f3lo regule la forma en que se relacionan las y los convencionales entre s\u00ed sino tambi\u00e9n con la ciudadan\u00eda y con la propia naturaleza.<\/span><\/p>\n<p class=\"v1MsoNormal\" style=\"text-align: justify;\"><span lang=\"X-NONE\">\u00abA la convenci\u00f3n tambi\u00e9n le cabe un rol en la revalorizaci\u00f3n de lo p\u00fablico. Para nosotros, ustedes son los m\u00e1s leg\u00edtimos representantes pol\u00edticos del Estado que ha visto nuestro pa\u00eds en muchos a\u00f1os, demasiados. Por eso, esa investidura p\u00fablica, de constituyentes, nos interesa que se pueda reforzar\u00bb se\u00f1al\u00f3 en la ocasi\u00f3n Ver\u00f3nica Venegas. En este sentido, avanz\u00f3 en solicitar que cada acci\u00f3n tenga en cuenta dicho principio fundante.<\/span><\/p>\n<p class=\"v1MsoNormal\" style=\"text-align: justify;\"><span lang=\"X-NONE\">Al ser consultado sobre el mecanismo para incorporar la \u00e9tica con la naturaleza y las comunidades en su trabajo, puntualiz\u00f3 Patricio Segura que un buen medio ser\u00eda instaurar un espacio de evaluaci\u00f3n permanente de las acciones y procedimientos de la convenci\u00f3n, a la luz de sus impactos ambientales y sobre las comunidades, como por ejemplo todo lo relacionado con los residuos y el desarrollo econ\u00f3mico local. En esta instancia incluso se podr\u00eda convocar a representantes de organizaciones o generar alg\u00fan otro procedimiento para que la ciudadan\u00eda d\u00e9 su visi\u00f3n.<\/span><\/p>\n<p class=\"v1MsoNormal\" style=\"text-align: justify;\"><span lang=\"X-NONE\">La convencional Loreto Vidal se\u00f1al\u00f3 al concluir la presentaci\u00f3n que \u00abquiero recoger algo que dijeron, que se los agradezco enormemente y que ser\u00e1 mi frase para el bronce. La expositora dijo &#8216;ustedes son lo m\u00e1s leg\u00edtimo que hemos visto hace muchos a\u00f1os en nuestro pa\u00eds&#8217;. Esa frase la revisar\u00e9 todos los d\u00edas, antes de iniciar mi trabajo, creo que es extremadamente relevante\u00bb.<\/span><\/p>\n<p class=\"v1MsoNormal\" style=\"text-align: justify;\"><span lang=\"X-NONE\">El viernes, en tanto, Patricio Segura present\u00f3 ante la Comisi\u00f3n de Reglamento, donde en lo fundamental abord\u00f3 los mecanismos de democracia directa para la elaboraci\u00f3n de los contenidos.<\/span><\/p>\n<p class=\"v1MsoNormal\" style=\"text-align: justify;\"><span lang=\"X-NONE\">Propuso que se implemente la figura de \u00abiniciativa popular de articulado\u00bb: un mecanismo que, mediante recolecci\u00f3n de un n\u00famero m\u00ednimo de firmas, permita que propuestas levantadas desde la propia ciudadan\u00eda sean discutidas y votadas por la convenci\u00f3n. \u00abEl reglamento podr\u00eda establecer una especie de turnos, donde lleguen las propuestas y \u00e9stas sean autom\u00e1ticamente patrocinadas por los convencionales, con el fin de sortear la eventual obligatoriedad de que s\u00f3lo puedan los miembros de la Convenci\u00f3n ingresar propuestas\u00bb se\u00f1al\u00f3 Segura. En este sentido record\u00f3 que muchas acciones de tipo electoral se realizan hoy ante notar\u00edas, oficiales civiles e incluso v\u00eda clave \u00fanica online.<\/span><\/p>\n<p class=\"v1MsoNormal\" style=\"text-align: justify;\"><span lang=\"X-NONE\">Asimismo, reforz\u00f3 la necesidad de que las materias donde no exista acuerdo se sometan a plebiscitos o consultas intermedias, ya que aunque se establezca que no sean vinculantes ser\u00edan una se\u00f1al pol\u00edtica para una segunda discusi\u00f3n en la propia convenci\u00f3n.<\/span><\/p>\n<\/div><\/section><\/div><\/p>\n<div  style='height:50px' class='hr hr-invisible   avia-builder-el-6  el_after_av_one_full  el_before_av_social_share '><span class='hr-inner ' ><span class='hr-inner-style'><\/span><\/span><\/div>\n<div  class='av-social-sharing-box  avia-builder-el-7  el_after_av_hr  el_before_av_hr  '><div class='av-share-box'><h5 class='av-share-link-description av-no-toc '>Compartir esta noticia<\/h5><ul class='av-share-box-list noLightbox'><li class='av-share-link av-social-link-facebook' ><a target=\"_blank\" aria-label=\"Compartir en Facebook\" href='https:\/\/www.facebook.com\/sharer.php?u=https:\/\/radiorevelacionfm.cl\/?p=7230&#038;t=Corporaci%C3%B3n%20de%20Ays%C3%A9n%20expuso%20ante%20comisiones%20de%20reglamento%20y%20%C3%A9tica%20de%20la%20Convenci%C3%B3n%20Constitucional' aria-hidden='false' data-av_icon='\ue8f3' data-av_iconfont='entypo-fontello' title='' data-avia-related-tooltip='Compartir en Facebook' rel=\"noopener\"><span class='avia_hidden_link_text'>Compartir en Facebook<\/span><\/a><\/li><li class='av-share-link av-social-link-twitter' ><a target=\"_blank\" aria-label=\"Compartir en Twitter\" href='https:\/\/twitter.com\/share?text=Corporaci%C3%B3n%20de%20Ays%C3%A9n%20expuso%20ante%20comisiones%20de%20reglamento%20y%20%C3%A9tica%20de%20la%20Convenci%C3%B3n%20Constitucional&#038;url=https:\/\/radiorevelacionfm.cl\/?p=7230' aria-hidden='false' data-av_icon='\ue8f1' data-av_iconfont='entypo-fontello' title='' data-avia-related-tooltip='Compartir en Twitter' rel=\"noopener\"><span class='avia_hidden_link_text'>Compartir en Twitter<\/span><\/a><\/li><li class='av-share-link av-social-link-whatsapp' ><a target=\"_blank\" aria-label=\"Compartir en Whatsapp\" href='https:\/\/api.whatsapp.com\/send?text=https:\/\/radiorevelacionfm.cl\/?p=7230' aria-hidden='false' data-av_icon='\uf232' data-av_iconfont='entypo-fontello' title='' data-avia-related-tooltip='Compartir en Whatsapp' rel=\"noopener\"><span class='avia_hidden_link_text'>Compartir en Whatsapp<\/span><\/a><\/li><li class='av-share-link av-social-link-linkedin' ><a target=\"_blank\" aria-label=\"Compartir en LinkedIn\" href='https:\/\/linkedin.com\/shareArticle?mini=true&#038;title=Corporaci%C3%B3n%20de%20Ays%C3%A9n%20expuso%20ante%20comisiones%20de%20reglamento%20y%20%C3%A9tica%20de%20la%20Convenci%C3%B3n%20Constitucional&#038;url=https:\/\/radiorevelacionfm.cl\/?p=7230' aria-hidden='false' data-av_icon='\ue8fc' data-av_iconfont='entypo-fontello' title='' data-avia-related-tooltip='Compartir en LinkedIn' rel=\"noopener\"><span class='avia_hidden_link_text'>Compartir en LinkedIn<\/span><\/a><\/li><li class='av-share-link av-social-link-mail' ><a  aria-label=\"Compartir por correo\" href='mailto:?subject=Corporaci%C3%B3n%20de%20Ays%C3%A9n%20expuso%20ante%20comisiones%20de%20reglamento%20y%20%C3%A9tica%20de%20la%20Convenci%C3%B3n%20Constitucional&#038;body=https:\/\/radiorevelacionfm.cl\/?p=7230' aria-hidden='false' data-av_icon='\ue805' data-av_iconfont='entypo-fontello' title='' data-avia-related-tooltip='Compartir por correo'><span class='avia_hidden_link_text'>Compartir por correo<\/span><\/a><\/li><\/ul><\/div><\/div>\n<div  style='height:50px' class='hr hr-invisible   avia-builder-el-8  el_after_av_social_share  el_before_av_comments_list '><span class='hr-inner ' ><span class='hr-inner-style'><\/span><\/span><\/div>\n<div  class='av-buildercomment  av-blog-meta-html-info-disabled av-blog-meta-tag-disabled  '><\/div>\n","protected":false},"excerpt":{"rendered":"","protected":false},"author":1,"featured_media":7231,"comment_status":"open","ping_status":"open","sticky":false,"template":"","format":"standard","meta":{"footnotes":""},"categories":[38],"tags":[],"class_list":["post-7230","post","type-post","status-publish","format-standard","has-post-thumbnail","hentry","category-regional"],"jetpack_featured_media_url":"https:\/\/radiorevelacionfm.cl\/wp-content\/uploads\/2021\/08\/Comision-de-Etica.jpg","_links":{"self":[{"href":"https:\/\/radiorevelacionfm.cl\/index.php?rest_route=\/wp\/v2\/posts\/7230","targetHints":{"allow":["GET"]}}],"collection":[{"href":"https:\/\/radiorevelacionfm.cl\/index.php?rest_route=\/wp\/v2\/posts"}],"about":[{"href":"https:\/\/radiorevelacionfm.cl\/index.php?rest_route=\/wp\/v2\/types\/post"}],"author":[{"embeddable":true,"href":"https:\/\/radiorevelacionfm.cl\/index.php?rest_route=\/wp\/v2\/users\/1"}],"replies":[{"embeddable":true,"href":"https:\/\/radiorevelacionfm.cl\/index.php?rest_route=%2Fwp%2Fv2%2Fcomments&post=7230"}],"version-history":[{"count":1,"href":"https:\/\/radiorevelacionfm.cl\/index.php?rest_route=\/wp\/v2\/posts\/7230\/revisions"}],"predecessor-version":[{"id":7232,"href":"https:\/\/radiorevelacionfm.cl\/index.php?rest_route=\/wp\/v2\/posts\/7230\/revisions\/7232"}],"wp:featuredmedia":[{"embeddable":true,"href":"https:\/\/radiorevelacionfm.cl\/index.php?rest_route=\/wp\/v2\/media\/7231"}],"wp:attachment":[{"href":"https:\/\/radiorevelacionfm.cl\/index.php?rest_route=%2Fwp%2Fv2%2Fmedia&parent=7230"}],"wp:term":[{"taxonomy":"category","embeddable":true,"href":"https:\/\/radiorevelacionfm.cl\/index.php?rest_route=%2Fwp%2Fv2%2Fcategories&post=7230"},{"taxonomy":"post_tag","embeddable":true,"href":"https:\/\/radiorevelacionfm.cl\/index.php?rest_route=%2Fwp%2Fv2%2Ftags&post=7230"}],"curies":[{"name":"wp","href":"https:\/\/api.w.org\/{rel}","templated":true}]}}