{"id":7227,"date":"2021-08-08T18:21:45","date_gmt":"2021-08-08T21:21:45","guid":{"rendered":"https:\/\/radiorevelacionfm.cl\/?p=7227"},"modified":"2021-08-08T18:21:45","modified_gmt":"2021-08-08T21:21:45","slug":"municipio-de-cisnes-felicita-a-dirigentes-y-destaca-trabajo-conjunto-en-beneficio-de-la-comunidad","status":"publish","type":"post","link":"https:\/\/radiorevelacionfm.cl\/?p=7227","title":{"rendered":"Municipio de Cisnes felicita a dirigentes y destaca trabajo conjunto en beneficio de la comunidad"},"content":{"rendered":"<div class=\"flex_column av_one_full  flex_column_div av-zero-column-padding first  avia-builder-el-0  el_before_av_one_full  avia-builder-el-first  \" style='border-radius:0px; '><div  class='avia-image-container  av-styling-    avia-builder-el-1  avia-builder-el-no-sibling  avia-align-center '  itemprop=\"image\" itemscope=\"itemscope\" itemtype=\"https:\/\/schema.org\/ImageObject\"  ><div class='avia-image-container-inner'><div class='avia-image-overlay-wrap'><img decoding=\"async\" class='wp-image-7228 avia-img-lazy-loading-not-7228 avia_image' src=\"https:\/\/radiorevelacionfm.cl\/wp-content\/uploads\/2021\/08\/Cisnes-Dirigentes-2-2-1.jpeg\" alt='' title='Cisnes Dirigentes 2 (2) (1)' height=\"600\" width=\"958\"  itemprop=\"thumbnailUrl\" srcset=\"https:\/\/radiorevelacionfm.cl\/wp-content\/uploads\/2021\/08\/Cisnes-Dirigentes-2-2-1.jpeg 958w, https:\/\/radiorevelacionfm.cl\/wp-content\/uploads\/2021\/08\/Cisnes-Dirigentes-2-2-1-300x188.jpeg 300w, https:\/\/radiorevelacionfm.cl\/wp-content\/uploads\/2021\/08\/Cisnes-Dirigentes-2-2-1-768x481.jpeg 768w, https:\/\/radiorevelacionfm.cl\/wp-content\/uploads\/2021\/08\/Cisnes-Dirigentes-2-2-1-705x442.jpeg 705w, https:\/\/radiorevelacionfm.cl\/wp-content\/uploads\/2021\/08\/Cisnes-Dirigentes-2-2-1-600x376.jpeg 600w\" sizes=\"(max-width: 958px) 100vw, 958px\" \/><\/div><\/div><\/div><\/div><div class=\"flex_column av_one_full  flex_column_div av-zero-column-padding first  avia-builder-el-2  el_after_av_one_full  el_before_av_one_full  column-top-margin\" style='border-radius:0px; '><section class=\"av_textblock_section \"  itemscope=\"itemscope\" itemtype=\"https:\/\/schema.org\/BlogPosting\" itemprop=\"blogPost\" ><div class='avia_textblock  '   itemprop=\"text\" ><p style=\"text-align: center;\"><strong><span style=\"font-size: 18pt;\">Municipio de Cisnes felicita a dirigentes y destaca trabajo conjunto en beneficio de la comunidad<\/span><\/strong><\/p>\n<div id=\"gtx-trans\" style=\"position: absolute; left: -50px; top: 4.31534px;\">\n<div class=\"gtx-trans-icon\"><\/div>\n<\/div>\n<\/div><\/section><\/div><div class=\"flex_column av_one_full  flex_column_div av-zero-column-padding first  avia-builder-el-4  el_after_av_one_full  el_before_av_hr  column-top-margin\" style='border-radius:0px; '><section class=\"av_textblock_section \"  itemscope=\"itemscope\" itemtype=\"https:\/\/schema.org\/BlogPosting\" itemprop=\"blogPost\" ><div class='avia_textblock  '   itemprop=\"text\" ><p style=\"text-align: justify;\">La Municipalidad de Cisnes y con motivo de haber celebrado el fin de semana el d\u00eda del dirigente saluda a cada uno y cada de las personas que han decidido ser parte de esta labor tan importante de representatividad y hacer notar los requerimientos de la comunidad ante las autoridades.<\/p>\n<p style=\"text-align: justify;\">En nombre de la casa edilicia, la encargada de la oficina de fomento productivo y turismo, Lorena Lehnebach, puso en valor el trabajo conjunto que siempre rinde frutos en pro de la ciudadan\u00eda.<\/p>\n<p style=\"text-align: justify;\">\u201cLas y los dirigentes juegan un rol clave para el desarrollo de sus localidades, siendo el motor propulsor de cambios en la vida de sus vecinos y vecinas, es por es que desde el Municipio se agradece el trabajo mancomunado ante cada iniciativa,\u00a0 su abnegada dedicaci\u00f3n\u00a0 y compromiso para cumplir sue\u00f1os con esfuerzo y pasi\u00f3n\u201d.<\/p>\n<p style=\"text-align: justify;\">La Municipalidad de Cisnes apoya en la postulaci\u00f3n de sus fondos a las organizaciones sociales, culturales, deportivas y productivas ya sea con iniciativas para capacitaciones, fortalecimientos de sus organizaciones o para llevar a cabo diversas actividades pensadas no solo en sus beneficios, sino que de sus vecinos en general.<\/p>\n<p style=\"text-align: justify;\">As\u00ed ha ocurrido por ejemplo, con la junta de vecinos de Puyuhuapi, liderada por Paola Rodr\u00edguez, quien relev\u00f3 el trabajo coordinado con la Municipalidad y su equipo de profesionales.<\/p>\n<p style=\"text-align: justify;\">\u201cSiempre estamos en b\u00fasqueda del bien com\u00fan de nuestras localidades, de nuestra gente, de nuestros vecinos y por ende es fundamental contar con el apoyo de la Municipalidad y sus profesionales en cada uno de los proyectos que realizamos dentro de Puyuhuapi. Rescato el trabajo que este a\u00f1o se ha venido realizando, como por ejemplo, la pavimentaci\u00f3n de nuestras calles que le cambi\u00f3 el rostro a nuestra localidad, tambi\u00e9n las ayudas sociales del 6% del Gobierno Regional, donde nuestra localidad obtuvo 4 proyectos, lo que para nosotros signific\u00f3 un gran impacto, porque dentro de la econom\u00eda local hubo una reactivaci\u00f3n\u201c.<\/p>\n<p style=\"text-align: justify;\">En la comuna de Cisnes est\u00e1 muy presente la representaci\u00f3n de los pueblos originarios, existiendo varios dirigentes y organizaciones que efect\u00faan una labor colaborativa con la Municipalidad de Cisnes y su m\u00e1xima autoridad. Tal como lo destac\u00f3, Nancy Paredes Millao, \u00d1izol de la Asociaci\u00f3n\u00a0 Mapuche Aiken Yemel de Puerto Cisnes y \u00d1izol de Organizaci\u00f3n Mujeres L\u00edderes ind\u00edgena ONU Regi\u00f3n de Ays\u00e9n.<\/p>\n<p style=\"text-align: justify;\">\u201cComo dirigente social ind\u00edgena activamente trabajando por mejorar y apoyar a las familia que m\u00e1s necesitan del\u00a0 apoyo por parte del Gobierno y diferentes entidades p\u00fablicas, nuestro trabajo ha estado enfocado en apoyar a las familias que tienen credenciales de discapacidad y bajo rango en sus fichas sociales como adultos mayores. Esto sin ver si son descendientes de nuestro pueblo ind\u00edgena si no con miradas de ser un apoyo tambi\u00e9n para la sociedad en general que m\u00e1s necesita. Quiero destacar el apoyo que hemos tenido por parte de los funcionarios del Municipio de puerto Cisnes, gracias a estos profesionales nos hemos adjudicado importantes proyectos como, fondos del Gobierno Regional en donde se les dio a 40 familias cajas de alimentos con kit de sanitizaci\u00f3n, proyecto de capacitaci\u00f3n laboral, entre otros. A todos estos funcionarios mis infinitas gracias, como as\u00ed tambi\u00e9n, el apoyo por parte de nuestro Alcalde se\u00f1or Francisco Roncagliolo Lepio, que ha dando cumplimiento a su palabra, ha sido consiente con las necesidades de nuestro pueblo y sobre todo escuchar nuestras propuestas e ideas de como poder seguir trabajando y ser un mejor aporte para nuestro Cisnes querido\u201d.<\/p>\n<p style=\"text-align: justify;\">Desde la Municipalidad de Cisnes, en la gesti\u00f3n que encabeza el Alcalde Francisco Roncagliolo Lepio junto a todo su equipo, reafirman el compromiso para seguir desarrollando una labor muy coordinada con los y las dirigentas de toda la comuna, ya que, cada iniciativa, proyecto o actividad siempre ha tenido mejores resultados y llega a m\u00e1s personas, gracias a las m\u00e1s diversas organizaciones y sus representantes.<\/p>\n<\/div><\/section><\/div><div  style='height:50px' class='hr hr-invisible   avia-builder-el-6  el_after_av_one_full  el_before_av_social_share '><span class='hr-inner ' ><span class='hr-inner-style'><\/span><\/span><\/div><\/p>\n<div  class='av-social-sharing-box  avia-builder-el-7  el_after_av_hr  el_before_av_hr  '><div class='av-share-box'><h5 class='av-share-link-description av-no-toc '>Compartir esta noticia<\/h5><ul class='av-share-box-list noLightbox'><li class='av-share-link av-social-link-facebook' ><a target=\"_blank\" aria-label=\"Compartir en Facebook\" href='https:\/\/www.facebook.com\/sharer.php?u=https:\/\/radiorevelacionfm.cl\/?p=7227&#038;t=Municipio%20de%20Cisnes%20felicita%20a%20dirigentes%20y%20destaca%20trabajo%20conjunto%20en%20beneficio%20de%20la%20comunidad' aria-hidden='false' data-av_icon='\ue8f3' data-av_iconfont='entypo-fontello' title='' data-avia-related-tooltip='Compartir en Facebook' rel=\"noopener\"><span class='avia_hidden_link_text'>Compartir en Facebook<\/span><\/a><\/li><li class='av-share-link av-social-link-twitter' ><a target=\"_blank\" aria-label=\"Compartir en Twitter\" href='https:\/\/twitter.com\/share?text=Municipio%20de%20Cisnes%20felicita%20a%20dirigentes%20y%20destaca%20trabajo%20conjunto%20en%20beneficio%20de%20la%20comunidad&#038;url=https:\/\/radiorevelacionfm.cl\/?p=7227' aria-hidden='false' data-av_icon='\ue8f1' data-av_iconfont='entypo-fontello' title='' data-avia-related-tooltip='Compartir en Twitter' rel=\"noopener\"><span class='avia_hidden_link_text'>Compartir en Twitter<\/span><\/a><\/li><li class='av-share-link av-social-link-whatsapp' ><a target=\"_blank\" aria-label=\"Compartir en Whatsapp\" href='https:\/\/api.whatsapp.com\/send?text=https:\/\/radiorevelacionfm.cl\/?p=7227' aria-hidden='false' data-av_icon='\uf232' data-av_iconfont='entypo-fontello' title='' data-avia-related-tooltip='Compartir en Whatsapp' rel=\"noopener\"><span class='avia_hidden_link_text'>Compartir en Whatsapp<\/span><\/a><\/li><li class='av-share-link av-social-link-linkedin' ><a target=\"_blank\" aria-label=\"Compartir en LinkedIn\" href='https:\/\/linkedin.com\/shareArticle?mini=true&#038;title=Municipio%20de%20Cisnes%20felicita%20a%20dirigentes%20y%20destaca%20trabajo%20conjunto%20en%20beneficio%20de%20la%20comunidad&#038;url=https:\/\/radiorevelacionfm.cl\/?p=7227' aria-hidden='false' data-av_icon='\ue8fc' data-av_iconfont='entypo-fontello' title='' data-avia-related-tooltip='Compartir en LinkedIn' rel=\"noopener\"><span class='avia_hidden_link_text'>Compartir en LinkedIn<\/span><\/a><\/li><li class='av-share-link av-social-link-mail' ><a  aria-label=\"Compartir por correo\" href='mailto:?subject=Municipio%20de%20Cisnes%20felicita%20a%20dirigentes%20y%20destaca%20trabajo%20conjunto%20en%20beneficio%20de%20la%20comunidad&#038;body=https:\/\/radiorevelacionfm.cl\/?p=7227' aria-hidden='false' data-av_icon='\ue805' data-av_iconfont='entypo-fontello' title='' data-avia-related-tooltip='Compartir por correo'><span class='avia_hidden_link_text'>Compartir por correo<\/span><\/a><\/li><\/ul><\/div><\/div>\n<div  style='height:50px' class='hr hr-invisible   avia-builder-el-8  el_after_av_social_share  el_before_av_comments_list '><span class='hr-inner ' ><span class='hr-inner-style'><\/span><\/span><\/div>\n<div  class='av-buildercomment  av-blog-meta-html-info-disabled av-blog-meta-tag-disabled  '><\/div>\n","protected":false},"excerpt":{"rendered":"","protected":false},"author":1,"featured_media":7228,"comment_status":"open","ping_status":"open","sticky":false,"template":"","format":"standard","meta":{"footnotes":""},"categories":[38],"tags":[],"class_list":["post-7227","post","type-post","status-publish","format-standard","has-post-thumbnail","hentry","category-regional"],"jetpack_featured_media_url":"https:\/\/radiorevelacionfm.cl\/wp-content\/uploads\/2021\/08\/Cisnes-Dirigentes-2-2-1.jpeg","_links":{"self":[{"href":"https:\/\/radiorevelacionfm.cl\/index.php?rest_route=\/wp\/v2\/posts\/7227","targetHints":{"allow":["GET"]}}],"collection":[{"href":"https:\/\/radiorevelacionfm.cl\/index.php?rest_route=\/wp\/v2\/posts"}],"about":[{"href":"https:\/\/radiorevelacionfm.cl\/index.php?rest_route=\/wp\/v2\/types\/post"}],"author":[{"embeddable":true,"href":"https:\/\/radiorevelacionfm.cl\/index.php?rest_route=\/wp\/v2\/users\/1"}],"replies":[{"embeddable":true,"href":"https:\/\/radiorevelacionfm.cl\/index.php?rest_route=%2Fwp%2Fv2%2Fcomments&post=7227"}],"version-history":[{"count":1,"href":"https:\/\/radiorevelacionfm.cl\/index.php?rest_route=\/wp\/v2\/posts\/7227\/revisions"}],"predecessor-version":[{"id":7229,"href":"https:\/\/radiorevelacionfm.cl\/index.php?rest_route=\/wp\/v2\/posts\/7227\/revisions\/7229"}],"wp:featuredmedia":[{"embeddable":true,"href":"https:\/\/radiorevelacionfm.cl\/index.php?rest_route=\/wp\/v2\/media\/7228"}],"wp:attachment":[{"href":"https:\/\/radiorevelacionfm.cl\/index.php?rest_route=%2Fwp%2Fv2%2Fmedia&parent=7227"}],"wp:term":[{"taxonomy":"category","embeddable":true,"href":"https:\/\/radiorevelacionfm.cl\/index.php?rest_route=%2Fwp%2Fv2%2Fcategories&post=7227"},{"taxonomy":"post_tag","embeddable":true,"href":"https:\/\/radiorevelacionfm.cl\/index.php?rest_route=%2Fwp%2Fv2%2Ftags&post=7227"}],"curies":[{"name":"wp","href":"https:\/\/api.w.org\/{rel}","templated":true}]}}