{"id":7222,"date":"2021-08-08T16:34:42","date_gmt":"2021-08-08T19:34:42","guid":{"rendered":"https:\/\/radiorevelacionfm.cl\/?p=7222"},"modified":"2021-08-08T16:34:42","modified_gmt":"2021-08-08T19:34:42","slug":"sandoval-destaca-gestion-del-gobierno-en-el-manejo-y-control-de-la-pandemia-en-la-region-de-aysen","status":"publish","type":"post","link":"https:\/\/radiorevelacionfm.cl\/?p=7222","title":{"rendered":"Sandoval destaca gesti\u00f3n del Gobierno en el manejo y control de la pandemia en la regi\u00f3n de Ays\u00e9n"},"content":{"rendered":"<div class=\"flex_column av_one_full  flex_column_div av-zero-column-padding first  avia-builder-el-0  el_before_av_one_full  avia-builder-el-first  \" style='border-radius:0px; '><div  class='avia-image-container  av-styling-    avia-builder-el-1  avia-builder-el-no-sibling  avia-align-center '  itemprop=\"image\" itemscope=\"itemscope\" itemtype=\"https:\/\/schema.org\/ImageObject\"  ><div class='avia-image-container-inner'><div class='avia-image-overlay-wrap'><img decoding=\"async\" class='wp-image-5969 avia-img-lazy-loading-not-5969 avia_image' src=\"https:\/\/radiorevelacionfm.cl\/wp-content\/uploads\/2021\/07\/Senador-David-Sandoval-1-1.jpg\" alt='' title='Senador David Sandoval (1) (1)' height=\"600\" width=\"900\"  itemprop=\"thumbnailUrl\" srcset=\"https:\/\/radiorevelacionfm.cl\/wp-content\/uploads\/2021\/07\/Senador-David-Sandoval-1-1.jpg 900w, https:\/\/radiorevelacionfm.cl\/wp-content\/uploads\/2021\/07\/Senador-David-Sandoval-1-1-300x200.jpg 300w, https:\/\/radiorevelacionfm.cl\/wp-content\/uploads\/2021\/07\/Senador-David-Sandoval-1-1-768x512.jpg 768w, https:\/\/radiorevelacionfm.cl\/wp-content\/uploads\/2021\/07\/Senador-David-Sandoval-1-1-705x470.jpg 705w, https:\/\/radiorevelacionfm.cl\/wp-content\/uploads\/2021\/07\/Senador-David-Sandoval-1-1-600x400.jpg 600w\" sizes=\"(max-width: 900px) 100vw, 900px\" \/><\/div><\/div><\/div><\/div><div class=\"flex_column av_one_full  flex_column_div av-zero-column-padding first  avia-builder-el-2  el_after_av_one_full  el_before_av_one_full  column-top-margin\" style='border-radius:0px; '><section class=\"av_textblock_section \"  itemscope=\"itemscope\" itemtype=\"https:\/\/schema.org\/BlogPosting\" itemprop=\"blogPost\" ><div class='avia_textblock  '   itemprop=\"text\" ><p style=\"text-align: center;\"><strong><span style=\"font-size: 18pt;\">Sandoval destaca gesti\u00f3n del Gobierno en el manejo y control de la pandemia en la regi\u00f3n de Ays\u00e9n<\/span><\/strong><\/p>\n<div id=\"gtx-trans\" style=\"position: absolute; left: -50px; top: 4.31534px;\">\n<div class=\"gtx-trans-icon\"><\/div>\n<\/div>\n<\/div><\/section><\/div><div class=\"flex_column av_one_full  flex_column_div av-zero-column-padding first  avia-builder-el-4  el_after_av_one_full  el_before_av_hr  column-top-margin\" style='border-radius:0px; '><section class=\"av_textblock_section \"  itemscope=\"itemscope\" itemtype=\"https:\/\/schema.org\/BlogPosting\" itemprop=\"blogPost\" ><div class='avia_textblock  '   itemprop=\"text\" ><p style=\"text-align: justify;\">El parlamentario resalt\u00f3 el trabajo de la seremi Alejandra Valdebenito, su equipo de salud, haciendo especial reconocimiento al compromiso de la comunidad regional.<\/p>\n<p style=\"text-align: justify;\">Luego de que en los \u00faltimos d\u00edas, toda la regi\u00f3n pasara a fase 4 en el plan Paso a Paso, el senador David Sandoval destac\u00f3 la gesti\u00f3n y trabajo del Gobierno, en el manejo y control de la pandemia COVID19 en Ays\u00e9n, valorando la labor de la seremi Alejandra Valdebenito, como autoridad sanitaria regional.<\/p>\n<p style=\"text-align: justify;\">En su tradicional programa radial de los fines de semana, el parlamentario recalc\u00f3 que lo importante es que esto \u201ces fruto del trabajo de un equipo muy grande que hay en el \u00e1mbito de la salud en la regi\u00f3n y muy comprometido\u201d, resaltando lo que se ha hecho en materia de implementaci\u00f3n y puesta en marcha de las diferentes estrategias para enfrentar el tema.<\/p>\n<p style=\"text-align: justify;\">\u201cEl manejo de la pandemia y c\u00f3mo estamos saliendo adelante en esto, es un gran logro del Gobierno\u201d, agreg\u00f3, destacando de igual manera la estrategia impulsada desde el MINSAL, a pesar de los cuestionamientos que en su minuto se hicieron. \u201cEn definitiva, hay un manejo de una pandemia que, a dios gracias, la llevamos adelante con el Gobierno del presidente Pi\u00f1era con mucha apertura, de mucha participaci\u00f3n de diferentes actores\u201d, recalc\u00f3.<\/p>\n<p style=\"text-align: justify;\">En esa l\u00ednea, Sandoval tambi\u00e9n resalt\u00f3 el compromiso mostrado por la comunidad regional para enfrentar lo que ha sido la pandemia en la zona. \u201cHay que mandarle un gran abrazo a la comunidad regional. Siempre hay casos irresponsables, pero debemos reconocer a toda la gente, a la inmensa mayor\u00eda, que se comprometi\u00f3 con esto\u201d, se\u00f1al\u00f3.<\/p>\n<p style=\"text-align: justify;\">Por lo mismo, Sandoval tambi\u00e9n hizo hincapi\u00e9 en que lo que se ha hecho es controlar la diseminaci\u00f3n del virus en la regi\u00f3n y que por lo tanto, hay que seguir manteniendo las medidas de prevenci\u00f3n y autocuidado. \u201cEl virus sigue existiendo y vamos a seguir teniendo casos de COVID en la regi\u00f3n de Ays\u00e9n y por lo mismo es un tema que hay que tenerlo permanentemente en cuidado y eso obliga a mantener esa responsabilidad\u201d, subray\u00f3.<\/p>\n<p style=\"text-align: justify;\">Cabe se\u00f1alar que hasta este s\u00e1bado 7 de agosto, la regi\u00f3n de Ays\u00e9n registraba un total de 30 casos activos por COVID19, mientras que en materia de vacunaci\u00f3n se inform\u00f3, en los \u00faltimos d\u00edas, que hay un 97,78% de cobertura (primera dosis y dosis \u00fanica) con 78.369 dosis administradas y un 94,41% (segunda dosis) con 75.673 dosis.<\/p>\n<\/div><\/section><\/div><div  style='height:50px' class='hr hr-invisible   avia-builder-el-6  el_after_av_one_full  el_before_av_social_share '><span class='hr-inner ' ><span class='hr-inner-style'><\/span><\/span><\/div><\/p>\n<div  class='av-social-sharing-box  avia-builder-el-7  el_after_av_hr  el_before_av_hr  '><div class='av-share-box'><h5 class='av-share-link-description av-no-toc '>Compartir esta noticia<\/h5><ul class='av-share-box-list noLightbox'><li class='av-share-link av-social-link-facebook' ><a target=\"_blank\" aria-label=\"Compartir en Facebook\" href='https:\/\/www.facebook.com\/sharer.php?u=https:\/\/radiorevelacionfm.cl\/?p=7222&#038;t=Sandoval%20destaca%20gesti%C3%B3n%20del%20Gobierno%20en%20el%20manejo%20y%20control%20de%20la%20pandemia%20en%20la%20regi%C3%B3n%20de%20Ays%C3%A9n' aria-hidden='false' data-av_icon='\ue8f3' data-av_iconfont='entypo-fontello' title='' data-avia-related-tooltip='Compartir en Facebook' rel=\"noopener\"><span class='avia_hidden_link_text'>Compartir en Facebook<\/span><\/a><\/li><li class='av-share-link av-social-link-twitter' ><a target=\"_blank\" aria-label=\"Compartir en Twitter\" href='https:\/\/twitter.com\/share?text=Sandoval%20destaca%20gesti%C3%B3n%20del%20Gobierno%20en%20el%20manejo%20y%20control%20de%20la%20pandemia%20en%20la%20regi%C3%B3n%20de%20Ays%C3%A9n&#038;url=https:\/\/radiorevelacionfm.cl\/?p=7222' aria-hidden='false' data-av_icon='\ue8f1' data-av_iconfont='entypo-fontello' title='' data-avia-related-tooltip='Compartir en Twitter' rel=\"noopener\"><span class='avia_hidden_link_text'>Compartir en Twitter<\/span><\/a><\/li><li class='av-share-link av-social-link-whatsapp' ><a target=\"_blank\" aria-label=\"Compartir en Whatsapp\" href='https:\/\/api.whatsapp.com\/send?text=https:\/\/radiorevelacionfm.cl\/?p=7222' aria-hidden='false' data-av_icon='\uf232' data-av_iconfont='entypo-fontello' title='' data-avia-related-tooltip='Compartir en Whatsapp' rel=\"noopener\"><span class='avia_hidden_link_text'>Compartir en Whatsapp<\/span><\/a><\/li><li class='av-share-link av-social-link-linkedin' ><a target=\"_blank\" aria-label=\"Compartir en LinkedIn\" href='https:\/\/linkedin.com\/shareArticle?mini=true&#038;title=Sandoval%20destaca%20gesti%C3%B3n%20del%20Gobierno%20en%20el%20manejo%20y%20control%20de%20la%20pandemia%20en%20la%20regi%C3%B3n%20de%20Ays%C3%A9n&#038;url=https:\/\/radiorevelacionfm.cl\/?p=7222' aria-hidden='false' data-av_icon='\ue8fc' data-av_iconfont='entypo-fontello' title='' data-avia-related-tooltip='Compartir en LinkedIn' rel=\"noopener\"><span class='avia_hidden_link_text'>Compartir en LinkedIn<\/span><\/a><\/li><li class='av-share-link av-social-link-mail' ><a  aria-label=\"Compartir por correo\" href='mailto:?subject=Sandoval%20destaca%20gesti%C3%B3n%20del%20Gobierno%20en%20el%20manejo%20y%20control%20de%20la%20pandemia%20en%20la%20regi%C3%B3n%20de%20Ays%C3%A9n&#038;body=https:\/\/radiorevelacionfm.cl\/?p=7222' aria-hidden='false' data-av_icon='\ue805' data-av_iconfont='entypo-fontello' title='' data-avia-related-tooltip='Compartir por correo'><span class='avia_hidden_link_text'>Compartir por correo<\/span><\/a><\/li><\/ul><\/div><\/div>\n<div  style='height:50px' class='hr hr-invisible   avia-builder-el-8  el_after_av_social_share  el_before_av_comments_list '><span class='hr-inner ' ><span class='hr-inner-style'><\/span><\/span><\/div>\n<div  class='av-buildercomment  av-blog-meta-html-info-disabled av-blog-meta-tag-disabled  '><\/div>\n","protected":false},"excerpt":{"rendered":"","protected":false},"author":1,"featured_media":5969,"comment_status":"open","ping_status":"open","sticky":false,"template":"","format":"standard","meta":{"footnotes":""},"categories":[35],"tags":[],"class_list":["post-7222","post","type-post","status-publish","format-standard","has-post-thumbnail","hentry","category-politica"],"jetpack_featured_media_url":"https:\/\/radiorevelacionfm.cl\/wp-content\/uploads\/2021\/07\/Senador-David-Sandoval-1-1.jpg","_links":{"self":[{"href":"https:\/\/radiorevelacionfm.cl\/index.php?rest_route=\/wp\/v2\/posts\/7222","targetHints":{"allow":["GET"]}}],"collection":[{"href":"https:\/\/radiorevelacionfm.cl\/index.php?rest_route=\/wp\/v2\/posts"}],"about":[{"href":"https:\/\/radiorevelacionfm.cl\/index.php?rest_route=\/wp\/v2\/types\/post"}],"author":[{"embeddable":true,"href":"https:\/\/radiorevelacionfm.cl\/index.php?rest_route=\/wp\/v2\/users\/1"}],"replies":[{"embeddable":true,"href":"https:\/\/radiorevelacionfm.cl\/index.php?rest_route=%2Fwp%2Fv2%2Fcomments&post=7222"}],"version-history":[{"count":1,"href":"https:\/\/radiorevelacionfm.cl\/index.php?rest_route=\/wp\/v2\/posts\/7222\/revisions"}],"predecessor-version":[{"id":7223,"href":"https:\/\/radiorevelacionfm.cl\/index.php?rest_route=\/wp\/v2\/posts\/7222\/revisions\/7223"}],"wp:featuredmedia":[{"embeddable":true,"href":"https:\/\/radiorevelacionfm.cl\/index.php?rest_route=\/wp\/v2\/media\/5969"}],"wp:attachment":[{"href":"https:\/\/radiorevelacionfm.cl\/index.php?rest_route=%2Fwp%2Fv2%2Fmedia&parent=7222"}],"wp:term":[{"taxonomy":"category","embeddable":true,"href":"https:\/\/radiorevelacionfm.cl\/index.php?rest_route=%2Fwp%2Fv2%2Fcategories&post=7222"},{"taxonomy":"post_tag","embeddable":true,"href":"https:\/\/radiorevelacionfm.cl\/index.php?rest_route=%2Fwp%2Fv2%2Ftags&post=7222"}],"curies":[{"name":"wp","href":"https:\/\/api.w.org\/{rel}","templated":true}]}}