{"id":7214,"date":"2021-08-07T15:53:12","date_gmt":"2021-08-07T18:53:12","guid":{"rendered":"https:\/\/radiorevelacionfm.cl\/?p=7214"},"modified":"2021-08-07T15:53:12","modified_gmt":"2021-08-07T18:53:12","slug":"motoqueras-y-motoqueros-invitan-a-la-comunidad-a-celebrar-el-dia-del-nino-a-en-coyhaique","status":"publish","type":"post","link":"https:\/\/radiorevelacionfm.cl\/?p=7214","title":{"rendered":"Motoqueras y motoqueros invitan a la comunidad a celebrar el d\u00eda del ni\u00f1o\/a en Coyhaique"},"content":{"rendered":"<div class=\"flex_column av_one_full  flex_column_div av-zero-column-padding first  avia-builder-el-0  el_before_av_one_full  avia-builder-el-first  \" style='border-radius:0px; '><div  class='avia-image-container  av-styling-    avia-builder-el-1  avia-builder-el-no-sibling  avia-align-center '  itemprop=\"image\" itemscope=\"itemscope\" itemtype=\"https:\/\/schema.org\/ImageObject\"  ><div class='avia-image-container-inner'><div class='avia-image-overlay-wrap'><img decoding=\"async\" class='wp-image-7215 avia-img-lazy-loading-not-7215 avia_image' src=\"https:\/\/radiorevelacionfm.cl\/wp-content\/uploads\/2021\/08\/motoqueros_optimized.jpg\" alt='' title='motoqueros_optimized' height=\"585\" width=\"934\"  itemprop=\"thumbnailUrl\" srcset=\"https:\/\/radiorevelacionfm.cl\/wp-content\/uploads\/2021\/08\/motoqueros_optimized.jpg 934w, https:\/\/radiorevelacionfm.cl\/wp-content\/uploads\/2021\/08\/motoqueros_optimized-300x188.jpg 300w, https:\/\/radiorevelacionfm.cl\/wp-content\/uploads\/2021\/08\/motoqueros_optimized-768x481.jpg 768w, https:\/\/radiorevelacionfm.cl\/wp-content\/uploads\/2021\/08\/motoqueros_optimized-705x442.jpg 705w, https:\/\/radiorevelacionfm.cl\/wp-content\/uploads\/2021\/08\/motoqueros_optimized-600x376.jpg 600w\" sizes=\"(max-width: 934px) 100vw, 934px\" \/><\/div><\/div><\/div><\/div><div class=\"flex_column av_one_full  flex_column_div av-zero-column-padding first  avia-builder-el-2  el_after_av_one_full  el_before_av_one_full  column-top-margin\" style='border-radius:0px; '><section class=\"av_textblock_section \"  itemscope=\"itemscope\" itemtype=\"https:\/\/schema.org\/BlogPosting\" itemprop=\"blogPost\" ><div class='avia_textblock  '   itemprop=\"text\" ><p style=\"text-align: center;\"><strong><span style=\"font-size: 18pt;\">Motoqueras y motoqueros invitan a la comunidad a celebrar el d\u00eda del ni\u00f1o\/a en Coyhaique<\/span><\/strong><\/p>\n<div id=\"gtx-trans\" style=\"position: absolute; left: -50px; top: 4.31534px;\">\n<div class=\"gtx-trans-icon\"><\/div>\n<\/div>\n<\/div><\/section><\/div><div class=\"flex_column av_one_full  flex_column_div av-zero-column-padding first  avia-builder-el-4  el_after_av_one_full  el_before_av_hr  column-top-margin\" style='border-radius:0px; '><section class=\"av_textblock_section \"  itemscope=\"itemscope\" itemtype=\"https:\/\/schema.org\/BlogPosting\" itemprop=\"blogPost\" ><div class='avia_textblock  '   itemprop=\"text\" ><p dir=\"ltr\" style=\"text-align: justify;\">Diversas agrupaciones de motoqueros y motoqueras se har\u00e1n parte de la celebraci\u00f3n del d\u00eda del ni\u00f1o y la ni\u00f1a en Coyhaique. La iniciativa, tiene por objetivo acercar a los m\u00e1s peque\u00f1os y sus familias a la pasi\u00f3n por las motos que cada vez es m\u00e1s popular en la Regi\u00f3n de Ays\u00e9n. Desde Damas de Hielo y Baguales extendieron la invitaci\u00f3n a la comunidad para sumarse a la actividad que se llevar\u00e1 a cabo este domingo 8 de agosto en el sector Bypass de la capital regional.<\/p>\n<p dir=\"ltr\" style=\"text-align: justify;\">Desde las 15:00 horas de este domingo se dar\u00e1n cita en el sector del mirador y estacionamientos del Bypass, las agrupaciones de motoqueros y motoqueras que pondr\u00e1n a disposici\u00f3n de los asistentes sus motos, paseos por el sector y otras actividades que han preparado para los ni\u00f1os y ni\u00f1as que lleguen junto a sus familias.<\/p>\n<p dir=\"ltr\" style=\"text-align: justify;\">Sobre la iniciativa, la presidenta del club de motos femenino Damas de Hielo, Pilar Care coment\u00f3 que \u201ceste fin de semana, hemos querido celebrar a los ni\u00f1os en su d\u00eda y para eso nos hemos estado organizando mucho durante la semana, parti\u00f3 de improviso, pero nos motivamos y estamos todas con muchas ganas de colaborar\u201d.<\/p>\n<p dir=\"ltr\" style=\"text-align: justify;\">\u201cTendremos dulces y bolsitas para regalarles durante el d\u00eda, podr\u00e1n tomarse fotograf\u00edas con nuestras motos, van a haber juegos, payasos y m\u00fasica. As\u00ed es que invitamos a todos a acercarse al sector bypass a partir de las 15:00 horas, los esperamos para compartir junto a nosotros y que salga todo muy bonito para que disfruten\u201d, agreg\u00f3 Pilar.<\/p>\n<p dir=\"ltr\" style=\"text-align: justify;\">En tanto, desde el Club Baguales, su presidente y fundador, John D\u00edaz enfatiz\u00f3 que \u201cel mundo motoquero es muy unido y solidario, siempre estamos dispuestos a brindar una mano a quien lo requiera y este fin de semana celebraremos a los m\u00e1s peque\u00f1os. La actividad, est\u00e1 siendo impulsada por Damas de Hielo, \u00fanico club femenino en la Patagonia y como Baguales nos comprometimos a ser parte de esta iniciativa\u201d.<\/p>\n<p dir=\"ltr\" style=\"text-align: justify;\">\u201cEstaremos realizando paseos, fotograf\u00edas, explic\u00e1ndoles y mostr\u00e1ndoles a ellos la pasi\u00f3n que se vive al subirse a una moto, tendremos algunas sorpresas. Quedan todos cordialmente invitados a sumarse y disfrutar en familia de esta actividad\u201d, concluy\u00f3 D\u00edaz.<\/p>\n<div class=\"yj6qo\" style=\"text-align: justify;\"><\/div>\n<div class=\"adL\" style=\"text-align: justify;\"><\/div>\n<\/div><\/section><\/div><div  style='height:50px' class='hr hr-invisible   avia-builder-el-6  el_after_av_one_full  el_before_av_social_share '><span class='hr-inner ' ><span class='hr-inner-style'><\/span><\/span><\/div><\/p>\n<div  class='av-social-sharing-box  avia-builder-el-7  el_after_av_hr  el_before_av_hr  '><div class='av-share-box'><h5 class='av-share-link-description av-no-toc '>Compartir esta noticia<\/h5><ul class='av-share-box-list noLightbox'><li class='av-share-link av-social-link-facebook' ><a target=\"_blank\" aria-label=\"Compartir en Facebook\" href='https:\/\/www.facebook.com\/sharer.php?u=https:\/\/radiorevelacionfm.cl\/?p=7214&#038;t=Motoqueras%20y%20motoqueros%20invitan%20a%20la%20comunidad%20a%20celebrar%20el%20d%C3%ADa%20del%20ni%C3%B1o%2Fa%20en%20Coyhaique' aria-hidden='false' data-av_icon='\ue8f3' data-av_iconfont='entypo-fontello' title='' data-avia-related-tooltip='Compartir en Facebook' rel=\"noopener\"><span class='avia_hidden_link_text'>Compartir en Facebook<\/span><\/a><\/li><li class='av-share-link av-social-link-twitter' ><a target=\"_blank\" aria-label=\"Compartir en Twitter\" href='https:\/\/twitter.com\/share?text=Motoqueras%20y%20motoqueros%20invitan%20a%20la%20comunidad%20a%20celebrar%20el%20d%C3%ADa%20del%20ni%C3%B1o%2Fa%20en%20Coyhaique&#038;url=https:\/\/radiorevelacionfm.cl\/?p=7214' aria-hidden='false' data-av_icon='\ue8f1' data-av_iconfont='entypo-fontello' title='' data-avia-related-tooltip='Compartir en Twitter' rel=\"noopener\"><span class='avia_hidden_link_text'>Compartir en Twitter<\/span><\/a><\/li><li class='av-share-link av-social-link-whatsapp' ><a target=\"_blank\" aria-label=\"Compartir en Whatsapp\" href='https:\/\/api.whatsapp.com\/send?text=https:\/\/radiorevelacionfm.cl\/?p=7214' aria-hidden='false' data-av_icon='\uf232' data-av_iconfont='entypo-fontello' title='' data-avia-related-tooltip='Compartir en Whatsapp' rel=\"noopener\"><span class='avia_hidden_link_text'>Compartir en Whatsapp<\/span><\/a><\/li><li class='av-share-link av-social-link-linkedin' ><a target=\"_blank\" aria-label=\"Compartir en LinkedIn\" href='https:\/\/linkedin.com\/shareArticle?mini=true&#038;title=Motoqueras%20y%20motoqueros%20invitan%20a%20la%20comunidad%20a%20celebrar%20el%20d%C3%ADa%20del%20ni%C3%B1o%2Fa%20en%20Coyhaique&#038;url=https:\/\/radiorevelacionfm.cl\/?p=7214' aria-hidden='false' data-av_icon='\ue8fc' data-av_iconfont='entypo-fontello' title='' data-avia-related-tooltip='Compartir en LinkedIn' rel=\"noopener\"><span class='avia_hidden_link_text'>Compartir en LinkedIn<\/span><\/a><\/li><li class='av-share-link av-social-link-mail' ><a  aria-label=\"Compartir por correo\" href='mailto:?subject=Motoqueras%20y%20motoqueros%20invitan%20a%20la%20comunidad%20a%20celebrar%20el%20d%C3%ADa%20del%20ni%C3%B1o%2Fa%20en%20Coyhaique&#038;body=https:\/\/radiorevelacionfm.cl\/?p=7214' aria-hidden='false' data-av_icon='\ue805' data-av_iconfont='entypo-fontello' title='' data-avia-related-tooltip='Compartir por correo'><span class='avia_hidden_link_text'>Compartir por correo<\/span><\/a><\/li><\/ul><\/div><\/div>\n<div  style='height:50px' class='hr hr-invisible   avia-builder-el-8  el_after_av_social_share  el_before_av_comments_list '><span class='hr-inner ' ><span class='hr-inner-style'><\/span><\/span><\/div>\n<div  class='av-buildercomment  av-blog-meta-html-info-disabled av-blog-meta-tag-disabled  '><\/div>\n","protected":false},"excerpt":{"rendered":"","protected":false},"author":1,"featured_media":7215,"comment_status":"open","ping_status":"open","sticky":false,"template":"","format":"standard","meta":{"footnotes":""},"categories":[38],"tags":[],"class_list":["post-7214","post","type-post","status-publish","format-standard","has-post-thumbnail","hentry","category-regional"],"jetpack_featured_media_url":"https:\/\/radiorevelacionfm.cl\/wp-content\/uploads\/2021\/08\/motoqueros_optimized.jpg","_links":{"self":[{"href":"https:\/\/radiorevelacionfm.cl\/index.php?rest_route=\/wp\/v2\/posts\/7214","targetHints":{"allow":["GET"]}}],"collection":[{"href":"https:\/\/radiorevelacionfm.cl\/index.php?rest_route=\/wp\/v2\/posts"}],"about":[{"href":"https:\/\/radiorevelacionfm.cl\/index.php?rest_route=\/wp\/v2\/types\/post"}],"author":[{"embeddable":true,"href":"https:\/\/radiorevelacionfm.cl\/index.php?rest_route=\/wp\/v2\/users\/1"}],"replies":[{"embeddable":true,"href":"https:\/\/radiorevelacionfm.cl\/index.php?rest_route=%2Fwp%2Fv2%2Fcomments&post=7214"}],"version-history":[{"count":1,"href":"https:\/\/radiorevelacionfm.cl\/index.php?rest_route=\/wp\/v2\/posts\/7214\/revisions"}],"predecessor-version":[{"id":7216,"href":"https:\/\/radiorevelacionfm.cl\/index.php?rest_route=\/wp\/v2\/posts\/7214\/revisions\/7216"}],"wp:featuredmedia":[{"embeddable":true,"href":"https:\/\/radiorevelacionfm.cl\/index.php?rest_route=\/wp\/v2\/media\/7215"}],"wp:attachment":[{"href":"https:\/\/radiorevelacionfm.cl\/index.php?rest_route=%2Fwp%2Fv2%2Fmedia&parent=7214"}],"wp:term":[{"taxonomy":"category","embeddable":true,"href":"https:\/\/radiorevelacionfm.cl\/index.php?rest_route=%2Fwp%2Fv2%2Fcategories&post=7214"},{"taxonomy":"post_tag","embeddable":true,"href":"https:\/\/radiorevelacionfm.cl\/index.php?rest_route=%2Fwp%2Fv2%2Ftags&post=7214"}],"curies":[{"name":"wp","href":"https:\/\/api.w.org\/{rel}","templated":true}]}}