{"id":7211,"date":"2021-08-07T17:05:09","date_gmt":"2021-08-07T20:05:09","guid":{"rendered":"https:\/\/radiorevelacionfm.cl\/?p=7211"},"modified":"2021-08-07T17:05:09","modified_gmt":"2021-08-07T20:05:09","slug":"comando-de-carlos-maldonado-se-constituye-en-la-region-de-aysen","status":"publish","type":"post","link":"https:\/\/radiorevelacionfm.cl\/?p=7211","title":{"rendered":"Comando de Carlos Maldonado se constituye en la regi\u00f3n de Ays\u00e9n"},"content":{"rendered":"<div class=\"flex_column av_one_full  flex_column_div av-zero-column-padding first  avia-builder-el-0  el_before_av_one_full  avia-builder-el-first  \" style='border-radius:0px; '><div  class='avia-image-container  av-styling-    avia-builder-el-1  avia-builder-el-no-sibling  avia-align-center '  itemprop=\"image\" itemscope=\"itemscope\" itemtype=\"https:\/\/schema.org\/ImageObject\"  ><div class='avia-image-container-inner'><div class='avia-image-overlay-wrap'><img decoding=\"async\" class='wp-image-7212 avia-img-lazy-loading-not-7212 avia_image' src=\"https:\/\/radiorevelacionfm.cl\/wp-content\/uploads\/2021\/08\/foto-comando-regional1.1-1.jpg\" alt='' title='foto comando regional1.1 (1)' height=\"599\" width=\"1140\"  itemprop=\"thumbnailUrl\" srcset=\"https:\/\/radiorevelacionfm.cl\/wp-content\/uploads\/2021\/08\/foto-comando-regional1.1-1.jpg 1140w, https:\/\/radiorevelacionfm.cl\/wp-content\/uploads\/2021\/08\/foto-comando-regional1.1-1-300x158.jpg 300w, https:\/\/radiorevelacionfm.cl\/wp-content\/uploads\/2021\/08\/foto-comando-regional1.1-1-1030x541.jpg 1030w, https:\/\/radiorevelacionfm.cl\/wp-content\/uploads\/2021\/08\/foto-comando-regional1.1-1-768x404.jpg 768w, https:\/\/radiorevelacionfm.cl\/wp-content\/uploads\/2021\/08\/foto-comando-regional1.1-1-705x370.jpg 705w, https:\/\/radiorevelacionfm.cl\/wp-content\/uploads\/2021\/08\/foto-comando-regional1.1-1-600x315.jpg 600w\" sizes=\"(max-width: 1140px) 100vw, 1140px\" \/><\/div><\/div><\/div><\/div><div class=\"flex_column av_one_full  flex_column_div av-zero-column-padding first  avia-builder-el-2  el_after_av_one_full  el_before_av_one_full  column-top-margin\" style='border-radius:0px; '><section class=\"av_textblock_section \"  itemscope=\"itemscope\" itemtype=\"https:\/\/schema.org\/BlogPosting\" itemprop=\"blogPost\" ><div class='avia_textblock  '   itemprop=\"text\" ><p style=\"text-align: center;\"><strong><span style=\"font-size: 18pt;\">Comando de Carlos Maldonado se constituye en la regi\u00f3n de Ays\u00e9n <\/span><\/strong><\/p>\n<div id=\"gtx-trans\" style=\"position: absolute; left: -50px; top: 4.31534px;\">\n<div class=\"gtx-trans-icon\"><\/div>\n<\/div>\n<\/div><\/section><\/div><div class=\"flex_column av_one_full  flex_column_div av-zero-column-padding first  avia-builder-el-4  el_after_av_one_full  el_before_av_hr  column-top-margin\" style='border-radius:0px; '><section class=\"av_textblock_section \"  itemscope=\"itemscope\" itemtype=\"https:\/\/schema.org\/BlogPosting\" itemprop=\"blogPost\" ><div class='avia_textblock  '   itemprop=\"text\" ><p style=\"text-align: justify;\">Con un claro compromiso en romper la desigualdad, consolidar la democracia, convivir mejor y crecer econ\u00f3micamente, es que esta semana se form\u00f3 en la capital regional de Ays\u00e9n el \u201cComando por Carlos Maldonado Curtis\u201d ; en el marco de la realizaci\u00f3n de la Consulta Ciudadana del Pacto de Unidad Constituyente este 21 de agosto en todo el pa\u00eds, proceso que fue f\u00e9rreamente defendido por el Candidato del Partido Radical.<\/p>\n<p style=\"text-align: justify;\">Durante la jornada, en donde se dieron a conocer los Ejes Program\u00e1ticos de la candidatura, se destac\u00f3 como fruto del aporte de muchas y muchos profesionales, militantes del\u00a0 Partido Radical e independientes de las diversas regiones del pa\u00eds y, por sobre todo, encuentros regionales abiertos a la comunidad. En esta l\u00ednea, Gustavo Villarroel, Consejero Regional de la Provincia de Coyhaique, destac\u00f3 que \u201cestas propuestas son el fiel reflejo de nuestras convicciones pol\u00edticas; como las de construir un pa\u00eds m\u00e1s justo con un Estado fuerte y proactivo en la provisi\u00f3n de bienes p\u00fablicos y en la satisfacci\u00f3n de las necesidades sociales, son las que encarnan fielmente\u00a0 las aspiraciones de todo un pa\u00eds\u201d.<\/p>\n<p style=\"text-align: justify;\">Por su parte Karina Acevedo, pre candidata a Diputada se\u00f1alo que Carlos Maldonado Curtis \u201crepresenta una propuesta de crecimiento integral de nuestro pa\u00eds; un crecimiento de forma inclusiva y equitativa, en forma sustentable, respetando el medio ambiente y a todas las personas, independiente de su orientaci\u00f3n sexual, etnia y\/o condici\u00f3n social. Una econom\u00eda crece m\u00e1s cuando aprovecha los talentos de todas y todos, y no s\u00f3lo de los m\u00e1s privilegiados. Carlos Maldonado ha sido expl\u00edcito en plantear que necesitamos una Reforma Tributaria que nos permita recaudar m\u00e1s y mejor, para mejorar la distribuci\u00f3n del ingreso, mejorar la din\u00e1mica fiscal de ingresos versus gastos, y atender la urgente necesidad de aumentar la cobertura y calidad de las prestaciones sociales. Tambi\u00e9n desarrollar Pensiones con un fuerte aporte estatal y la Educaci\u00f3n como eje de nuestro desarrollo global\u201d puntualiz\u00f3.<\/p>\n<p style=\"text-align: justify;\">Cabe indicar que tambi\u00e9n se han sumado al trabajo territorial nuestros Alcaldes en ejercicio Julio Uribe Alvarado de Ays\u00e9n y Jorge Calder\u00f3n N\u00fa\u00f1ez de Cochrane.<\/p>\n<p style=\"text-align: justify;\">Finalmente, Guillermo Mart\u00ednez, coordinador regional del Comando, hizo un llamado a todas y todos los independientes de nuestra regi\u00f3n a sumarse a la campa\u00f1a de Carlos Maldonado y a participar en la Consulta Ciudadana , que se realizar\u00e1 el s\u00e1bado 21 de agosto en todo el pa\u00eds.<\/p>\n<\/div><\/section><\/div><div  style='height:50px' class='hr hr-invisible   avia-builder-el-6  el_after_av_one_full  el_before_av_social_share '><span class='hr-inner ' ><span class='hr-inner-style'><\/span><\/span><\/div><\/p>\n<div  class='av-social-sharing-box  avia-builder-el-7  el_after_av_hr  el_before_av_hr  '><div class='av-share-box'><h5 class='av-share-link-description av-no-toc '>Compartir esta noticia<\/h5><ul class='av-share-box-list noLightbox'><li class='av-share-link av-social-link-facebook' ><a target=\"_blank\" aria-label=\"Compartir en Facebook\" href='https:\/\/www.facebook.com\/sharer.php?u=https:\/\/radiorevelacionfm.cl\/?p=7211&#038;t=Comando%20de%20Carlos%20Maldonado%20se%20constituye%20en%20la%20regi%C3%B3n%20de%20Ays%C3%A9n' aria-hidden='false' data-av_icon='\ue8f3' data-av_iconfont='entypo-fontello' title='' data-avia-related-tooltip='Compartir en Facebook' rel=\"noopener\"><span class='avia_hidden_link_text'>Compartir en Facebook<\/span><\/a><\/li><li class='av-share-link av-social-link-twitter' ><a target=\"_blank\" aria-label=\"Compartir en Twitter\" href='https:\/\/twitter.com\/share?text=Comando%20de%20Carlos%20Maldonado%20se%20constituye%20en%20la%20regi%C3%B3n%20de%20Ays%C3%A9n&#038;url=https:\/\/radiorevelacionfm.cl\/?p=7211' aria-hidden='false' data-av_icon='\ue8f1' data-av_iconfont='entypo-fontello' title='' data-avia-related-tooltip='Compartir en Twitter' rel=\"noopener\"><span class='avia_hidden_link_text'>Compartir en Twitter<\/span><\/a><\/li><li class='av-share-link av-social-link-whatsapp' ><a target=\"_blank\" aria-label=\"Compartir en Whatsapp\" href='https:\/\/api.whatsapp.com\/send?text=https:\/\/radiorevelacionfm.cl\/?p=7211' aria-hidden='false' data-av_icon='\uf232' data-av_iconfont='entypo-fontello' title='' data-avia-related-tooltip='Compartir en Whatsapp' rel=\"noopener\"><span class='avia_hidden_link_text'>Compartir en Whatsapp<\/span><\/a><\/li><li class='av-share-link av-social-link-linkedin' ><a target=\"_blank\" aria-label=\"Compartir en LinkedIn\" href='https:\/\/linkedin.com\/shareArticle?mini=true&#038;title=Comando%20de%20Carlos%20Maldonado%20se%20constituye%20en%20la%20regi%C3%B3n%20de%20Ays%C3%A9n&#038;url=https:\/\/radiorevelacionfm.cl\/?p=7211' aria-hidden='false' data-av_icon='\ue8fc' data-av_iconfont='entypo-fontello' title='' data-avia-related-tooltip='Compartir en LinkedIn' rel=\"noopener\"><span class='avia_hidden_link_text'>Compartir en LinkedIn<\/span><\/a><\/li><li class='av-share-link av-social-link-mail' ><a  aria-label=\"Compartir por correo\" href='mailto:?subject=Comando%20de%20Carlos%20Maldonado%20se%20constituye%20en%20la%20regi%C3%B3n%20de%20Ays%C3%A9n&#038;body=https:\/\/radiorevelacionfm.cl\/?p=7211' aria-hidden='false' data-av_icon='\ue805' data-av_iconfont='entypo-fontello' title='' data-avia-related-tooltip='Compartir por correo'><span class='avia_hidden_link_text'>Compartir por correo<\/span><\/a><\/li><\/ul><\/div><\/div>\n<div  style='height:50px' class='hr hr-invisible   avia-builder-el-8  el_after_av_social_share  el_before_av_comments_list '><span class='hr-inner ' ><span class='hr-inner-style'><\/span><\/span><\/div>\n<div  class='av-buildercomment  av-blog-meta-html-info-disabled av-blog-meta-tag-disabled  '><\/div>\n","protected":false},"excerpt":{"rendered":"","protected":false},"author":1,"featured_media":7212,"comment_status":"open","ping_status":"open","sticky":false,"template":"","format":"standard","meta":{"footnotes":""},"categories":[35],"tags":[],"class_list":["post-7211","post","type-post","status-publish","format-standard","has-post-thumbnail","hentry","category-politica"],"jetpack_featured_media_url":"https:\/\/radiorevelacionfm.cl\/wp-content\/uploads\/2021\/08\/foto-comando-regional1.1-1.jpg","_links":{"self":[{"href":"https:\/\/radiorevelacionfm.cl\/index.php?rest_route=\/wp\/v2\/posts\/7211","targetHints":{"allow":["GET"]}}],"collection":[{"href":"https:\/\/radiorevelacionfm.cl\/index.php?rest_route=\/wp\/v2\/posts"}],"about":[{"href":"https:\/\/radiorevelacionfm.cl\/index.php?rest_route=\/wp\/v2\/types\/post"}],"author":[{"embeddable":true,"href":"https:\/\/radiorevelacionfm.cl\/index.php?rest_route=\/wp\/v2\/users\/1"}],"replies":[{"embeddable":true,"href":"https:\/\/radiorevelacionfm.cl\/index.php?rest_route=%2Fwp%2Fv2%2Fcomments&post=7211"}],"version-history":[{"count":1,"href":"https:\/\/radiorevelacionfm.cl\/index.php?rest_route=\/wp\/v2\/posts\/7211\/revisions"}],"predecessor-version":[{"id":7213,"href":"https:\/\/radiorevelacionfm.cl\/index.php?rest_route=\/wp\/v2\/posts\/7211\/revisions\/7213"}],"wp:featuredmedia":[{"embeddable":true,"href":"https:\/\/radiorevelacionfm.cl\/index.php?rest_route=\/wp\/v2\/media\/7212"}],"wp:attachment":[{"href":"https:\/\/radiorevelacionfm.cl\/index.php?rest_route=%2Fwp%2Fv2%2Fmedia&parent=7211"}],"wp:term":[{"taxonomy":"category","embeddable":true,"href":"https:\/\/radiorevelacionfm.cl\/index.php?rest_route=%2Fwp%2Fv2%2Fcategories&post=7211"},{"taxonomy":"post_tag","embeddable":true,"href":"https:\/\/radiorevelacionfm.cl\/index.php?rest_route=%2Fwp%2Fv2%2Ftags&post=7211"}],"curies":[{"name":"wp","href":"https:\/\/api.w.org\/{rel}","templated":true}]}}