{"id":7208,"date":"2021-08-07T13:26:29","date_gmt":"2021-08-07T16:26:29","guid":{"rendered":"https:\/\/radiorevelacionfm.cl\/?p=7208"},"modified":"2021-08-07T13:26:29","modified_gmt":"2021-08-07T16:26:29","slug":"region-de-aysen-registro-87-por-ciento-de-presencialidad-durante-la-primera-semana-del-retorno-a-clases","status":"publish","type":"post","link":"https:\/\/radiorevelacionfm.cl\/?p=7208","title":{"rendered":"Regi\u00f3n de Ays\u00e9n registr\u00f3 87 por ciento de presencialidad durante la primera semana del retorno a clases"},"content":{"rendered":"<div class=\"flex_column av_one_full  flex_column_div av-zero-column-padding first  avia-builder-el-0  el_before_av_one_full  avia-builder-el-first  \" style='border-radius:0px; '><div  class='avia-image-container  av-styling-    avia-builder-el-1  avia-builder-el-no-sibling  avia-align-center '  itemprop=\"image\" itemscope=\"itemscope\" itemtype=\"https:\/\/schema.org\/ImageObject\"  ><div class='avia-image-container-inner'><div class='avia-image-overlay-wrap'><img decoding=\"async\" class='wp-image-7209 avia-img-lazy-loading-not-7209 avia_image' src=\"https:\/\/radiorevelacionfm.cl\/wp-content\/uploads\/2021\/08\/presencialidad1-1.jpeg\" alt='' title='presencialidad1 (1)' height=\"600\" width=\"1067\"  itemprop=\"thumbnailUrl\" srcset=\"https:\/\/radiorevelacionfm.cl\/wp-content\/uploads\/2021\/08\/presencialidad1-1.jpeg 1067w, https:\/\/radiorevelacionfm.cl\/wp-content\/uploads\/2021\/08\/presencialidad1-1-300x169.jpeg 300w, https:\/\/radiorevelacionfm.cl\/wp-content\/uploads\/2021\/08\/presencialidad1-1-1030x579.jpeg 1030w, https:\/\/radiorevelacionfm.cl\/wp-content\/uploads\/2021\/08\/presencialidad1-1-768x432.jpeg 768w, https:\/\/radiorevelacionfm.cl\/wp-content\/uploads\/2021\/08\/presencialidad1-1-705x396.jpeg 705w, https:\/\/radiorevelacionfm.cl\/wp-content\/uploads\/2021\/08\/presencialidad1-1-600x337.jpeg 600w\" sizes=\"(max-width: 1067px) 100vw, 1067px\" \/><\/div><\/div><\/div><\/div><div class=\"flex_column av_one_full  flex_column_div av-zero-column-padding first  avia-builder-el-2  el_after_av_one_full  el_before_av_one_full  column-top-margin\" style='border-radius:0px; '><section class=\"av_textblock_section \"  itemscope=\"itemscope\" itemtype=\"https:\/\/schema.org\/BlogPosting\" itemprop=\"blogPost\" ><div class='avia_textblock  '   itemprop=\"text\" ><p style=\"text-align: center;\"><strong><span style=\"font-size: 18pt;\">Regi\u00f3n de Ays\u00e9n registr\u00f3 87 por ciento de presencialidad durante la primera semana del retorno a clases<\/span><\/strong><\/p>\n<div id=\"gtx-trans\" style=\"position: absolute; left: -50px; top: 4.31534px;\">\n<div class=\"gtx-trans-icon\"><\/div>\n<\/div>\n<\/div><\/section><\/div><div class=\"flex_column av_one_full  flex_column_div av-zero-column-padding first  avia-builder-el-4  el_after_av_one_full  el_before_av_hr  column-top-margin\" style='border-radius:0px; '><section class=\"av_textblock_section \"  itemscope=\"itemscope\" itemtype=\"https:\/\/schema.org\/BlogPosting\" itemprop=\"blogPost\" ><div class='avia_textblock  '   itemprop=\"text\" ><p style=\"font-weight: 400; text-align: justify;\">El Seremi de Educaci\u00f3n Sergio Becerra Mera inform\u00f3 que la Regi\u00f3n de Ays\u00e9n registr\u00f3 un porcentaje de 87 por ciento de presencialidad de los establecimientos educacionales: escuelas, liceos y jardines infantiles y salas cunas, durante la primera semana del segundo semestre escolar, que se inici\u00f3 el Lunes 02 de Agosto.<\/p>\n<p style=\"font-weight: 400; text-align: justify;\">El titular de Educaci\u00f3n detall\u00f3 que de los 134 establecimientos educacionales: colegios y jardines infantiles, 117 est\u00e1n abiertos con clases presenciales.<\/p>\n<p style=\"font-weight: 400; text-align: justify;\">De los 85 colegios: escuelas y liceos que hay en la regi\u00f3n 72 est\u00e1n atendiendo con clases presenciales, lo que equivale al 85 por ciento. En Educaci\u00f3n Parvularia; de los 49 jardines infantiles y salas cunas que funcionan en la regi\u00f3n, 45 est\u00e1n abiertos con actividad presencial lo que equivale a un 92 por ciento.<\/p>\n<p style=\"font-weight: 400; text-align: justify;\">En el caso de los colegios y por dependencia, de los 56 planteles municipales de la regi\u00f3n el 86 por ciento est\u00e1 con clases presenciales. En tanto, de los 28 establecimientos particulares subvencionados el 82 por ciento est\u00e1 con clases presenciales.<\/p>\n<p style=\"font-weight: 400; text-align: justify;\">Sergio Becerra valor\u00f3 este alto porcentaje de presencialidad alcanzado durante la primera semana de clases del segundo semestre.<\/p>\n<p style=\"font-weight: 400; text-align: justify;\">\u201cEstas cifras nos alegran porque significan que nuestros ni\u00f1os y j\u00f3venes est\u00e1n asistiendo nuevamente a la escuela, al liceo y al jard\u00edn infantil, que son los espacios naturales de aprendizaje y desarrollo socioemocional. Nuestros colegios adem\u00e1s hoy ofrecen seguridad en el \u00e1mbito sanitario. Esperamos que esta cifra de presencialidad siga aumentando ya que los establecimientos educacionales est\u00e1n preparados para recibir a los estudiantes\u00a0 y la idea es que sean los padres y las familias quienes decidan enviar o no a clases a sus hijos\u201d,<\/p>\n<p style=\"font-weight: 400; text-align: justify;\">Por ello, la autoridad de educaci\u00f3n hizo un llamado a los sostenedores de colegios que a\u00fan no han abierto a redoblar esfuerzos para poder recibir a la brevedad a sus estudiantes.<\/p>\n<p style=\"font-weight: 400; text-align: justify;\">\u201dNuestros ni\u00f1os han perdido valiosos aprendizajes acad\u00e9micos y han visto afectado su desarrollo socioemocional por la falta de clases, por lo que es urgente retomar la presencialidad cuanto antes\u201d.<\/p>\n<p style=\"font-weight: 400; text-align: justify;\">Durante el primer semestre del a\u00f1o escolar 2021 la presencialidad en los colegios de Ays\u00e9n alcanz\u00f3 un 99 por ciento y en los 49 jardines infantiles y salas cunas fue de un 100 por ciento, los porcentajes m\u00e1s altos del pa\u00eds\u201d.<\/p>\n<\/div><\/section><\/div><div  style='height:50px' class='hr hr-invisible   avia-builder-el-6  el_after_av_one_full  el_before_av_social_share '><span class='hr-inner ' ><span class='hr-inner-style'><\/span><\/span><\/div><\/p>\n<div  class='av-social-sharing-box  avia-builder-el-7  el_after_av_hr  el_before_av_hr  '><div class='av-share-box'><h5 class='av-share-link-description av-no-toc '>Compartir esta noticia<\/h5><ul class='av-share-box-list noLightbox'><li class='av-share-link av-social-link-facebook' ><a target=\"_blank\" aria-label=\"Compartir en Facebook\" href='https:\/\/www.facebook.com\/sharer.php?u=https:\/\/radiorevelacionfm.cl\/?p=7208&#038;t=Regi%C3%B3n%20de%20Ays%C3%A9n%20registr%C3%B3%2087%20por%20ciento%20de%20presencialidad%20durante%20la%20primera%20semana%20del%20retorno%20a%20clases' aria-hidden='false' data-av_icon='\ue8f3' data-av_iconfont='entypo-fontello' title='' data-avia-related-tooltip='Compartir en Facebook' rel=\"noopener\"><span class='avia_hidden_link_text'>Compartir en Facebook<\/span><\/a><\/li><li class='av-share-link av-social-link-twitter' ><a target=\"_blank\" aria-label=\"Compartir en Twitter\" href='https:\/\/twitter.com\/share?text=Regi%C3%B3n%20de%20Ays%C3%A9n%20registr%C3%B3%2087%20por%20ciento%20de%20presencialidad%20durante%20la%20primera%20semana%20del%20retorno%20a%20clases&#038;url=https:\/\/radiorevelacionfm.cl\/?p=7208' aria-hidden='false' data-av_icon='\ue8f1' data-av_iconfont='entypo-fontello' title='' data-avia-related-tooltip='Compartir en Twitter' rel=\"noopener\"><span class='avia_hidden_link_text'>Compartir en Twitter<\/span><\/a><\/li><li class='av-share-link av-social-link-whatsapp' ><a target=\"_blank\" aria-label=\"Compartir en Whatsapp\" href='https:\/\/api.whatsapp.com\/send?text=https:\/\/radiorevelacionfm.cl\/?p=7208' aria-hidden='false' data-av_icon='\uf232' data-av_iconfont='entypo-fontello' title='' data-avia-related-tooltip='Compartir en Whatsapp' rel=\"noopener\"><span class='avia_hidden_link_text'>Compartir en Whatsapp<\/span><\/a><\/li><li class='av-share-link av-social-link-linkedin' ><a target=\"_blank\" aria-label=\"Compartir en LinkedIn\" href='https:\/\/linkedin.com\/shareArticle?mini=true&#038;title=Regi%C3%B3n%20de%20Ays%C3%A9n%20registr%C3%B3%2087%20por%20ciento%20de%20presencialidad%20durante%20la%20primera%20semana%20del%20retorno%20a%20clases&#038;url=https:\/\/radiorevelacionfm.cl\/?p=7208' aria-hidden='false' data-av_icon='\ue8fc' data-av_iconfont='entypo-fontello' title='' data-avia-related-tooltip='Compartir en LinkedIn' rel=\"noopener\"><span class='avia_hidden_link_text'>Compartir en LinkedIn<\/span><\/a><\/li><li class='av-share-link av-social-link-mail' ><a  aria-label=\"Compartir por correo\" href='mailto:?subject=Regi%C3%B3n%20de%20Ays%C3%A9n%20registr%C3%B3%2087%20por%20ciento%20de%20presencialidad%20durante%20la%20primera%20semana%20del%20retorno%20a%20clases&#038;body=https:\/\/radiorevelacionfm.cl\/?p=7208' aria-hidden='false' data-av_icon='\ue805' data-av_iconfont='entypo-fontello' title='' data-avia-related-tooltip='Compartir por correo'><span class='avia_hidden_link_text'>Compartir por correo<\/span><\/a><\/li><\/ul><\/div><\/div>\n<div  style='height:50px' class='hr hr-invisible   avia-builder-el-8  el_after_av_social_share  el_before_av_comments_list '><span class='hr-inner ' ><span class='hr-inner-style'><\/span><\/span><\/div>\n<div  class='av-buildercomment  av-blog-meta-html-info-disabled av-blog-meta-tag-disabled  '><\/div>\n","protected":false},"excerpt":{"rendered":"","protected":false},"author":1,"featured_media":7209,"comment_status":"open","ping_status":"open","sticky":false,"template":"","format":"standard","meta":{"footnotes":""},"categories":[49],"tags":[],"class_list":["post-7208","post","type-post","status-publish","format-standard","has-post-thumbnail","hentry","category-educacion"],"jetpack_featured_media_url":"https:\/\/radiorevelacionfm.cl\/wp-content\/uploads\/2021\/08\/presencialidad1-1.jpeg","_links":{"self":[{"href":"https:\/\/radiorevelacionfm.cl\/index.php?rest_route=\/wp\/v2\/posts\/7208","targetHints":{"allow":["GET"]}}],"collection":[{"href":"https:\/\/radiorevelacionfm.cl\/index.php?rest_route=\/wp\/v2\/posts"}],"about":[{"href":"https:\/\/radiorevelacionfm.cl\/index.php?rest_route=\/wp\/v2\/types\/post"}],"author":[{"embeddable":true,"href":"https:\/\/radiorevelacionfm.cl\/index.php?rest_route=\/wp\/v2\/users\/1"}],"replies":[{"embeddable":true,"href":"https:\/\/radiorevelacionfm.cl\/index.php?rest_route=%2Fwp%2Fv2%2Fcomments&post=7208"}],"version-history":[{"count":1,"href":"https:\/\/radiorevelacionfm.cl\/index.php?rest_route=\/wp\/v2\/posts\/7208\/revisions"}],"predecessor-version":[{"id":7210,"href":"https:\/\/radiorevelacionfm.cl\/index.php?rest_route=\/wp\/v2\/posts\/7208\/revisions\/7210"}],"wp:featuredmedia":[{"embeddable":true,"href":"https:\/\/radiorevelacionfm.cl\/index.php?rest_route=\/wp\/v2\/media\/7209"}],"wp:attachment":[{"href":"https:\/\/radiorevelacionfm.cl\/index.php?rest_route=%2Fwp%2Fv2%2Fmedia&parent=7208"}],"wp:term":[{"taxonomy":"category","embeddable":true,"href":"https:\/\/radiorevelacionfm.cl\/index.php?rest_route=%2Fwp%2Fv2%2Fcategories&post=7208"},{"taxonomy":"post_tag","embeddable":true,"href":"https:\/\/radiorevelacionfm.cl\/index.php?rest_route=%2Fwp%2Fv2%2Ftags&post=7208"}],"curies":[{"name":"wp","href":"https:\/\/api.w.org\/{rel}","templated":true}]}}