{"id":7201,"date":"2021-08-06T22:17:57","date_gmt":"2021-08-07T01:17:57","guid":{"rendered":"https:\/\/radiorevelacionfm.cl\/?p=7201"},"modified":"2021-08-06T22:17:57","modified_gmt":"2021-08-07T01:17:57","slug":"domingo-quidel-critico-silencio-del-gobierno-y-parlamentarios-frente-al-alza-en-el-precio-de-los-combustibles","status":"publish","type":"post","link":"https:\/\/radiorevelacionfm.cl\/?p=7201","title":{"rendered":"Domingo Quidel critic\u00f3 silencio del gobierno y parlamentarios frente al alza en el precio de los combustibles"},"content":{"rendered":"<div class=\"flex_column av_one_full  flex_column_div av-zero-column-padding first  avia-builder-el-0  el_before_av_one_full  avia-builder-el-first  \" style='border-radius:0px; '><div  class='avia-image-container  av-styling-    avia-builder-el-1  avia-builder-el-no-sibling  avia-align-center '  itemprop=\"image\" itemscope=\"itemscope\" itemtype=\"https:\/\/schema.org\/ImageObject\"  ><div class='avia-image-container-inner'><div class='avia-image-overlay-wrap'><img decoding=\"async\" class='wp-image-7202 avia-img-lazy-loading-not-7202 avia_image' src=\"https:\/\/radiorevelacionfm.cl\/wp-content\/uploads\/2021\/08\/domingo-quidel-1-1_optimized.jpg\" alt='' title='domingo-quidel-1-(1)_optimized' height=\"600\" width=\"1033\"  itemprop=\"thumbnailUrl\" srcset=\"https:\/\/radiorevelacionfm.cl\/wp-content\/uploads\/2021\/08\/domingo-quidel-1-1_optimized.jpg 1033w, https:\/\/radiorevelacionfm.cl\/wp-content\/uploads\/2021\/08\/domingo-quidel-1-1_optimized-300x174.jpg 300w, https:\/\/radiorevelacionfm.cl\/wp-content\/uploads\/2021\/08\/domingo-quidel-1-1_optimized-1030x598.jpg 1030w, https:\/\/radiorevelacionfm.cl\/wp-content\/uploads\/2021\/08\/domingo-quidel-1-1_optimized-768x446.jpg 768w, https:\/\/radiorevelacionfm.cl\/wp-content\/uploads\/2021\/08\/domingo-quidel-1-1_optimized-705x409.jpg 705w, https:\/\/radiorevelacionfm.cl\/wp-content\/uploads\/2021\/08\/domingo-quidel-1-1_optimized-600x348.jpg 600w\" sizes=\"(max-width: 1033px) 100vw, 1033px\" \/><\/div><\/div><\/div><\/div><div class=\"flex_column av_one_full  flex_column_div av-zero-column-padding first  avia-builder-el-2  el_after_av_one_full  el_before_av_one_full  column-top-margin\" style='border-radius:0px; '><section class=\"av_textblock_section \"  itemscope=\"itemscope\" itemtype=\"https:\/\/schema.org\/BlogPosting\" itemprop=\"blogPost\" ><div class='avia_textblock  '   itemprop=\"text\" ><p style=\"text-align: center;\"><strong><span style=\"font-size: 18pt;\">Domingo Quidel critic\u00f3 silencio del gobierno y parlamentarios frente al alza en el precio de los combustibles<\/span><\/strong><\/p>\n<div id=\"gtx-trans\" style=\"position: absolute; left: -50px; top: 4.31534px;\">\n<div class=\"gtx-trans-icon\"><\/div>\n<\/div>\n<\/div><\/section><\/div><div class=\"flex_column av_one_full  flex_column_div av-zero-column-padding first  avia-builder-el-4  el_after_av_one_full  el_before_av_hr  column-top-margin\" style='border-radius:0px; '><section class=\"av_textblock_section \"  itemscope=\"itemscope\" itemtype=\"https:\/\/schema.org\/BlogPosting\" itemprop=\"blogPost\" ><div class='avia_textblock  '   itemprop=\"text\" ><p style=\"text-align: justify;\">Si bien esta semana existi\u00f3 una baja muy menor, pero en las \u00faltimas semanas hubo un alza sistem\u00e1tica en el precio de los combustibles, lo que se hace notar a\u00fan m\u00e1s en nuestra regi\u00f3n, ya que los valores son inmensamente distintos a otras zonas del pa\u00eds.<\/p>\n<p style=\"text-align: justify;\">Esta es una situaci\u00f3n en la que el pre-candidato a Consejero Regional de la provincia de Ays\u00e9n, Domingo Quidel Vel\u00e1squez, quiso hacer p\u00fablica, criticando la falta de sensibilidad de las autoridades de Gobierno y los Parlamentarios.<\/p>\n<p style=\"text-align: justify;\">\u201cLa falta de sensibilidad social y econ\u00f3mica que tienen nuestras autoridades regionales desde la Delegada Presidencial y Parlamentarios frente al alza sistem\u00e1tica en los precios de los combustibles en la regi\u00f3n de Ays\u00e9n y el pa\u00eds. En nuestra Regi\u00f3n de Ays\u00e9n, ya existe preocupaci\u00f3n de nuestros vecinos y vecinas, dado que en algunas comunas y localidades los precios de la bencina han superado los 1000 pesos. Frente aquello, no existe bolsillo que soporte dicha problem\u00e1tica. Sabemos de los efectos negativos que trae consigo dicha situaci\u00f3n, como son, encarecer el transporte que impacta en el alza de precio de los productos que se comercializan; aumentan la tarifa de la locomoci\u00f3n p\u00fablica y privada, entre otros servicios b\u00e1sicos regionales como luz, agua y calefacci\u00f3n\u201d.<\/p>\n<p style=\"text-align: justify;\">Quidel a\u00f1adi\u00f3 que, \u201ccomo precandidato a Consejero Regional, hago un llamado a nuestras autoridades regionales desde la Delegada Presidencial y Parlamentarios que est\u00e9n a la altura de los tiempos asumiendo un rol protag\u00f3nico frente al Gobierno Central que permita buscar una soluci\u00f3n definitiva a los altos costos que debemos pagar en el precio de los combustibles en nuestra regi\u00f3n. Emplazo al Gobierno de Sebasti\u00e1n Pi\u00f1era que presente prontamente una iniciativa legal al Congreso Nacional, que permita eliminar o reducir el impuesto espec\u00edfico a los combustibles, modificando el\u00a0Mecanismo de Estabilizaci\u00f3n de Precios de los Combustibles\u201d, puntualiz\u00f3.<\/p>\n<\/div><\/section><\/div><div  style='height:50px' class='hr hr-invisible   avia-builder-el-6  el_after_av_one_full  el_before_av_social_share '><span class='hr-inner ' ><span class='hr-inner-style'><\/span><\/span><\/div><\/p>\n<div  class='av-social-sharing-box  avia-builder-el-7  el_after_av_hr  el_before_av_hr  '><div class='av-share-box'><h5 class='av-share-link-description av-no-toc '>Compartir esta noticia<\/h5><ul class='av-share-box-list noLightbox'><li class='av-share-link av-social-link-facebook' ><a target=\"_blank\" aria-label=\"Compartir en Facebook\" href='https:\/\/www.facebook.com\/sharer.php?u=https:\/\/radiorevelacionfm.cl\/?p=7201&#038;t=Domingo%20Quidel%20critic%C3%B3%20silencio%20del%20gobierno%20y%20parlamentarios%20frente%20al%20alza%20en%20el%20precio%20de%20los%20combustibles' aria-hidden='false' data-av_icon='\ue8f3' data-av_iconfont='entypo-fontello' title='' data-avia-related-tooltip='Compartir en Facebook' rel=\"noopener\"><span class='avia_hidden_link_text'>Compartir en Facebook<\/span><\/a><\/li><li class='av-share-link av-social-link-twitter' ><a target=\"_blank\" aria-label=\"Compartir en Twitter\" href='https:\/\/twitter.com\/share?text=Domingo%20Quidel%20critic%C3%B3%20silencio%20del%20gobierno%20y%20parlamentarios%20frente%20al%20alza%20en%20el%20precio%20de%20los%20combustibles&#038;url=https:\/\/radiorevelacionfm.cl\/?p=7201' aria-hidden='false' data-av_icon='\ue8f1' data-av_iconfont='entypo-fontello' title='' data-avia-related-tooltip='Compartir en Twitter' rel=\"noopener\"><span class='avia_hidden_link_text'>Compartir en Twitter<\/span><\/a><\/li><li class='av-share-link av-social-link-whatsapp' ><a target=\"_blank\" aria-label=\"Compartir en Whatsapp\" href='https:\/\/api.whatsapp.com\/send?text=https:\/\/radiorevelacionfm.cl\/?p=7201' aria-hidden='false' data-av_icon='\uf232' data-av_iconfont='entypo-fontello' title='' data-avia-related-tooltip='Compartir en Whatsapp' rel=\"noopener\"><span class='avia_hidden_link_text'>Compartir en Whatsapp<\/span><\/a><\/li><li class='av-share-link av-social-link-linkedin' ><a target=\"_blank\" aria-label=\"Compartir en LinkedIn\" href='https:\/\/linkedin.com\/shareArticle?mini=true&#038;title=Domingo%20Quidel%20critic%C3%B3%20silencio%20del%20gobierno%20y%20parlamentarios%20frente%20al%20alza%20en%20el%20precio%20de%20los%20combustibles&#038;url=https:\/\/radiorevelacionfm.cl\/?p=7201' aria-hidden='false' data-av_icon='\ue8fc' data-av_iconfont='entypo-fontello' title='' data-avia-related-tooltip='Compartir en LinkedIn' rel=\"noopener\"><span class='avia_hidden_link_text'>Compartir en LinkedIn<\/span><\/a><\/li><li class='av-share-link av-social-link-mail' ><a  aria-label=\"Compartir por correo\" href='mailto:?subject=Domingo%20Quidel%20critic%C3%B3%20silencio%20del%20gobierno%20y%20parlamentarios%20frente%20al%20alza%20en%20el%20precio%20de%20los%20combustibles&#038;body=https:\/\/radiorevelacionfm.cl\/?p=7201' aria-hidden='false' data-av_icon='\ue805' data-av_iconfont='entypo-fontello' title='' data-avia-related-tooltip='Compartir por correo'><span class='avia_hidden_link_text'>Compartir por correo<\/span><\/a><\/li><\/ul><\/div><\/div>\n<div  style='height:50px' class='hr hr-invisible   avia-builder-el-8  el_after_av_social_share  el_before_av_comments_list '><span class='hr-inner ' ><span class='hr-inner-style'><\/span><\/span><\/div>\n<div  class='av-buildercomment  av-blog-meta-html-info-disabled av-blog-meta-tag-disabled  '><\/div>\n","protected":false},"excerpt":{"rendered":"","protected":false},"author":1,"featured_media":7202,"comment_status":"open","ping_status":"open","sticky":false,"template":"","format":"standard","meta":{"footnotes":""},"categories":[38],"tags":[],"class_list":["post-7201","post","type-post","status-publish","format-standard","has-post-thumbnail","hentry","category-regional"],"jetpack_featured_media_url":"https:\/\/radiorevelacionfm.cl\/wp-content\/uploads\/2021\/08\/domingo-quidel-1-1_optimized.jpg","_links":{"self":[{"href":"https:\/\/radiorevelacionfm.cl\/index.php?rest_route=\/wp\/v2\/posts\/7201","targetHints":{"allow":["GET"]}}],"collection":[{"href":"https:\/\/radiorevelacionfm.cl\/index.php?rest_route=\/wp\/v2\/posts"}],"about":[{"href":"https:\/\/radiorevelacionfm.cl\/index.php?rest_route=\/wp\/v2\/types\/post"}],"author":[{"embeddable":true,"href":"https:\/\/radiorevelacionfm.cl\/index.php?rest_route=\/wp\/v2\/users\/1"}],"replies":[{"embeddable":true,"href":"https:\/\/radiorevelacionfm.cl\/index.php?rest_route=%2Fwp%2Fv2%2Fcomments&post=7201"}],"version-history":[{"count":1,"href":"https:\/\/radiorevelacionfm.cl\/index.php?rest_route=\/wp\/v2\/posts\/7201\/revisions"}],"predecessor-version":[{"id":7203,"href":"https:\/\/radiorevelacionfm.cl\/index.php?rest_route=\/wp\/v2\/posts\/7201\/revisions\/7203"}],"wp:featuredmedia":[{"embeddable":true,"href":"https:\/\/radiorevelacionfm.cl\/index.php?rest_route=\/wp\/v2\/media\/7202"}],"wp:attachment":[{"href":"https:\/\/radiorevelacionfm.cl\/index.php?rest_route=%2Fwp%2Fv2%2Fmedia&parent=7201"}],"wp:term":[{"taxonomy":"category","embeddable":true,"href":"https:\/\/radiorevelacionfm.cl\/index.php?rest_route=%2Fwp%2Fv2%2Fcategories&post=7201"},{"taxonomy":"post_tag","embeddable":true,"href":"https:\/\/radiorevelacionfm.cl\/index.php?rest_route=%2Fwp%2Fv2%2Ftags&post=7201"}],"curies":[{"name":"wp","href":"https:\/\/api.w.org\/{rel}","templated":true}]}}