{"id":7198,"date":"2021-08-09T16:16:37","date_gmt":"2021-08-09T19:16:37","guid":{"rendered":"https:\/\/radiorevelacionfm.cl\/?p=7198"},"modified":"2021-08-09T16:26:51","modified_gmt":"2021-08-09T19:26:51","slug":"senda-finaliza-capacitacion-para-profesionales-que-realizan-tratamiento-de-adicciones-para-adolescentes","status":"publish","type":"post","link":"https:\/\/radiorevelacionfm.cl\/?p=7198","title":{"rendered":"Senda finaliza capacitaci\u00f3n para profesionales que realizan tratamiento de adicciones para Adolescentes\u00a0"},"content":{"rendered":"<div class=\"flex_column av_one_full  flex_column_div av-zero-column-padding first  avia-builder-el-0  el_before_av_one_full  avia-builder-el-first  \" style='border-radius:0px; '><div  class='avia-image-container  av-styling-    avia-builder-el-1  avia-builder-el-no-sibling  avia-align-center '  itemprop=\"image\" itemscope=\"itemscope\" itemtype=\"https:\/\/schema.org\/ImageObject\"  ><div class='avia-image-container-inner'><div class='avia-image-overlay-wrap'><img decoding=\"async\" class='wp-image-7257 avia-img-lazy-loading-not-7257 avia_image' src=\"https:\/\/radiorevelacionfm.cl\/wp-content\/uploads\/2021\/08\/Senda-capacitacion-2-1.jpg\" alt='' title='Senda capacitacion (2) (1)' height=\"600\" width=\"1699\"  itemprop=\"thumbnailUrl\" srcset=\"https:\/\/radiorevelacionfm.cl\/wp-content\/uploads\/2021\/08\/Senda-capacitacion-2-1.jpg 1699w, https:\/\/radiorevelacionfm.cl\/wp-content\/uploads\/2021\/08\/Senda-capacitacion-2-1-300x106.jpg 300w, https:\/\/radiorevelacionfm.cl\/wp-content\/uploads\/2021\/08\/Senda-capacitacion-2-1-1030x364.jpg 1030w, https:\/\/radiorevelacionfm.cl\/wp-content\/uploads\/2021\/08\/Senda-capacitacion-2-1-768x271.jpg 768w, https:\/\/radiorevelacionfm.cl\/wp-content\/uploads\/2021\/08\/Senda-capacitacion-2-1-1536x542.jpg 1536w, https:\/\/radiorevelacionfm.cl\/wp-content\/uploads\/2021\/08\/Senda-capacitacion-2-1-1500x530.jpg 1500w, https:\/\/radiorevelacionfm.cl\/wp-content\/uploads\/2021\/08\/Senda-capacitacion-2-1-705x249.jpg 705w, https:\/\/radiorevelacionfm.cl\/wp-content\/uploads\/2021\/08\/Senda-capacitacion-2-1-600x212.jpg 600w\" sizes=\"(max-width: 1699px) 100vw, 1699px\" \/><\/div><\/div><\/div><\/div><div class=\"flex_column av_one_full  flex_column_div av-zero-column-padding first  avia-builder-el-2  el_after_av_one_full  el_before_av_one_full  column-top-margin\" style='border-radius:0px; '><section class=\"av_textblock_section \"  itemscope=\"itemscope\" itemtype=\"https:\/\/schema.org\/BlogPosting\" itemprop=\"blogPost\" ><div class='avia_textblock  '   itemprop=\"text\" ><p style=\"text-align: center;\"><strong><span style=\"font-size: 18pt;\">Senda finaliza capacitaci\u00f3n para profesionales que realizan tratamiento de adicciones para Adolescentes\u00a0<\/span><\/strong><\/p>\n<div id=\"gtx-trans\" style=\"position: absolute; left: -50px; top: 4.31534px;\">\n<div class=\"gtx-trans-icon\"><\/div>\n<\/div>\n<\/div><\/section><\/div><\/p>\n<div class=\"flex_column av_one_full  flex_column_div av-zero-column-padding first  avia-builder-el-4  el_after_av_one_full  el_before_av_hr  column-top-margin\" style='border-radius:0px; '><section class=\"av_textblock_section \"  itemscope=\"itemscope\" itemtype=\"https:\/\/schema.org\/BlogPosting\" itemprop=\"blogPost\" ><div class='avia_textblock  '   itemprop=\"text\" ><p style=\"text-align: justify;\">Tal como se llev\u00f3 a cabo con profesionales dedicados a la intervenci\u00f3n cl\u00ednica en poblaci\u00f3n adulta con problemas de consumo de sustancias y que llevan adelante un proceso terap\u00e9utico, SENDA AYS\u00c9N y el Asesor Cl\u00ednico especializado del Servicio Nacional para la Prevenci\u00f3n y Rehabilitaci\u00f3n del Consumo de Drogas y Alcohol, el Psic\u00f3logo Francisco Mahaluf Pinto, trabajaron en la capacitaci\u00f3n y perfeccionamiento de los profesionales y t\u00e9cnicos pertenecientes a los equipos tratantes de la Red de SENDA, SALUD y SENAME de la Regi\u00f3n de Ays\u00e9n que realizan tratamiento a adolescentes que se encuentren en procesos de tratamientos por consumo de alcohol y otras drogas.<\/p>\n<p style=\"text-align: justify;\">Haciendo uso de la metodolog\u00eda Birmingham Treatment Effectiveness Initiative, tambi\u00e9n conocida como \u201cBTEI\u201d se entregaron una serie de herramientas pr\u00e1cticas, concretas y aplicables, a los equipos que trabajan en el campo de las adicciones, en pos de mejorar la calidad y los resultados de los tratamientos de adicciones en los adolescentes.<\/p>\n<p style=\"text-align: justify;\">El BTEI busca el fomento motivacional a trav\u00e9s del uso de mapas visuales; lo que ha mostrado obtener importantes beneficios para el tratamiento, mejorando la adherencia, un mayor involucramiento en el tratamiento y facilitando el proceso de elaboraci\u00f3n de Planes de Tratamiento, entre otros.<\/p>\n<p style=\"text-align: justify;\">Consultada sobre esta actividad a la Directora Regional de Senda, Annie Katherine Hunter Guti\u00e9rrez coment\u00f3: \u201cEl proceso que se llev\u00f3 a cabo cont\u00f3 con mucha participaci\u00f3n y fue muy constructivo, al igual que en el proceso implementado con los profesionales que trabajan con poblaci\u00f3n adulta y esperamos que contribuya sustancialmente a los procesos interventivos que ellos llevan adelante\u201d.<\/p>\n<p style=\"text-align: justify;\">El SENDA que dirige la Mesa de Convenios en el \u00e1rea de tratamiento y rehabilitaci\u00f3n del consumo de sustancias sigue trabajando en generar nuevas instancias de capacitaci\u00f3n masivas o circunscritas a dispositivos, programas o centros de tratamiento espec\u00edficos para garantizar que las prestaciones en el \u00e1mbito de la rehabilitaci\u00f3n sean de alta calidad, pertinentes a las necesidades de los pacientes e igualmente efectivas.<\/p>\n<\/div><\/section><\/div>\n<div  style='height:50px' class='hr hr-invisible   avia-builder-el-6  el_after_av_one_full  el_before_av_social_share '><span class='hr-inner ' ><span class='hr-inner-style'><\/span><\/span><\/div>\n<div  class='av-social-sharing-box  avia-builder-el-7  el_after_av_hr  el_before_av_hr  '><div class='av-share-box'><h5 class='av-share-link-description av-no-toc '>Compartir esta noticia<\/h5><ul class='av-share-box-list noLightbox'><li class='av-share-link av-social-link-facebook' ><a target=\"_blank\" aria-label=\"Compartir en Facebook\" href='https:\/\/www.facebook.com\/sharer.php?u=https:\/\/radiorevelacionfm.cl\/?p=7198&#038;t=Senda%20finaliza%20capacitaci%C3%B3n%20para%20profesionales%20que%20realizan%20tratamiento%20de%20adicciones%20para%20Adolescentes%C2%A0' aria-hidden='false' data-av_icon='\ue8f3' data-av_iconfont='entypo-fontello' title='' data-avia-related-tooltip='Compartir en Facebook' rel=\"noopener\"><span class='avia_hidden_link_text'>Compartir en Facebook<\/span><\/a><\/li><li class='av-share-link av-social-link-twitter' ><a target=\"_blank\" aria-label=\"Compartir en Twitter\" href='https:\/\/twitter.com\/share?text=Senda%20finaliza%20capacitaci%C3%B3n%20para%20profesionales%20que%20realizan%20tratamiento%20de%20adicciones%20para%20Adolescentes%C2%A0&#038;url=https:\/\/radiorevelacionfm.cl\/?p=7198' aria-hidden='false' data-av_icon='\ue8f1' data-av_iconfont='entypo-fontello' title='' data-avia-related-tooltip='Compartir en Twitter' rel=\"noopener\"><span class='avia_hidden_link_text'>Compartir en Twitter<\/span><\/a><\/li><li class='av-share-link av-social-link-whatsapp' ><a target=\"_blank\" aria-label=\"Compartir en Whatsapp\" href='https:\/\/api.whatsapp.com\/send?text=https:\/\/radiorevelacionfm.cl\/?p=7198' aria-hidden='false' data-av_icon='\uf232' data-av_iconfont='entypo-fontello' title='' data-avia-related-tooltip='Compartir en Whatsapp' rel=\"noopener\"><span class='avia_hidden_link_text'>Compartir en Whatsapp<\/span><\/a><\/li><li class='av-share-link av-social-link-linkedin' ><a target=\"_blank\" aria-label=\"Compartir en LinkedIn\" href='https:\/\/linkedin.com\/shareArticle?mini=true&#038;title=Senda%20finaliza%20capacitaci%C3%B3n%20para%20profesionales%20que%20realizan%20tratamiento%20de%20adicciones%20para%20Adolescentes%C2%A0&#038;url=https:\/\/radiorevelacionfm.cl\/?p=7198' aria-hidden='false' data-av_icon='\ue8fc' data-av_iconfont='entypo-fontello' title='' data-avia-related-tooltip='Compartir en LinkedIn' rel=\"noopener\"><span class='avia_hidden_link_text'>Compartir en LinkedIn<\/span><\/a><\/li><li class='av-share-link av-social-link-mail' ><a  aria-label=\"Compartir por correo\" href='mailto:?subject=Senda%20finaliza%20capacitaci%C3%B3n%20para%20profesionales%20que%20realizan%20tratamiento%20de%20adicciones%20para%20Adolescentes%C2%A0&#038;body=https:\/\/radiorevelacionfm.cl\/?p=7198' aria-hidden='false' data-av_icon='\ue805' data-av_iconfont='entypo-fontello' title='' data-avia-related-tooltip='Compartir por correo'><span class='avia_hidden_link_text'>Compartir por correo<\/span><\/a><\/li><\/ul><\/div><\/div>\n<div  style='height:50px' class='hr hr-invisible   avia-builder-el-8  el_after_av_social_share  el_before_av_comments_list '><span class='hr-inner ' ><span class='hr-inner-style'><\/span><\/span><\/div>\n<div  class='av-buildercomment  av-blog-meta-html-info-disabled av-blog-meta-tag-disabled  '><\/div>\n","protected":false},"excerpt":{"rendered":"","protected":false},"author":1,"featured_media":7257,"comment_status":"open","ping_status":"open","sticky":false,"template":"","format":"standard","meta":{"footnotes":""},"categories":[38],"tags":[],"class_list":["post-7198","post","type-post","status-publish","format-standard","has-post-thumbnail","hentry","category-regional"],"jetpack_featured_media_url":"https:\/\/radiorevelacionfm.cl\/wp-content\/uploads\/2021\/08\/Senda-capacitacion-2-1.jpg","_links":{"self":[{"href":"https:\/\/radiorevelacionfm.cl\/index.php?rest_route=\/wp\/v2\/posts\/7198","targetHints":{"allow":["GET"]}}],"collection":[{"href":"https:\/\/radiorevelacionfm.cl\/index.php?rest_route=\/wp\/v2\/posts"}],"about":[{"href":"https:\/\/radiorevelacionfm.cl\/index.php?rest_route=\/wp\/v2\/types\/post"}],"author":[{"embeddable":true,"href":"https:\/\/radiorevelacionfm.cl\/index.php?rest_route=\/wp\/v2\/users\/1"}],"replies":[{"embeddable":true,"href":"https:\/\/radiorevelacionfm.cl\/index.php?rest_route=%2Fwp%2Fv2%2Fcomments&post=7198"}],"version-history":[{"count":4,"href":"https:\/\/radiorevelacionfm.cl\/index.php?rest_route=\/wp\/v2\/posts\/7198\/revisions"}],"predecessor-version":[{"id":7258,"href":"https:\/\/radiorevelacionfm.cl\/index.php?rest_route=\/wp\/v2\/posts\/7198\/revisions\/7258"}],"wp:featuredmedia":[{"embeddable":true,"href":"https:\/\/radiorevelacionfm.cl\/index.php?rest_route=\/wp\/v2\/media\/7257"}],"wp:attachment":[{"href":"https:\/\/radiorevelacionfm.cl\/index.php?rest_route=%2Fwp%2Fv2%2Fmedia&parent=7198"}],"wp:term":[{"taxonomy":"category","embeddable":true,"href":"https:\/\/radiorevelacionfm.cl\/index.php?rest_route=%2Fwp%2Fv2%2Fcategories&post=7198"},{"taxonomy":"post_tag","embeddable":true,"href":"https:\/\/radiorevelacionfm.cl\/index.php?rest_route=%2Fwp%2Fv2%2Ftags&post=7198"}],"curies":[{"name":"wp","href":"https:\/\/api.w.org\/{rel}","templated":true}]}}