{"id":7192,"date":"2021-08-07T13:07:27","date_gmt":"2021-08-07T16:07:27","guid":{"rendered":"https:\/\/radiorevelacionfm.cl\/?p=7192"},"modified":"2021-08-07T13:07:27","modified_gmt":"2021-08-07T16:07:27","slug":"biblioteca-publica-de-aysen-celebro-dia-del-nino-con-enfasis-en-la-proteccion-de-derechos","status":"publish","type":"post","link":"https:\/\/radiorevelacionfm.cl\/?p=7192","title":{"rendered":"Biblioteca P\u00fablica de Ays\u00e9n celebr\u00f3 d\u00eda del ni\u00f1o con \u00e9nfasis en la protecci\u00f3n de derechos"},"content":{"rendered":"<div class=\"flex_column av_one_full  flex_column_div av-zero-column-padding first  avia-builder-el-0  el_before_av_one_full  avia-builder-el-first  \" style='border-radius:0px; '><div  class='avia-image-container  av-styling-    avia-builder-el-1  avia-builder-el-no-sibling  avia-align-center '  itemprop=\"image\" itemscope=\"itemscope\" itemtype=\"https:\/\/schema.org\/ImageObject\"  ><div class='avia-image-container-inner'><div class='avia-image-overlay-wrap'><img decoding=\"async\" class='wp-image-7193 avia-img-lazy-loading-not-7193 avia_image' src=\"https:\/\/radiorevelacionfm.cl\/wp-content\/uploads\/2021\/08\/img-ninosbiblioteca3-1_optimized.jpg\" alt='' title='img-ninosbiblioteca3-(1)_optimized' height=\"600\" width=\"905\"  itemprop=\"thumbnailUrl\" srcset=\"https:\/\/radiorevelacionfm.cl\/wp-content\/uploads\/2021\/08\/img-ninosbiblioteca3-1_optimized.jpg 905w, https:\/\/radiorevelacionfm.cl\/wp-content\/uploads\/2021\/08\/img-ninosbiblioteca3-1_optimized-300x199.jpg 300w, https:\/\/radiorevelacionfm.cl\/wp-content\/uploads\/2021\/08\/img-ninosbiblioteca3-1_optimized-768x509.jpg 768w, https:\/\/radiorevelacionfm.cl\/wp-content\/uploads\/2021\/08\/img-ninosbiblioteca3-1_optimized-705x467.jpg 705w, https:\/\/radiorevelacionfm.cl\/wp-content\/uploads\/2021\/08\/img-ninosbiblioteca3-1_optimized-600x398.jpg 600w\" sizes=\"(max-width: 905px) 100vw, 905px\" \/><\/div><\/div><\/div><\/div><div class=\"flex_column av_one_full  flex_column_div av-zero-column-padding first  avia-builder-el-2  el_after_av_one_full  el_before_av_one_full  column-top-margin\" style='border-radius:0px; '><section class=\"av_textblock_section \"  itemscope=\"itemscope\" itemtype=\"https:\/\/schema.org\/BlogPosting\" itemprop=\"blogPost\" ><div class='avia_textblock  '   itemprop=\"text\" ><p style=\"text-align: center;\"><strong><span style=\"font-size: 18pt;\">Biblioteca P\u00fablica de Ays\u00e9n celebr\u00f3 d\u00eda del ni\u00f1o con \u00e9nfasis en la protecci\u00f3n de derechos<\/span><\/strong><\/p>\n<div id=\"gtx-trans\" style=\"position: absolute; left: -50px; top: 4.31534px;\">\n<div class=\"gtx-trans-icon\"><\/div>\n<\/div>\n<\/div><\/section><\/div><div class=\"flex_column av_one_full  flex_column_div av-zero-column-padding first  avia-builder-el-4  el_after_av_one_full  el_before_av_hr  column-top-margin\" style='border-radius:0px; '><section class=\"av_textblock_section \"  itemscope=\"itemscope\" itemtype=\"https:\/\/schema.org\/BlogPosting\" itemprop=\"blogPost\" ><div class='avia_textblock  '   itemprop=\"text\" ><p style=\"text-align: justify;\">Con un amplio abanico de actividades e iniciando el cronograma dispuesto por la Direcci\u00f3n de Desarrollo Comunitario de la Ilustre Municipalidad de Ays\u00e9n desde el 02 al 06 de agosto la Biblioteca P\u00fablica de Ays\u00e9n celebr\u00f3 a los ni\u00f1os y ni\u00f1as de la comuna porte\u00f1a culminando con una jornada de integraci\u00f3n junto a los menores que asisten a la Sala Cuna del Hospital de Puerto Ays\u00e9n. Esta \u00faltima instancia, estuvo marcada por las canciones y videos con las cuales los infantes pudieron conocer sus derechos y deberes.<\/p>\n<p style=\"text-align: justify;\">Frente a esto, la encargada de la Biblioteca P\u00fablica de Ays\u00e9n, Yasna Jara Ampuero, explic\u00f3 la labor desarrollada con los peque\u00f1os ayseninos, agregando que \u201clos ni\u00f1os de hoy en d\u00eda son quienes nos dirigir\u00e1n en unos a\u00f1os m\u00e1s, as\u00ed es que, para entregar personas completas a la sociedad quisimos hacer este peque\u00f1o aporte. Ellos estuvieron bailando, vieron un video, pintando, todo en funci\u00f3n de sus derechos y deberes. A la comunidad, hacerle una invitaci\u00f3n a que, as\u00ed como nosotros lo hicimos, que m\u00e1s all\u00e1 de algo material el d\u00eda domingo sea para entregarles cari\u00f1o y respeto a nuestros ni\u00f1os\u201d.<\/p>\n<p style=\"text-align: justify;\">Por su parte, Maribel Hern\u00e1ndez, educadora de p\u00e1rvulos y encargada de la Sala Cuna del Hospital de Puerto Ays\u00e9n, expres\u00f3 su felicidad ante la jornada sostenida indicando que \u201cnosotros contamos con la Biblioteca que es una de las redes comunales que tiene la sala cuna y la guarder\u00eda, ya hemos celebrado otras actividades ac\u00e1 e imag\u00ednate entorno a una pandemia no hemos tenido la oportunidad de compartir o convivir con otros ni\u00f1os, entonces este es el momento de relevar los derechos del ni\u00f1o, a que ellos puedan compartir con otros pares y puedan disfrutar que es lo que en este momento es lo m\u00e1s importante donde no tienen la posibilidad de ir a sus colegios\u201d.<\/p>\n<p style=\"text-align: justify;\">Finalmente, la madre de una de las participantes, Carolina C\u00e1ceres, valor\u00f3 lo realizado destacando la generaci\u00f3n de instancias para el fomento lector, \u201choy los ni\u00f1os est\u00e1n muy inmersos en la televisi\u00f3n, poca actividad social, muy restringidos en ese \u00e1mbito entonces esto donde se re\u00fanen con sus pares entorno a la lectura es maravilloso, muy positivo para los ni\u00f1os\u201d, puntualiz\u00f3 la apoderada.<\/p>\n<\/div><\/section><\/div><div  style='height:50px' class='hr hr-invisible   avia-builder-el-6  el_after_av_one_full  el_before_av_social_share '><span class='hr-inner ' ><span class='hr-inner-style'><\/span><\/span><\/div><\/p>\n<div  class='av-social-sharing-box  avia-builder-el-7  el_after_av_hr  el_before_av_hr  '><div class='av-share-box'><h5 class='av-share-link-description av-no-toc '>Compartir esta noticia<\/h5><ul class='av-share-box-list noLightbox'><li class='av-share-link av-social-link-facebook' ><a target=\"_blank\" aria-label=\"Compartir en Facebook\" href='https:\/\/www.facebook.com\/sharer.php?u=https:\/\/radiorevelacionfm.cl\/?p=7192&#038;t=Biblioteca%20P%C3%BAblica%20de%20Ays%C3%A9n%20celebr%C3%B3%20d%C3%ADa%20del%20ni%C3%B1o%20con%20%C3%A9nfasis%20en%20la%20protecci%C3%B3n%20de%20derechos' aria-hidden='false' data-av_icon='\ue8f3' data-av_iconfont='entypo-fontello' title='' data-avia-related-tooltip='Compartir en Facebook' rel=\"noopener\"><span class='avia_hidden_link_text'>Compartir en Facebook<\/span><\/a><\/li><li class='av-share-link av-social-link-twitter' ><a target=\"_blank\" aria-label=\"Compartir en Twitter\" href='https:\/\/twitter.com\/share?text=Biblioteca%20P%C3%BAblica%20de%20Ays%C3%A9n%20celebr%C3%B3%20d%C3%ADa%20del%20ni%C3%B1o%20con%20%C3%A9nfasis%20en%20la%20protecci%C3%B3n%20de%20derechos&#038;url=https:\/\/radiorevelacionfm.cl\/?p=7192' aria-hidden='false' data-av_icon='\ue8f1' data-av_iconfont='entypo-fontello' title='' data-avia-related-tooltip='Compartir en Twitter' rel=\"noopener\"><span class='avia_hidden_link_text'>Compartir en Twitter<\/span><\/a><\/li><li class='av-share-link av-social-link-whatsapp' ><a target=\"_blank\" aria-label=\"Compartir en Whatsapp\" href='https:\/\/api.whatsapp.com\/send?text=https:\/\/radiorevelacionfm.cl\/?p=7192' aria-hidden='false' data-av_icon='\uf232' data-av_iconfont='entypo-fontello' title='' data-avia-related-tooltip='Compartir en Whatsapp' rel=\"noopener\"><span class='avia_hidden_link_text'>Compartir en Whatsapp<\/span><\/a><\/li><li class='av-share-link av-social-link-linkedin' ><a target=\"_blank\" aria-label=\"Compartir en LinkedIn\" href='https:\/\/linkedin.com\/shareArticle?mini=true&#038;title=Biblioteca%20P%C3%BAblica%20de%20Ays%C3%A9n%20celebr%C3%B3%20d%C3%ADa%20del%20ni%C3%B1o%20con%20%C3%A9nfasis%20en%20la%20protecci%C3%B3n%20de%20derechos&#038;url=https:\/\/radiorevelacionfm.cl\/?p=7192' aria-hidden='false' data-av_icon='\ue8fc' data-av_iconfont='entypo-fontello' title='' data-avia-related-tooltip='Compartir en LinkedIn' rel=\"noopener\"><span class='avia_hidden_link_text'>Compartir en LinkedIn<\/span><\/a><\/li><li class='av-share-link av-social-link-mail' ><a  aria-label=\"Compartir por correo\" href='mailto:?subject=Biblioteca%20P%C3%BAblica%20de%20Ays%C3%A9n%20celebr%C3%B3%20d%C3%ADa%20del%20ni%C3%B1o%20con%20%C3%A9nfasis%20en%20la%20protecci%C3%B3n%20de%20derechos&#038;body=https:\/\/radiorevelacionfm.cl\/?p=7192' aria-hidden='false' data-av_icon='\ue805' data-av_iconfont='entypo-fontello' title='' data-avia-related-tooltip='Compartir por correo'><span class='avia_hidden_link_text'>Compartir por correo<\/span><\/a><\/li><\/ul><\/div><\/div>\n<div  style='height:50px' class='hr hr-invisible   avia-builder-el-8  el_after_av_social_share  el_before_av_comments_list '><span class='hr-inner ' ><span class='hr-inner-style'><\/span><\/span><\/div>\n<div  class='av-buildercomment  av-blog-meta-html-info-disabled av-blog-meta-tag-disabled  '><\/div>\n","protected":false},"excerpt":{"rendered":"","protected":false},"author":1,"featured_media":7193,"comment_status":"open","ping_status":"open","sticky":false,"template":"","format":"standard","meta":{"footnotes":""},"categories":[52],"tags":[],"class_list":["post-7192","post","type-post","status-publish","format-standard","has-post-thumbnail","hentry","category-cultura"],"jetpack_featured_media_url":"https:\/\/radiorevelacionfm.cl\/wp-content\/uploads\/2021\/08\/img-ninosbiblioteca3-1_optimized.jpg","_links":{"self":[{"href":"https:\/\/radiorevelacionfm.cl\/index.php?rest_route=\/wp\/v2\/posts\/7192","targetHints":{"allow":["GET"]}}],"collection":[{"href":"https:\/\/radiorevelacionfm.cl\/index.php?rest_route=\/wp\/v2\/posts"}],"about":[{"href":"https:\/\/radiorevelacionfm.cl\/index.php?rest_route=\/wp\/v2\/types\/post"}],"author":[{"embeddable":true,"href":"https:\/\/radiorevelacionfm.cl\/index.php?rest_route=\/wp\/v2\/users\/1"}],"replies":[{"embeddable":true,"href":"https:\/\/radiorevelacionfm.cl\/index.php?rest_route=%2Fwp%2Fv2%2Fcomments&post=7192"}],"version-history":[{"count":1,"href":"https:\/\/radiorevelacionfm.cl\/index.php?rest_route=\/wp\/v2\/posts\/7192\/revisions"}],"predecessor-version":[{"id":7194,"href":"https:\/\/radiorevelacionfm.cl\/index.php?rest_route=\/wp\/v2\/posts\/7192\/revisions\/7194"}],"wp:featuredmedia":[{"embeddable":true,"href":"https:\/\/radiorevelacionfm.cl\/index.php?rest_route=\/wp\/v2\/media\/7193"}],"wp:attachment":[{"href":"https:\/\/radiorevelacionfm.cl\/index.php?rest_route=%2Fwp%2Fv2%2Fmedia&parent=7192"}],"wp:term":[{"taxonomy":"category","embeddable":true,"href":"https:\/\/radiorevelacionfm.cl\/index.php?rest_route=%2Fwp%2Fv2%2Fcategories&post=7192"},{"taxonomy":"post_tag","embeddable":true,"href":"https:\/\/radiorevelacionfm.cl\/index.php?rest_route=%2Fwp%2Fv2%2Ftags&post=7192"}],"curies":[{"name":"wp","href":"https:\/\/api.w.org\/{rel}","templated":true}]}}