{"id":7189,"date":"2021-08-07T11:30:05","date_gmt":"2021-08-07T14:30:05","guid":{"rendered":"https:\/\/radiorevelacionfm.cl\/?p=7189"},"modified":"2021-08-07T12:14:14","modified_gmt":"2021-08-07T15:14:14","slug":"reconocen-a-cinco-dirigentes-vecinales-de-coyhaique-por-su-trabajo-y-compromiso","status":"publish","type":"post","link":"https:\/\/radiorevelacionfm.cl\/?p=7189","title":{"rendered":"Reconocen a cinco Dirigentes Vecinales de Coyhaique por su trabajo y compromiso"},"content":{"rendered":"<div class=\"flex_column av_one_full  flex_column_div av-zero-column-padding first  avia-builder-el-0  el_before_av_one_full  avia-builder-el-first  \" style='border-radius:0px; '><div  class='avia-image-container  av-styling-    avia-builder-el-1  avia-builder-el-no-sibling  avia-align-center '  itemprop=\"image\" itemscope=\"itemscope\" itemtype=\"https:\/\/schema.org\/ImageObject\"  ><div class='avia-image-container-inner'><div class='avia-image-overlay-wrap'><img decoding=\"async\" class='wp-image-7190 avia-img-lazy-loading-not-7190 avia_image' src=\"https:\/\/radiorevelacionfm.cl\/wp-content\/uploads\/2021\/08\/1-58-1-2.jpg\" alt='' title='1 (58) (1) (2)' height=\"600\" width=\"800\"  itemprop=\"thumbnailUrl\" srcset=\"https:\/\/radiorevelacionfm.cl\/wp-content\/uploads\/2021\/08\/1-58-1-2.jpg 800w, https:\/\/radiorevelacionfm.cl\/wp-content\/uploads\/2021\/08\/1-58-1-2-300x225.jpg 300w, https:\/\/radiorevelacionfm.cl\/wp-content\/uploads\/2021\/08\/1-58-1-2-768x576.jpg 768w, https:\/\/radiorevelacionfm.cl\/wp-content\/uploads\/2021\/08\/1-58-1-2-705x529.jpg 705w, https:\/\/radiorevelacionfm.cl\/wp-content\/uploads\/2021\/08\/1-58-1-2-600x450.jpg 600w\" sizes=\"(max-width: 800px) 100vw, 800px\" \/><\/div><\/div><\/div><\/div><div class=\"flex_column av_one_full  flex_column_div av-zero-column-padding first  avia-builder-el-2  el_after_av_one_full  el_before_av_one_full  column-top-margin\" style='border-radius:0px; '><section class=\"av_textblock_section \"  itemscope=\"itemscope\" itemtype=\"https:\/\/schema.org\/BlogPosting\" itemprop=\"blogPost\" ><div class='avia_textblock  '   itemprop=\"text\" ><p style=\"text-align: center;\"><strong><span style=\"font-size: 18pt;\">Reconocen a cinco Dirigentes Vecinales de Coyhaique por su trabajo y compromiso<\/span><\/strong><\/p>\n<div id=\"gtx-trans\" style=\"position: absolute; left: -50px; top: 4.31534px;\">\n<div class=\"gtx-trans-icon\"><\/div>\n<\/div>\n<\/div><\/section><\/div><div class=\"flex_column av_one_full  flex_column_div av-zero-column-padding first  avia-builder-el-4  el_after_av_one_full  el_before_av_hr  column-top-margin\" style='border-radius:0px; '><section class=\"av_textblock_section \"  itemscope=\"itemscope\" itemtype=\"https:\/\/schema.org\/BlogPosting\" itemprop=\"blogPost\" ><div class='avia_textblock  '   itemprop=\"text\" ><p style=\"text-align: justify;\">En la instancia, donde participaron la Directora Regional del FOSIS Ays\u00e9n junto a la Coordinadora Barrial del programa Barrios Prioritarios, se hizo entrega de un diploma y un presente para destacar el gran compromiso y trabajo que desarrollan cinco representantes de agrupaciones vecinales de Coyhaique; liderando con esmero, convicci\u00f3n y constancia diversas gestiones y acciones para mejorar el bienestar y la calidad de vida de sus vecinos y vecinas.<\/p>\n<p style=\"text-align: justify;\">Las dirigentas y dirigentes reconocidos en esta ocasi\u00f3n fueron: Mar\u00eda Ver\u00f3nica Legue Vera, Presidenta de la Junta de Vecinos Achen n\u00b04 Ampliaci\u00f3n Pablo Neruda; Jaqueline Yannet Carrasco Opazo, Presidenta de la Agrupaci\u00f3n Mirando Hacia el Futuro; Segundo Ricardo Guichapay Guenul, Presidente de la Junta de Vecinos El Bosque n\u00b031; Ram\u00f3n Maximiliano \u00c1guila Castillo y Luis Eduardo Vera Vera, Presidente del Comit\u00e9 de Ampliaci\u00f3n y Desarrollo Villa Bicentenario.<\/p>\n<p style=\"text-align: justify;\">La Directora Regional del FOSIS en Ays\u00e9n, Dominique Br\u00e4utigam, valor\u00f3 la dedicaci\u00f3n con que los dirigentes ejercen su labor comunitaria. \u201cQueremos destacar principalmente a los dirigentes que nos han colaborado en el trabajo del programa Barrios Prioritarios. Hoy les hacemos un reconocimiento a cada uno con el objetivo de seguir fortaleciendo el trabajo mancomunado y relevar su importante rol social. Muchas veces los dirigentes son los ojos de las instituciones en el territorio, son quienes levantan las alertas y permiten conocer algunas debilidades y fortalezas que debemos ir manejando en el territorio.\u201d<\/p>\n<p style=\"text-align: justify;\">Ricardo Guichapay, Presidente de la Junta de Vecinos El Bosque n\u00b031, se mostr\u00f3 agradecido por esta distinci\u00f3n y asegur\u00f3 que \u201cuno como dirigente se siente alagado cuando le reconocen el trabajo que est\u00e1 haciendo, no s\u00f3lo en estos momentos y en proyectos puntuales, sino el trabajo del d\u00eda a d\u00eda con los vecinos, por ellos somos elegidos y as\u00ed podemos sacar a una poblaci\u00f3n adelante y es bonito cuando se juntan varias poblaciones y los dirigentes tiran para un mismo lado. Hoy en d\u00eda el dirigente, despu\u00e9s del estallido social, ha sido muy tomado en cuenta, antes no, antes uno pod\u00eda hacer muchas cosas para todos y era invisible.\u201d<\/p>\n<p style=\"text-align: justify;\">Cabe mencionar que el programa Barrios Prioritarios es ejecutado por la Subsecretaria de Prevenci\u00f3n del Delito con apoyo del FOSIS.<\/p>\n<\/div><\/section><\/div><div  style='height:50px' class='hr hr-invisible   avia-builder-el-6  el_after_av_one_full  el_before_av_social_share '><span class='hr-inner ' ><span class='hr-inner-style'><\/span><\/span><\/div><\/p>\n<div  class='av-social-sharing-box  avia-builder-el-7  el_after_av_hr  el_before_av_hr  '><div class='av-share-box'><h5 class='av-share-link-description av-no-toc '>Compartir esta noticia<\/h5><ul class='av-share-box-list noLightbox'><li class='av-share-link av-social-link-facebook' ><a target=\"_blank\" aria-label=\"Compartir en Facebook\" href='https:\/\/www.facebook.com\/sharer.php?u=https:\/\/radiorevelacionfm.cl\/?p=7189&#038;t=Reconocen%20a%20cinco%20Dirigentes%20Vecinales%20de%20Coyhaique%20por%20su%20trabajo%20y%20compromiso' aria-hidden='false' data-av_icon='\ue8f3' data-av_iconfont='entypo-fontello' title='' data-avia-related-tooltip='Compartir en Facebook' rel=\"noopener\"><span class='avia_hidden_link_text'>Compartir en Facebook<\/span><\/a><\/li><li class='av-share-link av-social-link-twitter' ><a target=\"_blank\" aria-label=\"Compartir en Twitter\" href='https:\/\/twitter.com\/share?text=Reconocen%20a%20cinco%20Dirigentes%20Vecinales%20de%20Coyhaique%20por%20su%20trabajo%20y%20compromiso&#038;url=https:\/\/radiorevelacionfm.cl\/?p=7189' aria-hidden='false' data-av_icon='\ue8f1' data-av_iconfont='entypo-fontello' title='' data-avia-related-tooltip='Compartir en Twitter' rel=\"noopener\"><span class='avia_hidden_link_text'>Compartir en Twitter<\/span><\/a><\/li><li class='av-share-link av-social-link-whatsapp' ><a target=\"_blank\" aria-label=\"Compartir en Whatsapp\" href='https:\/\/api.whatsapp.com\/send?text=https:\/\/radiorevelacionfm.cl\/?p=7189' aria-hidden='false' data-av_icon='\uf232' data-av_iconfont='entypo-fontello' title='' data-avia-related-tooltip='Compartir en Whatsapp' rel=\"noopener\"><span class='avia_hidden_link_text'>Compartir en Whatsapp<\/span><\/a><\/li><li class='av-share-link av-social-link-linkedin' ><a target=\"_blank\" aria-label=\"Compartir en LinkedIn\" href='https:\/\/linkedin.com\/shareArticle?mini=true&#038;title=Reconocen%20a%20cinco%20Dirigentes%20Vecinales%20de%20Coyhaique%20por%20su%20trabajo%20y%20compromiso&#038;url=https:\/\/radiorevelacionfm.cl\/?p=7189' aria-hidden='false' data-av_icon='\ue8fc' data-av_iconfont='entypo-fontello' title='' data-avia-related-tooltip='Compartir en LinkedIn' rel=\"noopener\"><span class='avia_hidden_link_text'>Compartir en LinkedIn<\/span><\/a><\/li><li class='av-share-link av-social-link-mail' ><a  aria-label=\"Compartir por correo\" href='mailto:?subject=Reconocen%20a%20cinco%20Dirigentes%20Vecinales%20de%20Coyhaique%20por%20su%20trabajo%20y%20compromiso&#038;body=https:\/\/radiorevelacionfm.cl\/?p=7189' aria-hidden='false' data-av_icon='\ue805' data-av_iconfont='entypo-fontello' title='' data-avia-related-tooltip='Compartir por correo'><span class='avia_hidden_link_text'>Compartir por correo<\/span><\/a><\/li><\/ul><\/div><\/div>\n<div  style='height:50px' class='hr hr-invisible   avia-builder-el-8  el_after_av_social_share  el_before_av_comments_list '><span class='hr-inner ' ><span class='hr-inner-style'><\/span><\/span><\/div>\n<div  class='av-buildercomment  av-blog-meta-html-info-disabled av-blog-meta-tag-disabled  '><\/div>\n","protected":false},"excerpt":{"rendered":"","protected":false},"author":1,"featured_media":7205,"comment_status":"open","ping_status":"open","sticky":false,"template":"","format":"standard","meta":{"footnotes":""},"categories":[38],"tags":[],"class_list":["post-7189","post","type-post","status-publish","format-standard","has-post-thumbnail","hentry","category-regional"],"jetpack_featured_media_url":"https:\/\/radiorevelacionfm.cl\/wp-content\/uploads\/2021\/08\/1-581_optimized.jpg","_links":{"self":[{"href":"https:\/\/radiorevelacionfm.cl\/index.php?rest_route=\/wp\/v2\/posts\/7189","targetHints":{"allow":["GET"]}}],"collection":[{"href":"https:\/\/radiorevelacionfm.cl\/index.php?rest_route=\/wp\/v2\/posts"}],"about":[{"href":"https:\/\/radiorevelacionfm.cl\/index.php?rest_route=\/wp\/v2\/types\/post"}],"author":[{"embeddable":true,"href":"https:\/\/radiorevelacionfm.cl\/index.php?rest_route=\/wp\/v2\/users\/1"}],"replies":[{"embeddable":true,"href":"https:\/\/radiorevelacionfm.cl\/index.php?rest_route=%2Fwp%2Fv2%2Fcomments&post=7189"}],"version-history":[{"count":1,"href":"https:\/\/radiorevelacionfm.cl\/index.php?rest_route=\/wp\/v2\/posts\/7189\/revisions"}],"predecessor-version":[{"id":7191,"href":"https:\/\/radiorevelacionfm.cl\/index.php?rest_route=\/wp\/v2\/posts\/7189\/revisions\/7191"}],"wp:featuredmedia":[{"embeddable":true,"href":"https:\/\/radiorevelacionfm.cl\/index.php?rest_route=\/wp\/v2\/media\/7205"}],"wp:attachment":[{"href":"https:\/\/radiorevelacionfm.cl\/index.php?rest_route=%2Fwp%2Fv2%2Fmedia&parent=7189"}],"wp:term":[{"taxonomy":"category","embeddable":true,"href":"https:\/\/radiorevelacionfm.cl\/index.php?rest_route=%2Fwp%2Fv2%2Fcategories&post=7189"},{"taxonomy":"post_tag","embeddable":true,"href":"https:\/\/radiorevelacionfm.cl\/index.php?rest_route=%2Fwp%2Fv2%2Ftags&post=7189"}],"curies":[{"name":"wp","href":"https:\/\/api.w.org\/{rel}","templated":true}]}}