{"id":7180,"date":"2021-08-07T11:09:53","date_gmt":"2021-08-07T14:09:53","guid":{"rendered":"https:\/\/radiorevelacionfm.cl\/?p=7180"},"modified":"2021-08-07T11:09:53","modified_gmt":"2021-08-07T14:09:53","slug":"promueven-campeonato-de-triples-de-basquetbol-en-escuelas-liceos-y-polideportivo-en-aysen","status":"publish","type":"post","link":"https:\/\/radiorevelacionfm.cl\/?p=7180","title":{"rendered":"Promueven Campeonato de Triples de B\u00e1squetbol en escuelas\/liceos y polideportivo en Ays\u00e9n"},"content":{"rendered":"<div class=\"flex_column av_one_full  flex_column_div av-zero-column-padding first  avia-builder-el-0  el_before_av_one_full  avia-builder-el-first  \" style='border-radius:0px; '><div  class='avia-image-container  av-styling-    avia-builder-el-1  avia-builder-el-no-sibling  avia-align-center '  itemprop=\"image\" itemscope=\"itemscope\" itemtype=\"https:\/\/schema.org\/ImageObject\"  ><div class='avia-image-container-inner'><div class='avia-image-overlay-wrap'><img decoding=\"async\" class='wp-image-7181 avia-img-lazy-loading-not-7181 avia_image' src=\"https:\/\/radiorevelacionfm.cl\/wp-content\/uploads\/2021\/08\/escuela-a4-1_optimized.jpg\" alt='' title='escuela-a4-(1)_optimized' height=\"600\" width=\"1328\"  itemprop=\"thumbnailUrl\" srcset=\"https:\/\/radiorevelacionfm.cl\/wp-content\/uploads\/2021\/08\/escuela-a4-1_optimized.jpg 1328w, https:\/\/radiorevelacionfm.cl\/wp-content\/uploads\/2021\/08\/escuela-a4-1_optimized-300x136.jpg 300w, https:\/\/radiorevelacionfm.cl\/wp-content\/uploads\/2021\/08\/escuela-a4-1_optimized-1030x465.jpg 1030w, https:\/\/radiorevelacionfm.cl\/wp-content\/uploads\/2021\/08\/escuela-a4-1_optimized-768x347.jpg 768w, https:\/\/radiorevelacionfm.cl\/wp-content\/uploads\/2021\/08\/escuela-a4-1_optimized-705x319.jpg 705w, https:\/\/radiorevelacionfm.cl\/wp-content\/uploads\/2021\/08\/escuela-a4-1_optimized-600x271.jpg 600w\" sizes=\"(max-width: 1328px) 100vw, 1328px\" \/><\/div><\/div><\/div><\/div><div class=\"flex_column av_one_full  flex_column_div av-zero-column-padding first  avia-builder-el-2  el_after_av_one_full  el_before_av_one_full  column-top-margin\" style='border-radius:0px; '><section class=\"av_textblock_section \"  itemscope=\"itemscope\" itemtype=\"https:\/\/schema.org\/BlogPosting\" itemprop=\"blogPost\" ><div class='avia_textblock  '   itemprop=\"text\" ><p style=\"text-align: center;\"><strong><span style=\"font-size: 18pt;\">Promueven Campeonato de Triples de B\u00e1squetbol en escuelas\/liceos y polideportivo en Ays\u00e9n<\/span><\/strong><\/p>\n<div id=\"gtx-trans\" style=\"position: absolute; left: -50px; top: 4.31534px;\">\n<div class=\"gtx-trans-icon\"><\/div>\n<\/div>\n<\/div><\/section><\/div><div class=\"flex_column av_one_full  flex_column_div av-zero-column-padding first  avia-builder-el-4  el_after_av_one_full  el_before_av_hr  column-top-margin\" style='border-radius:0px; '><section class=\"av_textblock_section \"  itemscope=\"itemscope\" itemtype=\"https:\/\/schema.org\/BlogPosting\" itemprop=\"blogPost\" ><div class='avia_textblock  '   itemprop=\"text\" ><p style=\"text-align: justify;\">Escuelas y liceos municipalizados de la comuna fueron el escenario del recorrido que este jueves realiz\u00f3 el equipo de la Unidad Extraescolar de la Direcci\u00f3n de Educaci\u00f3n Municipal, conjuntamente al programa SENDA Previene de la Direcci\u00f3n de Desarrollo Comunitario del municipio aysenino.<\/p>\n<p style=\"text-align: justify;\">Esto, con la finalidad de promover el Campeonato de Triples y Habilidades de B\u00e1squetbol, que ambas unidades de la municipalidad de Ays\u00e9n est\u00e1n organizando, de cara a la prevenci\u00f3n del alcohol y las drogas, y apuntado principalmente a ni\u00f1os, ni\u00f1as y adolescentes de los establecimientos educacionales municipales.<\/p>\n<p style=\"text-align: justify;\">Es por ello que hasta el d\u00eda 15 de agosto contin\u00faan abiertas las inscripciones para quienes quieran ser parte de esta instancia interescolar, que incorpora un total de cinco categor\u00edas, las que van desde los 8 a los 17 a\u00f1os con 11 meses. El link para acceder al formulario es <a href=\"https:\/\/forms.gle\/hTSdtJU9JW9fqLuw8\">https:\/\/forms.gle\/hTSdtJU9JW9fqLuw8<\/a>, y el correo electr\u00f3nico dispuesto para ello es <a href=\"mailto:pilar.tiempo.libre@gmail.com\">pilar.tiempo.libre@gmail.com<\/a>.<\/p>\n<p style=\"text-align: justify;\">De esta manera, \u201ceste recorrido busc\u00f3 principalmente dar a conocer esta actividad a las comunidades educativas. Y, en el caso del Polideportivo 21 de Abril, poder reforzar el compromiso que se adquiri\u00f3 con esta entidad deportiva para la realizaci\u00f3n de este campeonato de triples, que ha tenido una muy buena recepci\u00f3n\u201d, indic\u00f3 Cynthia Arra\u00f1o, profesional encargada de la Unidad Extraescolar Salud y Deporte del DEM.<\/p>\n<p style=\"text-align: justify;\">\u201cTuvimos muy buena recepci\u00f3n, pudimos tomar contacto con los directivos de cada uno de los establecimientos, con los profesores de educaci\u00f3n f\u00edsica y los monitores deportivos que van a estar apoy\u00e1ndonos en esta importante iniciativa. As\u00ed que muy contentos porque dimos el vamos con la entrega de afiches publicitarios para que nuestros estudiantes se interesen en este campeonato y a trav\u00e9s del link QR que se ha dispuesto, puedan llenar el formulario y empiecen a participar ya a mediados o fines de agosto cuando vamos a partir oficialmente con este campeonato\u201d, agreg\u00f3 la nutricionista.<\/p>\n<p style=\"text-align: justify;\">Manuel Vera, coordinador de SENDA Previene Ays\u00e9n, explic\u00f3 que \u201cesta una instancia que tiene que ver con la implementaci\u00f3n del plan nacional Elige Vivir Sin Drogas, enmarcado en su pilar Tiempo Libre. La invitaci\u00f3n est\u00e1 abierta para todos para que se inscriban y sean parte de esta importante actividad deportiva. Estamos muy contentos de poder realizarla porque vamos a entrar a la fase 4, que nos permite reactivar todas las actividades preventivas y deportivas que tiene que ver con la participaci\u00f3n. Se\u00f1alar que la prevenci\u00f3n del consumo de alcohol y drogas es tarea de todos y uno de los factores protectores principales es la articulaci\u00f3n de estas actividades deportivas\u201d, culmin\u00f3.<\/p>\n<\/div><\/section><\/div><div  style='height:50px' class='hr hr-invisible   avia-builder-el-6  el_after_av_one_full  el_before_av_social_share '><span class='hr-inner ' ><span class='hr-inner-style'><\/span><\/span><\/div><\/p>\n<div  class='av-social-sharing-box  avia-builder-el-7  el_after_av_hr  el_before_av_hr  '><div class='av-share-box'><h5 class='av-share-link-description av-no-toc '>Compartir esta noticia<\/h5><ul class='av-share-box-list noLightbox'><li class='av-share-link av-social-link-facebook' ><a target=\"_blank\" aria-label=\"Compartir en Facebook\" href='https:\/\/www.facebook.com\/sharer.php?u=https:\/\/radiorevelacionfm.cl\/?p=7180&#038;t=Promueven%20Campeonato%20de%20Triples%20de%20B%C3%A1squetbol%20en%20escuelas%2Fliceos%20y%20polideportivo%20en%20Ays%C3%A9n' aria-hidden='false' data-av_icon='\ue8f3' data-av_iconfont='entypo-fontello' title='' data-avia-related-tooltip='Compartir en Facebook' rel=\"noopener\"><span class='avia_hidden_link_text'>Compartir en Facebook<\/span><\/a><\/li><li class='av-share-link av-social-link-twitter' ><a target=\"_blank\" aria-label=\"Compartir en Twitter\" href='https:\/\/twitter.com\/share?text=Promueven%20Campeonato%20de%20Triples%20de%20B%C3%A1squetbol%20en%20escuelas%2Fliceos%20y%20polideportivo%20en%20Ays%C3%A9n&#038;url=https:\/\/radiorevelacionfm.cl\/?p=7180' aria-hidden='false' data-av_icon='\ue8f1' data-av_iconfont='entypo-fontello' title='' data-avia-related-tooltip='Compartir en Twitter' rel=\"noopener\"><span class='avia_hidden_link_text'>Compartir en Twitter<\/span><\/a><\/li><li class='av-share-link av-social-link-whatsapp' ><a target=\"_blank\" aria-label=\"Compartir en Whatsapp\" href='https:\/\/api.whatsapp.com\/send?text=https:\/\/radiorevelacionfm.cl\/?p=7180' aria-hidden='false' data-av_icon='\uf232' data-av_iconfont='entypo-fontello' title='' data-avia-related-tooltip='Compartir en Whatsapp' rel=\"noopener\"><span class='avia_hidden_link_text'>Compartir en Whatsapp<\/span><\/a><\/li><li class='av-share-link av-social-link-linkedin' ><a target=\"_blank\" aria-label=\"Compartir en LinkedIn\" href='https:\/\/linkedin.com\/shareArticle?mini=true&#038;title=Promueven%20Campeonato%20de%20Triples%20de%20B%C3%A1squetbol%20en%20escuelas%2Fliceos%20y%20polideportivo%20en%20Ays%C3%A9n&#038;url=https:\/\/radiorevelacionfm.cl\/?p=7180' aria-hidden='false' data-av_icon='\ue8fc' data-av_iconfont='entypo-fontello' title='' data-avia-related-tooltip='Compartir en LinkedIn' rel=\"noopener\"><span class='avia_hidden_link_text'>Compartir en LinkedIn<\/span><\/a><\/li><li class='av-share-link av-social-link-mail' ><a  aria-label=\"Compartir por correo\" href='mailto:?subject=Promueven%20Campeonato%20de%20Triples%20de%20B%C3%A1squetbol%20en%20escuelas%2Fliceos%20y%20polideportivo%20en%20Ays%C3%A9n&#038;body=https:\/\/radiorevelacionfm.cl\/?p=7180' aria-hidden='false' data-av_icon='\ue805' data-av_iconfont='entypo-fontello' title='' data-avia-related-tooltip='Compartir por correo'><span class='avia_hidden_link_text'>Compartir por correo<\/span><\/a><\/li><\/ul><\/div><\/div>\n<div  style='height:50px' class='hr hr-invisible   avia-builder-el-8  el_after_av_social_share  el_before_av_comments_list '><span class='hr-inner ' ><span class='hr-inner-style'><\/span><\/span><\/div>\n<div  class='av-buildercomment  av-blog-meta-html-info-disabled av-blog-meta-tag-disabled  '><\/div>\n","protected":false},"excerpt":{"rendered":"","protected":false},"author":1,"featured_media":7181,"comment_status":"open","ping_status":"open","sticky":false,"template":"","format":"standard","meta":{"footnotes":""},"categories":[40],"tags":[],"class_list":["post-7180","post","type-post","status-publish","format-standard","has-post-thumbnail","hentry","category-deportes"],"jetpack_featured_media_url":"https:\/\/radiorevelacionfm.cl\/wp-content\/uploads\/2021\/08\/escuela-a4-1_optimized.jpg","_links":{"self":[{"href":"https:\/\/radiorevelacionfm.cl\/index.php?rest_route=\/wp\/v2\/posts\/7180","targetHints":{"allow":["GET"]}}],"collection":[{"href":"https:\/\/radiorevelacionfm.cl\/index.php?rest_route=\/wp\/v2\/posts"}],"about":[{"href":"https:\/\/radiorevelacionfm.cl\/index.php?rest_route=\/wp\/v2\/types\/post"}],"author":[{"embeddable":true,"href":"https:\/\/radiorevelacionfm.cl\/index.php?rest_route=\/wp\/v2\/users\/1"}],"replies":[{"embeddable":true,"href":"https:\/\/radiorevelacionfm.cl\/index.php?rest_route=%2Fwp%2Fv2%2Fcomments&post=7180"}],"version-history":[{"count":1,"href":"https:\/\/radiorevelacionfm.cl\/index.php?rest_route=\/wp\/v2\/posts\/7180\/revisions"}],"predecessor-version":[{"id":7182,"href":"https:\/\/radiorevelacionfm.cl\/index.php?rest_route=\/wp\/v2\/posts\/7180\/revisions\/7182"}],"wp:featuredmedia":[{"embeddable":true,"href":"https:\/\/radiorevelacionfm.cl\/index.php?rest_route=\/wp\/v2\/media\/7181"}],"wp:attachment":[{"href":"https:\/\/radiorevelacionfm.cl\/index.php?rest_route=%2Fwp%2Fv2%2Fmedia&parent=7180"}],"wp:term":[{"taxonomy":"category","embeddable":true,"href":"https:\/\/radiorevelacionfm.cl\/index.php?rest_route=%2Fwp%2Fv2%2Fcategories&post=7180"},{"taxonomy":"post_tag","embeddable":true,"href":"https:\/\/radiorevelacionfm.cl\/index.php?rest_route=%2Fwp%2Fv2%2Ftags&post=7180"}],"curies":[{"name":"wp","href":"https:\/\/api.w.org\/{rel}","templated":true}]}}