{"id":7175,"date":"2021-08-07T11:22:12","date_gmt":"2021-08-07T14:22:12","guid":{"rendered":"https:\/\/radiorevelacionfm.cl\/?p=7175"},"modified":"2021-08-07T11:22:12","modified_gmt":"2021-08-07T14:22:12","slug":"senador-sandoval-respaldo-proyecto-que-obliga-a-sostenedores-a-requerir-acuerdo-del-centro-de-padres-y-apoderados-para-renovar-textos-escolares","status":"publish","type":"post","link":"https:\/\/radiorevelacionfm.cl\/?p=7175","title":{"rendered":"Senador Sandoval respald\u00f3 proyecto que obliga a sostenedores a requerir acuerdo del Centro de Padres y Apoderados para renovar textos escolares"},"content":{"rendered":"<div class=\"flex_column av_one_full  flex_column_div av-zero-column-padding first  avia-builder-el-0  el_before_av_one_full  avia-builder-el-first  \" style='border-radius:0px; '><div  class='avia-image-container  av-styling-    avia-builder-el-1  avia-builder-el-no-sibling  avia-align-center '  itemprop=\"image\" itemscope=\"itemscope\" itemtype=\"https:\/\/schema.org\/ImageObject\"  ><div class='avia-image-container-inner'><div class='avia-image-overlay-wrap'><img decoding=\"async\" class='wp-image-4221 avia-img-lazy-loading-not-4221 avia_image' src=\"https:\/\/radiorevelacionfm.cl\/wp-content\/uploads\/2021\/05\/Senador-Sandoval-l2.jpg\" alt='' title='Senador Sandoval-l2' height=\"600\" width=\"899\"  itemprop=\"thumbnailUrl\" srcset=\"https:\/\/radiorevelacionfm.cl\/wp-content\/uploads\/2021\/05\/Senador-Sandoval-l2.jpg 899w, https:\/\/radiorevelacionfm.cl\/wp-content\/uploads\/2021\/05\/Senador-Sandoval-l2-300x200.jpg 300w, https:\/\/radiorevelacionfm.cl\/wp-content\/uploads\/2021\/05\/Senador-Sandoval-l2-768x513.jpg 768w, https:\/\/radiorevelacionfm.cl\/wp-content\/uploads\/2021\/05\/Senador-Sandoval-l2-705x471.jpg 705w, https:\/\/radiorevelacionfm.cl\/wp-content\/uploads\/2021\/05\/Senador-Sandoval-l2-600x400.jpg 600w\" sizes=\"(max-width: 899px) 100vw, 899px\" \/><\/div><\/div><\/div><\/div><div class=\"flex_column av_one_full  flex_column_div av-zero-column-padding first  avia-builder-el-2  el_after_av_one_full  el_before_av_one_full  column-top-margin\" style='border-radius:0px; '><section class=\"av_textblock_section \"  itemscope=\"itemscope\" itemtype=\"https:\/\/schema.org\/BlogPosting\" itemprop=\"blogPost\" ><div class='avia_textblock  '   itemprop=\"text\" ><p style=\"text-align: center;\"><span style=\"font-size: 18pt;\"><strong>Sandoval respald\u00f3 proyecto que obliga a sostenedores a requerir acuerdo del Centro de Padres y Apoderados para renovar textos escolares <\/strong><\/span><\/p>\n<div id=\"gtx-trans\" style=\"position: absolute; left: -50px; top: 4.31534px;\">\n<div class=\"gtx-trans-icon\"><\/div>\n<\/div>\n<\/div><\/section><\/div><div class=\"flex_column av_one_full  flex_column_div av-zero-column-padding first  avia-builder-el-4  el_after_av_one_full  el_before_av_hr  column-top-margin\" style='border-radius:0px; '><section class=\"av_textblock_section \"  itemscope=\"itemscope\" itemtype=\"https:\/\/schema.org\/BlogPosting\" itemprop=\"blogPost\" ><div class='avia_textblock  '   itemprop=\"text\" ><p style=\"text-align: justify;\">El senador David Sandoval respald\u00f3 y destac\u00f3 el proyecto de ley que obliga a sostenedores de los establecimientos educacionales, pagados y subvencionados, a requerir el acuerdo del Centro de Padres y Apoderados para renovar textos escolares, iniciativa aprobada por la Sala del Senado y despachada a la C\u00e1mara de Diputados.<\/p>\n<p style=\"text-align: justify;\">Durante el debate, el parlamentario se\u00f1al\u00f3 que \u201cquienes hemos sido alcaldes, siempre ten\u00edamos una profunda discusi\u00f3n en relaci\u00f3n al tema de la entrega de textos escolares, y muchas veces nos encontr\u00e1bamos con estos textos mal utilizados o no usados\u201d, por lo cual recalc\u00f3 la importancia de esta iniciativa.<\/p>\n<p style=\"text-align: justify;\">Adem\u00e1s, Sandoval record\u00f3 que en la tramitaci\u00f3n del proyecto \u201cun informe de la Fiscal\u00eda Nacional Econ\u00f3mica, revel\u00f3 que un texto licitado por el Mineduc tiene un costo de $2.400, mientras que el costo promedio de compra de un establecimiento particular es de $24.900. Y qui\u00e9n paga este valor: las familias\u201d.<\/p>\n<p style=\"text-align: justify;\">La norma, se explic\u00f3, tiene por finalidad obligar a los sostenedores educacionales, a que s\u00f3lo puedan proceder al cambio de textos escolares provistos por el Ministerio de Educaci\u00f3n si cuentan con el acuerdo de los Centros de Padres y Apoderados del establecimiento, salvo que el Ministerio cambie las bases curriculares lo cual implique modificar los textos escolares vigentes, ya que, en ese caso, el sostenedor no ser\u00e1 obligado a recabar el referido acuerdo.<\/p>\n<p style=\"text-align: justify;\">\u201cEstamos ante una gran oportunidad, (pues) este proyecto permite, sin alterar la libertad de ense\u00f1anza, la participaci\u00f3n de la comunidad de padres y apoderados y permitir que este tipo de decisiones sean tomadas en conjunto.\u00a0Se hace cargo del enorme y profundo valor que se da a una decisi\u00f3n de las familias\u201d, resalt\u00f3.<\/p>\n<p style=\"text-align: justify;\"><strong>Alcances del proyecto<\/strong><\/p>\n<ul>\n<li style=\"text-align: justify;\">Los sostenedores, que, por razones fundadas, no utilicen textos escolares gratuitos proporcionados por el MINEDUC, estar\u00e1n obligados a requerir el acuerdo del Centro de Padres y Apoderados para proceder a su renovaci\u00f3n.<\/li>\n<li style=\"text-align: justify;\">Del mismo modo, los sostenedores de establecimientos particulares pagados deber\u00e1n requerir el acuerdo a que refiere el p\u00e1rrafo anterior para proceder a la renovaci\u00f3n de los textos escolares que en su proceso educativo utilizan los alumnos y alumnas.<\/li>\n<li style=\"text-align: justify;\">Sin perjuicio de lo dispuesto en los dos p\u00e1rrafos anteriores, ambos tipos de establecimientos podr\u00e1n prescindir de este acuerdo cuando el Ministerio de Educaci\u00f3n disponga cambios en los contenidos curriculares que impliquen necesariamente una reforma de los textos de estudio.<\/li>\n<\/ul>\n<\/div><\/section><\/div><div  style='height:50px' class='hr hr-invisible   avia-builder-el-6  el_after_av_one_full  el_before_av_social_share '><span class='hr-inner ' ><span class='hr-inner-style'><\/span><\/span><\/div><\/p>\n<div  class='av-social-sharing-box  avia-builder-el-7  el_after_av_hr  el_before_av_hr  '><div class='av-share-box'><h5 class='av-share-link-description av-no-toc '>Compartir esta noticia<\/h5><ul class='av-share-box-list noLightbox'><li class='av-share-link av-social-link-facebook' ><a target=\"_blank\" aria-label=\"Compartir en Facebook\" href='https:\/\/www.facebook.com\/sharer.php?u=https:\/\/radiorevelacionfm.cl\/?p=7175&#038;t=Senador%20Sandoval%20respald%C3%B3%20proyecto%20que%20obliga%20a%20sostenedores%20a%20requerir%20acuerdo%20del%20Centro%20de%20Padres%20y%20Apoderados%20para%20renovar%20textos%20escolares' aria-hidden='false' data-av_icon='\ue8f3' data-av_iconfont='entypo-fontello' title='' data-avia-related-tooltip='Compartir en Facebook' rel=\"noopener\"><span class='avia_hidden_link_text'>Compartir en Facebook<\/span><\/a><\/li><li class='av-share-link av-social-link-twitter' ><a target=\"_blank\" aria-label=\"Compartir en Twitter\" href='https:\/\/twitter.com\/share?text=Senador%20Sandoval%20respald%C3%B3%20proyecto%20que%20obliga%20a%20sostenedores%20a%20requerir%20acuerdo%20del%20Centro%20de%20Padres%20y%20Apoderados%20para%20renovar%20textos%20escolares&#038;url=https:\/\/radiorevelacionfm.cl\/?p=7175' aria-hidden='false' data-av_icon='\ue8f1' data-av_iconfont='entypo-fontello' title='' data-avia-related-tooltip='Compartir en Twitter' rel=\"noopener\"><span class='avia_hidden_link_text'>Compartir en Twitter<\/span><\/a><\/li><li class='av-share-link av-social-link-whatsapp' ><a target=\"_blank\" aria-label=\"Compartir en Whatsapp\" href='https:\/\/api.whatsapp.com\/send?text=https:\/\/radiorevelacionfm.cl\/?p=7175' aria-hidden='false' data-av_icon='\uf232' data-av_iconfont='entypo-fontello' title='' data-avia-related-tooltip='Compartir en Whatsapp' rel=\"noopener\"><span class='avia_hidden_link_text'>Compartir en Whatsapp<\/span><\/a><\/li><li class='av-share-link av-social-link-linkedin' ><a target=\"_blank\" aria-label=\"Compartir en LinkedIn\" href='https:\/\/linkedin.com\/shareArticle?mini=true&#038;title=Senador%20Sandoval%20respald%C3%B3%20proyecto%20que%20obliga%20a%20sostenedores%20a%20requerir%20acuerdo%20del%20Centro%20de%20Padres%20y%20Apoderados%20para%20renovar%20textos%20escolares&#038;url=https:\/\/radiorevelacionfm.cl\/?p=7175' aria-hidden='false' data-av_icon='\ue8fc' data-av_iconfont='entypo-fontello' title='' data-avia-related-tooltip='Compartir en LinkedIn' rel=\"noopener\"><span class='avia_hidden_link_text'>Compartir en LinkedIn<\/span><\/a><\/li><li class='av-share-link av-social-link-mail' ><a  aria-label=\"Compartir por correo\" href='mailto:?subject=Senador%20Sandoval%20respald%C3%B3%20proyecto%20que%20obliga%20a%20sostenedores%20a%20requerir%20acuerdo%20del%20Centro%20de%20Padres%20y%20Apoderados%20para%20renovar%20textos%20escolares&#038;body=https:\/\/radiorevelacionfm.cl\/?p=7175' aria-hidden='false' data-av_icon='\ue805' data-av_iconfont='entypo-fontello' title='' data-avia-related-tooltip='Compartir por correo'><span class='avia_hidden_link_text'>Compartir por correo<\/span><\/a><\/li><\/ul><\/div><\/div>\n<div  style='height:50px' class='hr hr-invisible   avia-builder-el-8  el_after_av_social_share  el_before_av_comments_list '><span class='hr-inner ' ><span class='hr-inner-style'><\/span><\/span><\/div>\n<div  class='av-buildercomment  av-blog-meta-html-info-disabled av-blog-meta-tag-disabled  '><\/div>\n","protected":false},"excerpt":{"rendered":"","protected":false},"author":1,"featured_media":4221,"comment_status":"open","ping_status":"open","sticky":false,"template":"","format":"standard","meta":{"footnotes":""},"categories":[35],"tags":[],"class_list":["post-7175","post","type-post","status-publish","format-standard","has-post-thumbnail","hentry","category-politica"],"jetpack_featured_media_url":"https:\/\/radiorevelacionfm.cl\/wp-content\/uploads\/2021\/05\/Senador-Sandoval-l2.jpg","_links":{"self":[{"href":"https:\/\/radiorevelacionfm.cl\/index.php?rest_route=\/wp\/v2\/posts\/7175","targetHints":{"allow":["GET"]}}],"collection":[{"href":"https:\/\/radiorevelacionfm.cl\/index.php?rest_route=\/wp\/v2\/posts"}],"about":[{"href":"https:\/\/radiorevelacionfm.cl\/index.php?rest_route=\/wp\/v2\/types\/post"}],"author":[{"embeddable":true,"href":"https:\/\/radiorevelacionfm.cl\/index.php?rest_route=\/wp\/v2\/users\/1"}],"replies":[{"embeddable":true,"href":"https:\/\/radiorevelacionfm.cl\/index.php?rest_route=%2Fwp%2Fv2%2Fcomments&post=7175"}],"version-history":[{"count":1,"href":"https:\/\/radiorevelacionfm.cl\/index.php?rest_route=\/wp\/v2\/posts\/7175\/revisions"}],"predecessor-version":[{"id":7176,"href":"https:\/\/radiorevelacionfm.cl\/index.php?rest_route=\/wp\/v2\/posts\/7175\/revisions\/7176"}],"wp:featuredmedia":[{"embeddable":true,"href":"https:\/\/radiorevelacionfm.cl\/index.php?rest_route=\/wp\/v2\/media\/4221"}],"wp:attachment":[{"href":"https:\/\/radiorevelacionfm.cl\/index.php?rest_route=%2Fwp%2Fv2%2Fmedia&parent=7175"}],"wp:term":[{"taxonomy":"category","embeddable":true,"href":"https:\/\/radiorevelacionfm.cl\/index.php?rest_route=%2Fwp%2Fv2%2Fcategories&post=7175"},{"taxonomy":"post_tag","embeddable":true,"href":"https:\/\/radiorevelacionfm.cl\/index.php?rest_route=%2Fwp%2Fv2%2Ftags&post=7175"}],"curies":[{"name":"wp","href":"https:\/\/api.w.org\/{rel}","templated":true}]}}