{"id":7171,"date":"2021-08-06T18:33:58","date_gmt":"2021-08-06T21:33:58","guid":{"rendered":"https:\/\/radiorevelacionfm.cl\/?p=7171"},"modified":"2021-08-06T18:33:58","modified_gmt":"2021-08-06T21:33:58","slug":"consejeros-reafirman-gestiones-para-atender-subsidios-sin-ejecucion-que-afecta-a-unas-40-familias-en-la-provincia-general-carrera","status":"publish","type":"post","link":"https:\/\/radiorevelacionfm.cl\/?p=7171","title":{"rendered":"Consejeros reafirman gestiones para atender subsidios sin ejecuci\u00f3n que afecta a unas 40 familias en la provincia General Carrera"},"content":{"rendered":"<div class=\"flex_column av_one_full  flex_column_div av-zero-column-padding first  avia-builder-el-0  el_before_av_one_full  avia-builder-el-first  \" style='border-radius:0px; '><div  class='avia-image-container  av-styling-    avia-builder-el-1  avia-builder-el-no-sibling  avia-align-center '  itemprop=\"image\" itemscope=\"itemscope\" itemtype=\"https:\/\/schema.org\/ImageObject\"  ><div class='avia-image-container-inner'><div class='avia-image-overlay-wrap'><img decoding=\"async\" class='wp-image-7173 avia-img-lazy-loading-not-7173 avia_image' src=\"https:\/\/radiorevelacionfm.cl\/wp-content\/uploads\/2021\/08\/img_5504-1_optimized.jpg\" alt='' title='img_5504-(1)_optimized' height=\"600\" width=\"916\"  itemprop=\"thumbnailUrl\" srcset=\"https:\/\/radiorevelacionfm.cl\/wp-content\/uploads\/2021\/08\/img_5504-1_optimized.jpg 916w, https:\/\/radiorevelacionfm.cl\/wp-content\/uploads\/2021\/08\/img_5504-1_optimized-300x197.jpg 300w, https:\/\/radiorevelacionfm.cl\/wp-content\/uploads\/2021\/08\/img_5504-1_optimized-768x503.jpg 768w, https:\/\/radiorevelacionfm.cl\/wp-content\/uploads\/2021\/08\/img_5504-1_optimized-705x462.jpg 705w, https:\/\/radiorevelacionfm.cl\/wp-content\/uploads\/2021\/08\/img_5504-1_optimized-600x393.jpg 600w\" sizes=\"(max-width: 916px) 100vw, 916px\" \/><\/div><\/div><\/div><\/div><div class=\"flex_column av_one_full  flex_column_div av-zero-column-padding first  avia-builder-el-2  el_after_av_one_full  el_before_av_one_full  column-top-margin\" style='border-radius:0px; '><section class=\"av_textblock_section \"  itemscope=\"itemscope\" itemtype=\"https:\/\/schema.org\/BlogPosting\" itemprop=\"blogPost\" ><div class='avia_textblock  '   itemprop=\"text\" ><p align=\"center\"><strong><span style=\"font-size: 18pt;\">Consejeros reafirman gestiones para atender subsidios sin ejecuci\u00f3n que afecta a unas 40 familias en la provincia General Carrera<\/span><\/strong><\/p>\n<div id=\"gtx-trans\" style=\"position: absolute; left: -50px; top: 4.31534px;\">\n<div class=\"gtx-trans-icon\"><\/div>\n<\/div>\n<\/div><\/section><\/div><div class=\"flex_column av_one_full  flex_column_div av-zero-column-padding first  avia-builder-el-4  el_after_av_one_full  el_before_av_hr  column-top-margin\" style='border-radius:0px; '><section class=\"av_textblock_section \"  itemscope=\"itemscope\" itemtype=\"https:\/\/schema.org\/BlogPosting\" itemprop=\"blogPost\" ><div class='avia_textblock  '   itemprop=\"text\" ><p class=\"v1MsoNormal\" style=\"text-align: justify;\">Medidas para evitar que las empresas contratistas dejen subsidios habitacionales sin ejecutar -producto del alza de precios de los materiales de construcci\u00f3n-, solicit\u00f3 el presidente de la comisi\u00f3n de Vivienda del Consejo Regional (CORE), Washington Medina.<\/p>\n<p class=\"v1MsoNormal\" style=\"text-align: justify;\">Tras reunirse con vecinos del Comit\u00e9 La Amistad de Puerto Guadal, el consejero insisti\u00f3 en que la secretar\u00eda regional ministerial de Vivienda atienda la situaci\u00f3n, que en la provincia General Carrera afecta a unas 40 familias.<\/p>\n<p class=\"v1MsoNormal\" style=\"text-align: justify;\">\u00abCasi 40 subsidios que est\u00e1n en la misma situaci\u00f3n, en los que no hemos tenido oferentes para ejecutarlos. En el caso de Puerto Guadal, pasa a una licitaci\u00f3n de trato directo y es ah\u00ed donde solicitamos al seremi cumplir el compromiso hecho p\u00fablicamente por \u00e9l, para reajustar montos de subsidios y as\u00ed complementar los fondos disponibles para mitigar las alzas en los materiales de construcci\u00f3n\u00bb, recalc\u00f3.<\/p>\n<p class=\"v1MsoNormal\" style=\"text-align: justify;\">Una de las vecinas del comit\u00e9 La Amistad, Ana Mar\u00eda Soto Sep\u00falveda, explic\u00f3 que temen perder los subsidios adjudicados.<\/p>\n<p class=\"v1MsoNormal\" style=\"text-align: justify;\">\u00abHay gente que lleva muchos a\u00f1os tratando de tener sus mejoramientos, sus construcciones. Hemos postulado con el leg\u00edtimo derecho de tener nuestros subsidios que nos han aprobado y ser\u00eda lamentable que se pierdan. Necesitamos con mucha urgencia que nos inyecten estos recursos y podamos tener por fin estos subsidios y la ilusi\u00f3n de nuestras casas arregladas como lo postulamos y necesitamos\u00bb, indic\u00f3.<\/p>\n<p class=\"v1MsoNormal\" style=\"text-align: justify;\">Por su parte, el consejero Rodrigo Araya Morales solicit\u00f3 a las comisiones de Vivienda de la C\u00e1mara de Diputados y del Senado los an\u00e1lisis que han realizado en torno al alza en materiales y la concreci\u00f3n de los programas habitacionales.<\/p>\n<p class=\"v1MsoNormal\" style=\"text-align: justify;\">\u00abSolicitar a la comisi\u00f3n de Vivienda de la C\u00e1mara de Diputados como a la comisi\u00f3n de Vivienda del Senado, informaci\u00f3n sobre lo que han discutido con respecto al alza en el precio de los materiales de construcci\u00f3n y las gestiones que han realizado en torno a ese problema, para tener mayor informaci\u00f3n y certeza qu\u00e9 est\u00e1 sucediendo a nivel nacional y tomar alguna decisi\u00f3n al respecto\u00bb, enfatiz\u00f3.<\/p>\n<p class=\"v1MsoNormal\" style=\"text-align: justify;\">Este requerimiento cont\u00f3 con la venia del pleno del CORE que ha insistido con reuniones en la regi\u00f3n as\u00ed como con gestiones directas en la subsecretar\u00eda de Vivienda en Santiago, donde participaron tambi\u00e9n los consejeros Sergio Gonz\u00e1lez, Ra\u00fal Rudolphi y Carlos Quintul, para definir cursos de acci\u00f3n local en esta materia.<\/p>\n<\/div><\/section><\/div><div  style='height:50px' class='hr hr-invisible   avia-builder-el-6  el_after_av_one_full  el_before_av_social_share '><span class='hr-inner ' ><span class='hr-inner-style'><\/span><\/span><\/div><\/p>\n<div  class='av-social-sharing-box  avia-builder-el-7  el_after_av_hr  el_before_av_hr  '><div class='av-share-box'><h5 class='av-share-link-description av-no-toc '>Compartir esta noticia<\/h5><ul class='av-share-box-list noLightbox'><li class='av-share-link av-social-link-facebook' ><a target=\"_blank\" aria-label=\"Compartir en Facebook\" href='https:\/\/www.facebook.com\/sharer.php?u=https:\/\/radiorevelacionfm.cl\/?p=7171&#038;t=Consejeros%20reafirman%20gestiones%20para%20atender%20subsidios%20sin%20ejecuci%C3%B3n%20que%20afecta%20a%20unas%2040%20familias%20en%20la%20provincia%20General%20Carrera' aria-hidden='false' data-av_icon='\ue8f3' data-av_iconfont='entypo-fontello' title='' data-avia-related-tooltip='Compartir en Facebook' rel=\"noopener\"><span class='avia_hidden_link_text'>Compartir en Facebook<\/span><\/a><\/li><li class='av-share-link av-social-link-twitter' ><a target=\"_blank\" aria-label=\"Compartir en Twitter\" href='https:\/\/twitter.com\/share?text=Consejeros%20reafirman%20gestiones%20para%20atender%20subsidios%20sin%20ejecuci%C3%B3n%20que%20afecta%20a%20unas%2040%20familias%20en%20la%20provincia%20General%20Carrera&#038;url=https:\/\/radiorevelacionfm.cl\/?p=7171' aria-hidden='false' data-av_icon='\ue8f1' data-av_iconfont='entypo-fontello' title='' data-avia-related-tooltip='Compartir en Twitter' rel=\"noopener\"><span class='avia_hidden_link_text'>Compartir en Twitter<\/span><\/a><\/li><li class='av-share-link av-social-link-whatsapp' ><a target=\"_blank\" aria-label=\"Compartir en Whatsapp\" href='https:\/\/api.whatsapp.com\/send?text=https:\/\/radiorevelacionfm.cl\/?p=7171' aria-hidden='false' data-av_icon='\uf232' data-av_iconfont='entypo-fontello' title='' data-avia-related-tooltip='Compartir en Whatsapp' rel=\"noopener\"><span class='avia_hidden_link_text'>Compartir en Whatsapp<\/span><\/a><\/li><li class='av-share-link av-social-link-linkedin' ><a target=\"_blank\" aria-label=\"Compartir en LinkedIn\" href='https:\/\/linkedin.com\/shareArticle?mini=true&#038;title=Consejeros%20reafirman%20gestiones%20para%20atender%20subsidios%20sin%20ejecuci%C3%B3n%20que%20afecta%20a%20unas%2040%20familias%20en%20la%20provincia%20General%20Carrera&#038;url=https:\/\/radiorevelacionfm.cl\/?p=7171' aria-hidden='false' data-av_icon='\ue8fc' data-av_iconfont='entypo-fontello' title='' data-avia-related-tooltip='Compartir en LinkedIn' rel=\"noopener\"><span class='avia_hidden_link_text'>Compartir en LinkedIn<\/span><\/a><\/li><li class='av-share-link av-social-link-mail' ><a  aria-label=\"Compartir por correo\" href='mailto:?subject=Consejeros%20reafirman%20gestiones%20para%20atender%20subsidios%20sin%20ejecuci%C3%B3n%20que%20afecta%20a%20unas%2040%20familias%20en%20la%20provincia%20General%20Carrera&#038;body=https:\/\/radiorevelacionfm.cl\/?p=7171' aria-hidden='false' data-av_icon='\ue805' data-av_iconfont='entypo-fontello' title='' data-avia-related-tooltip='Compartir por correo'><span class='avia_hidden_link_text'>Compartir por correo<\/span><\/a><\/li><\/ul><\/div><\/div>\n<div  style='height:50px' class='hr hr-invisible   avia-builder-el-8  el_after_av_social_share  el_before_av_comments_list '><span class='hr-inner ' ><span class='hr-inner-style'><\/span><\/span><\/div>\n<div  class='av-buildercomment  av-blog-meta-html-info-disabled av-blog-meta-tag-disabled  '><\/div>\n","protected":false},"excerpt":{"rendered":"","protected":false},"author":1,"featured_media":7173,"comment_status":"open","ping_status":"open","sticky":false,"template":"","format":"standard","meta":{"footnotes":""},"categories":[57],"tags":[],"class_list":["post-7171","post","type-post","status-publish","format-standard","has-post-thumbnail","hentry","category-vivienda"],"jetpack_featured_media_url":"https:\/\/radiorevelacionfm.cl\/wp-content\/uploads\/2021\/08\/img_5504-1_optimized.jpg","_links":{"self":[{"href":"https:\/\/radiorevelacionfm.cl\/index.php?rest_route=\/wp\/v2\/posts\/7171","targetHints":{"allow":["GET"]}}],"collection":[{"href":"https:\/\/radiorevelacionfm.cl\/index.php?rest_route=\/wp\/v2\/posts"}],"about":[{"href":"https:\/\/radiorevelacionfm.cl\/index.php?rest_route=\/wp\/v2\/types\/post"}],"author":[{"embeddable":true,"href":"https:\/\/radiorevelacionfm.cl\/index.php?rest_route=\/wp\/v2\/users\/1"}],"replies":[{"embeddable":true,"href":"https:\/\/radiorevelacionfm.cl\/index.php?rest_route=%2Fwp%2Fv2%2Fcomments&post=7171"}],"version-history":[{"count":1,"href":"https:\/\/radiorevelacionfm.cl\/index.php?rest_route=\/wp\/v2\/posts\/7171\/revisions"}],"predecessor-version":[{"id":7174,"href":"https:\/\/radiorevelacionfm.cl\/index.php?rest_route=\/wp\/v2\/posts\/7171\/revisions\/7174"}],"wp:featuredmedia":[{"embeddable":true,"href":"https:\/\/radiorevelacionfm.cl\/index.php?rest_route=\/wp\/v2\/media\/7173"}],"wp:attachment":[{"href":"https:\/\/radiorevelacionfm.cl\/index.php?rest_route=%2Fwp%2Fv2%2Fmedia&parent=7171"}],"wp:term":[{"taxonomy":"category","embeddable":true,"href":"https:\/\/radiorevelacionfm.cl\/index.php?rest_route=%2Fwp%2Fv2%2Fcategories&post=7171"},{"taxonomy":"post_tag","embeddable":true,"href":"https:\/\/radiorevelacionfm.cl\/index.php?rest_route=%2Fwp%2Fv2%2Ftags&post=7171"}],"curies":[{"name":"wp","href":"https:\/\/api.w.org\/{rel}","templated":true}]}}