{"id":7168,"date":"2021-08-06T16:06:06","date_gmt":"2021-08-06T19:06:06","guid":{"rendered":"https:\/\/radiorevelacionfm.cl\/?p=7168"},"modified":"2021-08-06T16:06:06","modified_gmt":"2021-08-06T19:06:06","slug":"en-lago-verde-realizan-charla-informativa-sobre-educacion-ambiental-en-calidad-del-aire","status":"publish","type":"post","link":"https:\/\/radiorevelacionfm.cl\/?p=7168","title":{"rendered":"En Lago Verde realizan charla informativa sobre \u201ceducaci\u00f3n ambiental en calidad del aire\u201d"},"content":{"rendered":"<div class=\"flex_column av_one_full  flex_column_div av-zero-column-padding first  avia-builder-el-0  el_before_av_one_full  avia-builder-el-first  \" style='border-radius:0px; '><div  class='avia-image-container  av-styling-    avia-builder-el-1  avia-builder-el-no-sibling  avia-align-center '  itemprop=\"image\" itemscope=\"itemscope\" itemtype=\"https:\/\/schema.org\/ImageObject\"  ><div class='avia-image-container-inner'><div class='avia-image-overlay-wrap'><img decoding=\"async\" class='wp-image-7169 avia-img-lazy-loading-not-7169 avia_image' src=\"https:\/\/radiorevelacionfm.cl\/wp-content\/uploads\/2021\/08\/medio-ambiente-lago-verde-i-1-1.jpg\" alt='' title='medio ambiente lago verde i (1) (1)' height=\"600\" width=\"862\"  itemprop=\"thumbnailUrl\" srcset=\"https:\/\/radiorevelacionfm.cl\/wp-content\/uploads\/2021\/08\/medio-ambiente-lago-verde-i-1-1.jpg 862w, https:\/\/radiorevelacionfm.cl\/wp-content\/uploads\/2021\/08\/medio-ambiente-lago-verde-i-1-1-300x209.jpg 300w, https:\/\/radiorevelacionfm.cl\/wp-content\/uploads\/2021\/08\/medio-ambiente-lago-verde-i-1-1-768x535.jpg 768w, https:\/\/radiorevelacionfm.cl\/wp-content\/uploads\/2021\/08\/medio-ambiente-lago-verde-i-1-1-705x491.jpg 705w, https:\/\/radiorevelacionfm.cl\/wp-content\/uploads\/2021\/08\/medio-ambiente-lago-verde-i-1-1-600x418.jpg 600w\" sizes=\"(max-width: 862px) 100vw, 862px\" \/><\/div><\/div><\/div><\/div><div class=\"flex_column av_one_full  flex_column_div av-zero-column-padding first  avia-builder-el-2  el_after_av_one_full  el_before_av_one_full  column-top-margin\" style='border-radius:0px; '><section class=\"av_textblock_section \"  itemscope=\"itemscope\" itemtype=\"https:\/\/schema.org\/BlogPosting\" itemprop=\"blogPost\" ><div class='avia_textblock  '   itemprop=\"text\" ><p style=\"text-align: center;\"><strong><span style=\"font-size: 18pt;\">En Lago Verde realizan charla informativa sobre \u201ceducaci\u00f3n ambiental en calidad del aire\u201d<\/span><\/strong><\/p>\n<div id=\"gtx-trans\" style=\"position: absolute; left: -50px; top: 4.31534px;\">\n<div class=\"gtx-trans-icon\"><\/div>\n<\/div>\n<\/div><\/section><\/div><div class=\"flex_column av_one_full  flex_column_div av-zero-column-padding first  avia-builder-el-4  el_after_av_one_full  el_before_av_hr  column-top-margin\" style='border-radius:0px; '><section class=\"av_textblock_section \"  itemscope=\"itemscope\" itemtype=\"https:\/\/schema.org\/BlogPosting\" itemprop=\"blogPost\" ><div class='avia_textblock  '   itemprop=\"text\" ><p style=\"text-align: justify;\">Esta semana, profesionales de la Seremi de Medio Ambiente recorrieron las distintas localidades de la comuna de Lago Verde, para desarrollar una charla informativa donde se abord\u00f3 el tema \u201ceducaci\u00f3n ambiental en calidad del aire\u201d.<\/p>\n<p style=\"text-align: justify;\">La iniciativa cuenta con el respaldo del Gobierno Regional para su ejecuci\u00f3n, tal como lo dio a conocer el encargado del departamento de educaci\u00f3n ambiental de la Seremi de Medio Ambiente, Juan Luis R\u00edos. Quien remarc\u00f3 que los problemas de contaminaci\u00f3n no solo se viven en Coyhaique, sino que tambi\u00e9n afectan a todas las localidades de la regi\u00f3n.<\/p>\n<p style=\"text-align: justify;\">\u201cComo el problema no es tan solo exclusivo para la ciudad de Coyhaique, sino que afecta a todos los pueblos y ciudades de la regi\u00f3n, el Gobierno Regional de Ays\u00e9n y su Consejo financi\u00f3 este programa, para poder llegar con el mensaje e ir aclarando conceptos. De esta forma poder ir desarrollando valores y actitudes en todas las comunidades, para que de esta manera podamos ir reduciendo los niveles de contaminaci\u00f3n que cada invierno nos afecta\u201d.<\/p>\n<p style=\"text-align: justify;\">En tanto, el Alcalde de la comuna de Lago Verde, Nelson Opazo L\u00f3pez, valor\u00f3 la instancia educativa y fue claro en se\u00f1alar que tambi\u00e9n se requieren acciones concretas en beneficio de la ciudadan\u00eda, como por ejemplo, el recambio de calefactores, algo en lo que la autoridad ha insistido llegue tambi\u00e9n al territorio comunal.<\/p>\n<p style=\"text-align: justify;\">\u201cQuiz\u00e1s es un \u00e1mbito que no nos toca tan fuerte como Coyhaique, pero si no deja de hacernos reflexionar, respecto a las decisiones que se toman en el contexto regional. Es imprescindible que se pueda incorporar a la comuna de Lago Verde en lo que es el recambio de calefactores, en las modalidades que sean m\u00e1s recomendables y que nuestros vecinos tambi\u00e9n as\u00ed lo requieran. Lo hemos solicitado durante bastante tiempo al Ministerio de Medio Ambiente, al Consejo Regional, que pudiesen incorporarnos en los programas y los planes que justamente atacan directamente la disminuci\u00f3n de la contaminaci\u00f3n\u201d.<\/p>\n<p style=\"text-align: justify;\">En la localidad, vecinos y el \u00e1rea educativa pusieron en valor la charla dictada por profesionales de la Seremi de Medio Ambiente, es el caso de Constanza Araya, educadora del jard\u00edn infantil \u201cLos Corderitos\u201d de Lago Verde. \u201cMe parece s\u00faper bueno que haya venido este programa de difusi\u00f3n ambiental, a informarnos, a dar a conocer acerca de la calidad del aire que afecta a la regi\u00f3n. Tambi\u00e9n para nosotros acercarlo a trav\u00e9s de experiencias de aprendizaje a los ni\u00f1os y ni\u00f1as del jard\u00edn, trabajarlo adem\u00e1s con la familia y la comunidad educativa\u201d.<\/p>\n<p style=\"text-align: justify;\">La iniciativa tambi\u00e9n fue socializada con los adultos mayores de Lago Verde, don Manuel C\u00e1rdenas, destac\u00f3 el desarrollo de esta charla y enfatiz\u00f3 que es bueno seguir incentivando este tipo de temas con los m\u00e1s peque\u00f1os.<\/p>\n<p style=\"text-align: justify;\">\u201cEste tipo de charlas hace bien, nosotros como adultos mayores entendemos como es la situaci\u00f3n en nuestra localidad. Pero me gustar\u00eda que con los ni\u00f1os est\u00e1s actividades sean m\u00e1s peri\u00f3dicas, se les vaya ense\u00f1ando m\u00e1s para que vayan entendiendo mejor la situaci\u00f3n con nuestro aire, que no nos damos cuenta, pero si existe una peque\u00f1a contaminaci\u00f3n, por lo tanto, los ni\u00f1os tienen que ir aprendiendo desde ya para que tomen cartas en el asunto\u201d.<\/p>\n<p style=\"text-align: justify;\">Desde la Municipalidad de Lago Verde junto a las acciones sociales, proyectos e iniciativas que buscan crear una comuna mejor, tambi\u00e9n el \u00e9nfasis de la gesti\u00f3n est\u00e1 centrado en el cuidado al medio ambiente, donde se espera el respaldo de los organismos pertinentes para llegar con acciones concretas a la comunidad.<\/p>\n<\/div><\/section><\/div><div  style='height:50px' class='hr hr-invisible   avia-builder-el-6  el_after_av_one_full  el_before_av_social_share '><span class='hr-inner ' ><span class='hr-inner-style'><\/span><\/span><\/div><\/p>\n<div  class='av-social-sharing-box  avia-builder-el-7  el_after_av_hr  el_before_av_hr  '><div class='av-share-box'><h5 class='av-share-link-description av-no-toc '>Compartir esta noticia<\/h5><ul class='av-share-box-list noLightbox'><li class='av-share-link av-social-link-facebook' ><a target=\"_blank\" aria-label=\"Compartir en Facebook\" href='https:\/\/www.facebook.com\/sharer.php?u=https:\/\/radiorevelacionfm.cl\/?p=7168&#038;t=En%20Lago%20Verde%20realizan%20charla%20informativa%20sobre%20%E2%80%9Ceducaci%C3%B3n%20ambiental%20en%20calidad%20del%20aire%E2%80%9D' aria-hidden='false' data-av_icon='\ue8f3' data-av_iconfont='entypo-fontello' title='' data-avia-related-tooltip='Compartir en Facebook' rel=\"noopener\"><span class='avia_hidden_link_text'>Compartir en Facebook<\/span><\/a><\/li><li class='av-share-link av-social-link-twitter' ><a target=\"_blank\" aria-label=\"Compartir en Twitter\" href='https:\/\/twitter.com\/share?text=En%20Lago%20Verde%20realizan%20charla%20informativa%20sobre%20%E2%80%9Ceducaci%C3%B3n%20ambiental%20en%20calidad%20del%20aire%E2%80%9D&#038;url=https:\/\/radiorevelacionfm.cl\/?p=7168' aria-hidden='false' data-av_icon='\ue8f1' data-av_iconfont='entypo-fontello' title='' data-avia-related-tooltip='Compartir en Twitter' rel=\"noopener\"><span class='avia_hidden_link_text'>Compartir en Twitter<\/span><\/a><\/li><li class='av-share-link av-social-link-whatsapp' ><a target=\"_blank\" aria-label=\"Compartir en Whatsapp\" href='https:\/\/api.whatsapp.com\/send?text=https:\/\/radiorevelacionfm.cl\/?p=7168' aria-hidden='false' data-av_icon='\uf232' data-av_iconfont='entypo-fontello' title='' data-avia-related-tooltip='Compartir en Whatsapp' rel=\"noopener\"><span class='avia_hidden_link_text'>Compartir en Whatsapp<\/span><\/a><\/li><li class='av-share-link av-social-link-linkedin' ><a target=\"_blank\" aria-label=\"Compartir en LinkedIn\" href='https:\/\/linkedin.com\/shareArticle?mini=true&#038;title=En%20Lago%20Verde%20realizan%20charla%20informativa%20sobre%20%E2%80%9Ceducaci%C3%B3n%20ambiental%20en%20calidad%20del%20aire%E2%80%9D&#038;url=https:\/\/radiorevelacionfm.cl\/?p=7168' aria-hidden='false' data-av_icon='\ue8fc' data-av_iconfont='entypo-fontello' title='' data-avia-related-tooltip='Compartir en LinkedIn' rel=\"noopener\"><span class='avia_hidden_link_text'>Compartir en LinkedIn<\/span><\/a><\/li><li class='av-share-link av-social-link-mail' ><a  aria-label=\"Compartir por correo\" href='mailto:?subject=En%20Lago%20Verde%20realizan%20charla%20informativa%20sobre%20%E2%80%9Ceducaci%C3%B3n%20ambiental%20en%20calidad%20del%20aire%E2%80%9D&#038;body=https:\/\/radiorevelacionfm.cl\/?p=7168' aria-hidden='false' data-av_icon='\ue805' data-av_iconfont='entypo-fontello' title='' data-avia-related-tooltip='Compartir por correo'><span class='avia_hidden_link_text'>Compartir por correo<\/span><\/a><\/li><\/ul><\/div><\/div>\n<div  style='height:50px' class='hr hr-invisible   avia-builder-el-8  el_after_av_social_share  el_before_av_comments_list '><span class='hr-inner ' ><span class='hr-inner-style'><\/span><\/span><\/div>\n<div  class='av-buildercomment  av-blog-meta-html-info-disabled av-blog-meta-tag-disabled  '><\/div>\n","protected":false},"excerpt":{"rendered":"","protected":false},"author":1,"featured_media":7169,"comment_status":"open","ping_status":"open","sticky":false,"template":"","format":"standard","meta":{"footnotes":""},"categories":[39],"tags":[],"class_list":["post-7168","post","type-post","status-publish","format-standard","has-post-thumbnail","hentry","category-medio-ambiente"],"jetpack_featured_media_url":"https:\/\/radiorevelacionfm.cl\/wp-content\/uploads\/2021\/08\/medio-ambiente-lago-verde-i-1-1.jpg","_links":{"self":[{"href":"https:\/\/radiorevelacionfm.cl\/index.php?rest_route=\/wp\/v2\/posts\/7168","targetHints":{"allow":["GET"]}}],"collection":[{"href":"https:\/\/radiorevelacionfm.cl\/index.php?rest_route=\/wp\/v2\/posts"}],"about":[{"href":"https:\/\/radiorevelacionfm.cl\/index.php?rest_route=\/wp\/v2\/types\/post"}],"author":[{"embeddable":true,"href":"https:\/\/radiorevelacionfm.cl\/index.php?rest_route=\/wp\/v2\/users\/1"}],"replies":[{"embeddable":true,"href":"https:\/\/radiorevelacionfm.cl\/index.php?rest_route=%2Fwp%2Fv2%2Fcomments&post=7168"}],"version-history":[{"count":1,"href":"https:\/\/radiorevelacionfm.cl\/index.php?rest_route=\/wp\/v2\/posts\/7168\/revisions"}],"predecessor-version":[{"id":7170,"href":"https:\/\/radiorevelacionfm.cl\/index.php?rest_route=\/wp\/v2\/posts\/7168\/revisions\/7170"}],"wp:featuredmedia":[{"embeddable":true,"href":"https:\/\/radiorevelacionfm.cl\/index.php?rest_route=\/wp\/v2\/media\/7169"}],"wp:attachment":[{"href":"https:\/\/radiorevelacionfm.cl\/index.php?rest_route=%2Fwp%2Fv2%2Fmedia&parent=7168"}],"wp:term":[{"taxonomy":"category","embeddable":true,"href":"https:\/\/radiorevelacionfm.cl\/index.php?rest_route=%2Fwp%2Fv2%2Fcategories&post=7168"},{"taxonomy":"post_tag","embeddable":true,"href":"https:\/\/radiorevelacionfm.cl\/index.php?rest_route=%2Fwp%2Fv2%2Ftags&post=7168"}],"curies":[{"name":"wp","href":"https:\/\/api.w.org\/{rel}","templated":true}]}}