{"id":7165,"date":"2021-08-06T14:01:08","date_gmt":"2021-08-06T17:01:08","guid":{"rendered":"https:\/\/radiorevelacionfm.cl\/?p=7165"},"modified":"2021-08-06T14:01:08","modified_gmt":"2021-08-06T17:01:08","slug":"se-reinician-servicios-de-transporte-subvencionado-hacia-raul-marin-balmaceda","status":"publish","type":"post","link":"https:\/\/radiorevelacionfm.cl\/?p=7165","title":{"rendered":"Se reinician servicios de transporte subvencionado hacia Ra\u00fal Mar\u00edn Balmaceda"},"content":{"rendered":"<div class=\"flex_column av_one_full  flex_column_div av-zero-column-padding first  avia-builder-el-0  el_before_av_one_full  avia-builder-el-first  \" style='border-radius:0px; '><div  class='avia-image-container  av-styling-    avia-builder-el-1  avia-builder-el-no-sibling  avia-align-center '  itemprop=\"image\" itemscope=\"itemscope\" itemtype=\"https:\/\/schema.org\/ImageObject\"  ><div class='avia-image-container-inner'><div class='avia-image-overlay-wrap'><img decoding=\"async\" class='wp-image-7166 avia-img-lazy-loading-not-7166 avia_image' src=\"https:\/\/radiorevelacionfm.cl\/wp-content\/uploads\/2021\/08\/Raul-Marin-Balmaceda-2-1-1.jpg\" alt='' title='Ra\u00fal Mar\u00edn Balmaceda (2) (1) (1)' height=\"600\" width=\"800\"  itemprop=\"thumbnailUrl\" srcset=\"https:\/\/radiorevelacionfm.cl\/wp-content\/uploads\/2021\/08\/Raul-Marin-Balmaceda-2-1-1.jpg 800w, https:\/\/radiorevelacionfm.cl\/wp-content\/uploads\/2021\/08\/Raul-Marin-Balmaceda-2-1-1-300x225.jpg 300w, https:\/\/radiorevelacionfm.cl\/wp-content\/uploads\/2021\/08\/Raul-Marin-Balmaceda-2-1-1-768x576.jpg 768w, https:\/\/radiorevelacionfm.cl\/wp-content\/uploads\/2021\/08\/Raul-Marin-Balmaceda-2-1-1-705x529.jpg 705w, https:\/\/radiorevelacionfm.cl\/wp-content\/uploads\/2021\/08\/Raul-Marin-Balmaceda-2-1-1-600x450.jpg 600w\" sizes=\"(max-width: 800px) 100vw, 800px\" \/><\/div><\/div><\/div><\/div><div class=\"flex_column av_one_full  flex_column_div av-zero-column-padding first  avia-builder-el-2  el_after_av_one_full  el_before_av_one_full  column-top-margin\" style='border-radius:0px; '><section class=\"av_textblock_section \"  itemscope=\"itemscope\" itemtype=\"https:\/\/schema.org\/BlogPosting\" itemprop=\"blogPost\" ><div class='avia_textblock  '   itemprop=\"text\" ><p style=\"text-align: center;\"><strong><span style=\"font-size: 18pt;\">Se reinician servicios de transporte subvencionado hacia Ra\u00fal Mar\u00edn Balmaceda<\/span><\/strong><\/p>\n<div id=\"gtx-trans\" style=\"position: absolute; left: -50px; top: 4.31534px;\">\n<div class=\"gtx-trans-icon\"><\/div>\n<\/div>\n<\/div><\/section><\/div><div class=\"flex_column av_one_full  flex_column_div av-zero-column-padding first  avia-builder-el-4  el_after_av_one_full  el_before_av_hr  column-top-margin\" style='border-radius:0px; '><section class=\"av_textblock_section \"  itemscope=\"itemscope\" itemtype=\"https:\/\/schema.org\/BlogPosting\" itemprop=\"blogPost\" ><div class='avia_textblock  '   itemprop=\"text\" ><p style=\"font-weight: 400; text-align: justify;\">Luego de producirse la interrupci\u00f3n temporal de los servicios de conectividad terrestre hacia Ra\u00fal Mar\u00edn Balmaceda, se logr\u00f3 resolver esta necesidad mediante la contrataci\u00f3n de una nueva operadora para llevar a cabo estos viajes, que conectan a la extrema localidad del norte de la regi\u00f3n con Coyhaique, La Junta y Puerto Cisnes.<\/p>\n<p style=\"font-weight: 400; text-align: justify;\">El seremiTT Fabi\u00e1n Rojas inform\u00f3 que \u201cse firm\u00f3 la carta de inicio para el nuevo transporte. Hubo problemas para conseguir un operador para realizar esta ruta y adem\u00e1s hab\u00eda que cumplir con las expectativas que tienen los vecinos para este servicio de transporte. Se ha concretado este servicio con Blanca Jara Y\u00e1\u00f1ez que es una operadora reconocida a nivel regional por lo tanto estamos contentos de que ella tome este desaf\u00edo\u201d.<\/p>\n<p style=\"font-weight: 400; text-align: justify;\">La autoridad sectorial a\u00f1adi\u00f3 que los viajes iniciar\u00e1n excepcionalmente este s\u00e1bado en el tramo Coyhaique &#8211; Ra\u00fal Mar\u00edn Balmaceda a las 9 de la ma\u00f1ana. A partir de las pr\u00f3ximas semanas el viaje entre Coyhaique y Ra\u00fal Mar\u00edn Balmaceda se realizar\u00e1 el d\u00eda viernes seg\u00fan itinerario informado por la Junta de Vecinos de la localidad y publicado en las redes sociales de la SeremiTT Regi\u00f3n de Ays\u00e9n.<\/p>\n<p style=\"font-weight: 400; text-align: justify;\">\u201cRespondemos de esta manera a una espera de un par de semanas en que no tuvimos operador y ya pudimos arribar a un\u00a0 buen t\u00e9rmino. Sabemos de la inquietud del alcalde y los concejales que se comunicaron conmigo para manifestarnos su preocupaci\u00f3n sobre este tema, as\u00ed que son buenas noticias para los vecinos de Ra\u00fal Mar\u00edn Balmaceda. Esperamos con esto solucionar los problemas de transporte que hab\u00edan tenido esta \u00faltima semana\u201d, concluy\u00f3 Rojas.<\/p>\n<p style=\"font-weight: 400; text-align: justify;\"><strong>\u00a0<\/strong><\/p>\n<\/div><\/section><\/div><div  style='height:50px' class='hr hr-invisible   avia-builder-el-6  el_after_av_one_full  el_before_av_social_share '><span class='hr-inner ' ><span class='hr-inner-style'><\/span><\/span><\/div><\/p>\n<div  class='av-social-sharing-box  avia-builder-el-7  el_after_av_hr  el_before_av_hr  '><div class='av-share-box'><h5 class='av-share-link-description av-no-toc '>Compartir esta noticia<\/h5><ul class='av-share-box-list noLightbox'><li class='av-share-link av-social-link-facebook' ><a target=\"_blank\" aria-label=\"Compartir en Facebook\" href='https:\/\/www.facebook.com\/sharer.php?u=https:\/\/radiorevelacionfm.cl\/?p=7165&#038;t=Se%20reinician%20servicios%20de%20transporte%20subvencionado%20hacia%20Ra%C3%BAl%20Mar%C3%ADn%20Balmaceda' aria-hidden='false' data-av_icon='\ue8f3' data-av_iconfont='entypo-fontello' title='' data-avia-related-tooltip='Compartir en Facebook' rel=\"noopener\"><span class='avia_hidden_link_text'>Compartir en Facebook<\/span><\/a><\/li><li class='av-share-link av-social-link-twitter' ><a target=\"_blank\" aria-label=\"Compartir en Twitter\" href='https:\/\/twitter.com\/share?text=Se%20reinician%20servicios%20de%20transporte%20subvencionado%20hacia%20Ra%C3%BAl%20Mar%C3%ADn%20Balmaceda&#038;url=https:\/\/radiorevelacionfm.cl\/?p=7165' aria-hidden='false' data-av_icon='\ue8f1' data-av_iconfont='entypo-fontello' title='' data-avia-related-tooltip='Compartir en Twitter' rel=\"noopener\"><span class='avia_hidden_link_text'>Compartir en Twitter<\/span><\/a><\/li><li class='av-share-link av-social-link-whatsapp' ><a target=\"_blank\" aria-label=\"Compartir en Whatsapp\" href='https:\/\/api.whatsapp.com\/send?text=https:\/\/radiorevelacionfm.cl\/?p=7165' aria-hidden='false' data-av_icon='\uf232' data-av_iconfont='entypo-fontello' title='' data-avia-related-tooltip='Compartir en Whatsapp' rel=\"noopener\"><span class='avia_hidden_link_text'>Compartir en Whatsapp<\/span><\/a><\/li><li class='av-share-link av-social-link-linkedin' ><a target=\"_blank\" aria-label=\"Compartir en LinkedIn\" href='https:\/\/linkedin.com\/shareArticle?mini=true&#038;title=Se%20reinician%20servicios%20de%20transporte%20subvencionado%20hacia%20Ra%C3%BAl%20Mar%C3%ADn%20Balmaceda&#038;url=https:\/\/radiorevelacionfm.cl\/?p=7165' aria-hidden='false' data-av_icon='\ue8fc' data-av_iconfont='entypo-fontello' title='' data-avia-related-tooltip='Compartir en LinkedIn' rel=\"noopener\"><span class='avia_hidden_link_text'>Compartir en LinkedIn<\/span><\/a><\/li><li class='av-share-link av-social-link-mail' ><a  aria-label=\"Compartir por correo\" href='mailto:?subject=Se%20reinician%20servicios%20de%20transporte%20subvencionado%20hacia%20Ra%C3%BAl%20Mar%C3%ADn%20Balmaceda&#038;body=https:\/\/radiorevelacionfm.cl\/?p=7165' aria-hidden='false' data-av_icon='\ue805' data-av_iconfont='entypo-fontello' title='' data-avia-related-tooltip='Compartir por correo'><span class='avia_hidden_link_text'>Compartir por correo<\/span><\/a><\/li><\/ul><\/div><\/div>\n<div  style='height:50px' class='hr hr-invisible   avia-builder-el-8  el_after_av_social_share  el_before_av_comments_list '><span class='hr-inner ' ><span class='hr-inner-style'><\/span><\/span><\/div>\n<div  class='av-buildercomment  av-blog-meta-html-info-disabled av-blog-meta-tag-disabled  '><\/div>\n","protected":false},"excerpt":{"rendered":"","protected":false},"author":1,"featured_media":7166,"comment_status":"open","ping_status":"open","sticky":false,"template":"","format":"standard","meta":{"footnotes":""},"categories":[38],"tags":[],"class_list":["post-7165","post","type-post","status-publish","format-standard","has-post-thumbnail","hentry","category-regional"],"jetpack_featured_media_url":"https:\/\/radiorevelacionfm.cl\/wp-content\/uploads\/2021\/08\/Raul-Marin-Balmaceda-2-1-1.jpg","_links":{"self":[{"href":"https:\/\/radiorevelacionfm.cl\/index.php?rest_route=\/wp\/v2\/posts\/7165","targetHints":{"allow":["GET"]}}],"collection":[{"href":"https:\/\/radiorevelacionfm.cl\/index.php?rest_route=\/wp\/v2\/posts"}],"about":[{"href":"https:\/\/radiorevelacionfm.cl\/index.php?rest_route=\/wp\/v2\/types\/post"}],"author":[{"embeddable":true,"href":"https:\/\/radiorevelacionfm.cl\/index.php?rest_route=\/wp\/v2\/users\/1"}],"replies":[{"embeddable":true,"href":"https:\/\/radiorevelacionfm.cl\/index.php?rest_route=%2Fwp%2Fv2%2Fcomments&post=7165"}],"version-history":[{"count":1,"href":"https:\/\/radiorevelacionfm.cl\/index.php?rest_route=\/wp\/v2\/posts\/7165\/revisions"}],"predecessor-version":[{"id":7167,"href":"https:\/\/radiorevelacionfm.cl\/index.php?rest_route=\/wp\/v2\/posts\/7165\/revisions\/7167"}],"wp:featuredmedia":[{"embeddable":true,"href":"https:\/\/radiorevelacionfm.cl\/index.php?rest_route=\/wp\/v2\/media\/7166"}],"wp:attachment":[{"href":"https:\/\/radiorevelacionfm.cl\/index.php?rest_route=%2Fwp%2Fv2%2Fmedia&parent=7165"}],"wp:term":[{"taxonomy":"category","embeddable":true,"href":"https:\/\/radiorevelacionfm.cl\/index.php?rest_route=%2Fwp%2Fv2%2Fcategories&post=7165"},{"taxonomy":"post_tag","embeddable":true,"href":"https:\/\/radiorevelacionfm.cl\/index.php?rest_route=%2Fwp%2Fv2%2Ftags&post=7165"}],"curies":[{"name":"wp","href":"https:\/\/api.w.org\/{rel}","templated":true}]}}