{"id":7160,"date":"2021-08-06T16:55:03","date_gmt":"2021-08-06T19:55:03","guid":{"rendered":"https:\/\/radiorevelacionfm.cl\/?p=7160"},"modified":"2021-08-06T17:19:23","modified_gmt":"2021-08-06T20:19:23","slug":"cerca-de-13-mil-panales-recibiran-familias-de-fundacion-integra-en-aysen","status":"publish","type":"post","link":"https:\/\/radiorevelacionfm.cl\/?p=7160","title":{"rendered":"Cerca de 13 mil pa\u00f1ales recibir\u00e1n familias de Fundaci\u00f3n Integra en Ays\u00e9n"},"content":{"rendered":"<div class=\"flex_column av_one_full  flex_column_div av-zero-column-padding first  avia-builder-el-0  el_before_av_one_full  avia-builder-el-first  \" style='border-radius:0px; '><div  class='avia-image-container  av-styling-    avia-builder-el-1  avia-builder-el-no-sibling  avia-align-center '  itemprop=\"image\" itemscope=\"itemscope\" itemtype=\"https:\/\/schema.org\/ImageObject\"  ><div class='avia-image-container-inner'><div class='avia-image-overlay-wrap'><img decoding=\"async\" class='wp-image-7163 avia-img-lazy-loading-not-7163 avia_image' src=\"https:\/\/radiorevelacionfm.cl\/wp-content\/uploads\/2021\/08\/Panales-2-1-1.jpg\" alt='' title='Pa\u00f1ales 2 (1) (1)' height=\"600\" width=\"1242\"  itemprop=\"thumbnailUrl\" srcset=\"https:\/\/radiorevelacionfm.cl\/wp-content\/uploads\/2021\/08\/Panales-2-1-1.jpg 1242w, https:\/\/radiorevelacionfm.cl\/wp-content\/uploads\/2021\/08\/Panales-2-1-1-300x145.jpg 300w, https:\/\/radiorevelacionfm.cl\/wp-content\/uploads\/2021\/08\/Panales-2-1-1-1030x498.jpg 1030w, https:\/\/radiorevelacionfm.cl\/wp-content\/uploads\/2021\/08\/Panales-2-1-1-768x371.jpg 768w, https:\/\/radiorevelacionfm.cl\/wp-content\/uploads\/2021\/08\/Panales-2-1-1-705x341.jpg 705w, https:\/\/radiorevelacionfm.cl\/wp-content\/uploads\/2021\/08\/Panales-2-1-1-600x290.jpg 600w\" sizes=\"(max-width: 1242px) 100vw, 1242px\" \/><\/div><\/div><\/div><\/div><div class=\"flex_column av_one_full  flex_column_div av-zero-column-padding first  avia-builder-el-2  el_after_av_one_full  el_before_av_one_full  column-top-margin\" style='border-radius:0px; '><section class=\"av_textblock_section \"  itemscope=\"itemscope\" itemtype=\"https:\/\/schema.org\/BlogPosting\" itemprop=\"blogPost\" ><div class='avia_textblock  '   itemprop=\"text\" ><p style=\"text-align: center;\"><strong><span style=\"font-size: 18pt;\">Cerca de 13 mil pa\u00f1ales recibir\u00e1n familias de Fundaci\u00f3n Integra en Ays\u00e9n<\/span><\/strong><\/p>\n<div id=\"gtx-trans\" style=\"position: absolute; left: -50px; top: 4.31534px;\">\n<div class=\"gtx-trans-icon\"><\/div>\n<\/div>\n<\/div><\/section><\/div><\/p>\n<div class=\"flex_column av_one_full  flex_column_div av-zero-column-padding first  avia-builder-el-4  el_after_av_one_full  el_before_av_hr  column-top-margin\" style='border-radius:0px; '><section class=\"av_textblock_section \"  itemscope=\"itemscope\" itemtype=\"https:\/\/schema.org\/BlogPosting\" itemprop=\"blogPost\" ><div class='avia_textblock  '   itemprop=\"text\" ><p style=\"text-align: justify;\">Una importante donaci\u00f3n recibi\u00f3 Fundaci\u00f3n Integra por parte de la Red de Alimentos, Organizaci\u00f3n No Gubernamental (ONG) quienes donaron 900 mil pa\u00f1ales a nivel nacional para que sean distribuidos entre las familias y apoderados que forman parte de la instituci\u00f3n en todo el pa\u00eds. La regi\u00f3n de Ays\u00e9n recibi\u00f3 una remesa de 12.960 pa\u00f1ales la que comenzar\u00e1n a ser distribuidos durante este mes desde Melinka a Villa O\u2019Higgins.<\/p>\n<p style=\"text-align: justify;\">Jos\u00e9 Manuel Ready, director ejecutivo de Fundaci\u00f3n Integra, agradeci\u00f3 el donativo hecho por Red de Alimentos y se\u00f1al\u00f3, \u201cesta donaci\u00f3n de pa\u00f1ales no s\u00f3lo significa un beneficio para los ni\u00f1os y ni\u00f1as, sino que tambi\u00e9n contribuir\u00e1 a reducir el gasto mensual que implica este \u00edtem para sus familias\u201d. A la vez, destac\u00f3 que \u201clas unidades de pa\u00f1ales se est\u00e1n enviando a los centros educativos de Integra a lo largo del pa\u00eds, para que ellos gestionen su entrega y se espera que a fines de agosto concluya esta operaci\u00f3n\u201d.<\/p>\n<p style=\"text-align: justify;\">Por su parte, la directora regional de Fundaci\u00f3n Integra, Isabel Roncallo Fandi\u00f1o destac\u00f3 que \u201cnos pusimos en contacto con todos los jardines infantiles que tenemos en la regi\u00f3n para poder llegar con este beneficio a las familias que m\u00e1s lo necesitan y que esta donaci\u00f3n sea un apoyo directo a los hogares y ni\u00f1os que m\u00e1s lo necesitan\u201d.<\/p>\n<p style=\"text-align: justify;\">Para que esto fuera posible los trabajadores de Oficina Regional de Fundaci\u00f3n Integra debieron coordinar con cada establecimiento las cantidades solicitadas para poder cubrir la demanda en sus respectivos establecimientos. Cabe recordar que la regi\u00f3n recibi\u00f3 cerca de 13 mil pa\u00f1ales los cuales debieron ser separados por tallas, para luego ser entregados a las familias y\/o apoderados.<\/p>\n<p style=\"text-align: justify;\">Por otra parte, m\u00e1s del 60% del total de la donaci\u00f3n ser\u00e1n distribuidos a familias de las regiones Metropolitana, Maule, B\u00edo B\u00edo, Los Lagos y Valpara\u00edso, regiones en las que Integra cuenta con un mayor n\u00famero de jardines infantiles, mientras que el 40% restante se distribuir\u00e1n hacia los jardines infantiles de las 11 regiones restantes.<\/p>\n<p style=\"text-align: justify;\">Integra pertenece a la Red de Fundaciones de la Presidencia de la Rep\u00fablica. Con 30 a\u00f1os de experiencia, es la red m\u00e1s grande de salas cuna y jardines infantiles del pa\u00eds con m\u00e1s de 1.200 establecimientos gratuitos, a los que asisten m\u00e1s de 90 mil ni\u00f1os y ni\u00f1as en todo Chile. Mientras tanto, Red de Alimentos rescata productos aptos para el consumo humano, distribuy\u00e9ndolos entre quienes m\u00e1s los necesitan, evitando as\u00ed su desperdicio.<\/p>\n<\/div><\/section><\/div>\n<div  style='height:50px' class='hr hr-invisible   avia-builder-el-6  el_after_av_one_full  el_before_av_social_share '><span class='hr-inner ' ><span class='hr-inner-style'><\/span><\/span><\/div>\n<div  class='av-social-sharing-box  avia-builder-el-7  el_after_av_hr  el_before_av_hr  '><div class='av-share-box'><h5 class='av-share-link-description av-no-toc '>Compartir esta noticia<\/h5><ul class='av-share-box-list noLightbox'><li class='av-share-link av-social-link-facebook' ><a target=\"_blank\" aria-label=\"Compartir en Facebook\" href='https:\/\/www.facebook.com\/sharer.php?u=https:\/\/radiorevelacionfm.cl\/?p=7160&#038;t=Cerca%20de%2013%20mil%20pa%C3%B1ales%20recibir%C3%A1n%20familias%20de%20Fundaci%C3%B3n%20Integra%20en%20Ays%C3%A9n' aria-hidden='false' data-av_icon='\ue8f3' data-av_iconfont='entypo-fontello' title='' data-avia-related-tooltip='Compartir en Facebook' rel=\"noopener\"><span class='avia_hidden_link_text'>Compartir en Facebook<\/span><\/a><\/li><li class='av-share-link av-social-link-twitter' ><a target=\"_blank\" aria-label=\"Compartir en Twitter\" href='https:\/\/twitter.com\/share?text=Cerca%20de%2013%20mil%20pa%C3%B1ales%20recibir%C3%A1n%20familias%20de%20Fundaci%C3%B3n%20Integra%20en%20Ays%C3%A9n&#038;url=https:\/\/radiorevelacionfm.cl\/?p=7160' aria-hidden='false' data-av_icon='\ue8f1' data-av_iconfont='entypo-fontello' title='' data-avia-related-tooltip='Compartir en Twitter' rel=\"noopener\"><span class='avia_hidden_link_text'>Compartir en Twitter<\/span><\/a><\/li><li class='av-share-link av-social-link-whatsapp' ><a target=\"_blank\" aria-label=\"Compartir en Whatsapp\" href='https:\/\/api.whatsapp.com\/send?text=https:\/\/radiorevelacionfm.cl\/?p=7160' aria-hidden='false' data-av_icon='\uf232' data-av_iconfont='entypo-fontello' title='' data-avia-related-tooltip='Compartir en Whatsapp' rel=\"noopener\"><span class='avia_hidden_link_text'>Compartir en Whatsapp<\/span><\/a><\/li><li class='av-share-link av-social-link-linkedin' ><a target=\"_blank\" aria-label=\"Compartir en LinkedIn\" href='https:\/\/linkedin.com\/shareArticle?mini=true&#038;title=Cerca%20de%2013%20mil%20pa%C3%B1ales%20recibir%C3%A1n%20familias%20de%20Fundaci%C3%B3n%20Integra%20en%20Ays%C3%A9n&#038;url=https:\/\/radiorevelacionfm.cl\/?p=7160' aria-hidden='false' data-av_icon='\ue8fc' data-av_iconfont='entypo-fontello' title='' data-avia-related-tooltip='Compartir en LinkedIn' rel=\"noopener\"><span class='avia_hidden_link_text'>Compartir en LinkedIn<\/span><\/a><\/li><li class='av-share-link av-social-link-mail' ><a  aria-label=\"Compartir por correo\" href='mailto:?subject=Cerca%20de%2013%20mil%20pa%C3%B1ales%20recibir%C3%A1n%20familias%20de%20Fundaci%C3%B3n%20Integra%20en%20Ays%C3%A9n&#038;body=https:\/\/radiorevelacionfm.cl\/?p=7160' aria-hidden='false' data-av_icon='\ue805' data-av_iconfont='entypo-fontello' title='' data-avia-related-tooltip='Compartir por correo'><span class='avia_hidden_link_text'>Compartir por correo<\/span><\/a><\/li><\/ul><\/div><\/div>\n<div  style='height:50px' class='hr hr-invisible   avia-builder-el-8  el_after_av_social_share  el_before_av_comments_list '><span class='hr-inner ' ><span class='hr-inner-style'><\/span><\/span><\/div>\n<div  class='av-buildercomment  av-blog-meta-html-info-disabled av-blog-meta-tag-disabled  '><\/div>\n","protected":false},"excerpt":{"rendered":"","protected":false},"author":1,"featured_media":7163,"comment_status":"open","ping_status":"open","sticky":false,"template":"","format":"standard","meta":{"footnotes":""},"categories":[49],"tags":[],"class_list":["post-7160","post","type-post","status-publish","format-standard","has-post-thumbnail","hentry","category-educacion"],"jetpack_featured_media_url":"https:\/\/radiorevelacionfm.cl\/wp-content\/uploads\/2021\/08\/Panales-2-1-1.jpg","_links":{"self":[{"href":"https:\/\/radiorevelacionfm.cl\/index.php?rest_route=\/wp\/v2\/posts\/7160","targetHints":{"allow":["GET"]}}],"collection":[{"href":"https:\/\/radiorevelacionfm.cl\/index.php?rest_route=\/wp\/v2\/posts"}],"about":[{"href":"https:\/\/radiorevelacionfm.cl\/index.php?rest_route=\/wp\/v2\/types\/post"}],"author":[{"embeddable":true,"href":"https:\/\/radiorevelacionfm.cl\/index.php?rest_route=\/wp\/v2\/users\/1"}],"replies":[{"embeddable":true,"href":"https:\/\/radiorevelacionfm.cl\/index.php?rest_route=%2Fwp%2Fv2%2Fcomments&post=7160"}],"version-history":[{"count":2,"href":"https:\/\/radiorevelacionfm.cl\/index.php?rest_route=\/wp\/v2\/posts\/7160\/revisions"}],"predecessor-version":[{"id":7164,"href":"https:\/\/radiorevelacionfm.cl\/index.php?rest_route=\/wp\/v2\/posts\/7160\/revisions\/7164"}],"wp:featuredmedia":[{"embeddable":true,"href":"https:\/\/radiorevelacionfm.cl\/index.php?rest_route=\/wp\/v2\/media\/7163"}],"wp:attachment":[{"href":"https:\/\/radiorevelacionfm.cl\/index.php?rest_route=%2Fwp%2Fv2%2Fmedia&parent=7160"}],"wp:term":[{"taxonomy":"category","embeddable":true,"href":"https:\/\/radiorevelacionfm.cl\/index.php?rest_route=%2Fwp%2Fv2%2Fcategories&post=7160"},{"taxonomy":"post_tag","embeddable":true,"href":"https:\/\/radiorevelacionfm.cl\/index.php?rest_route=%2Fwp%2Fv2%2Ftags&post=7160"}],"curies":[{"name":"wp","href":"https:\/\/api.w.org\/{rel}","templated":true}]}}