{"id":7157,"date":"2021-08-06T16:53:36","date_gmt":"2021-08-06T19:53:36","guid":{"rendered":"https:\/\/radiorevelacionfm.cl\/?p=7157"},"modified":"2021-08-06T16:53:36","modified_gmt":"2021-08-06T19:53:36","slug":"refuerzan-protocolo-sanitario-en-buses-de-recorrido-escolar-de-cara-al-retorno-gradual-a-la-educacion-presencial","status":"publish","type":"post","link":"https:\/\/radiorevelacionfm.cl\/?p=7157","title":{"rendered":"Refuerzan protocolo sanitario en buses de recorrido escolar de cara al retorno gradual a la educaci\u00f3n presencial"},"content":{"rendered":"<div class=\"flex_column av_one_full  flex_column_div av-zero-column-padding first  avia-builder-el-0  el_before_av_one_full  avia-builder-el-first  \" style='border-radius:0px; '><div  class='avia-image-container  av-styling-    avia-builder-el-1  avia-builder-el-no-sibling  avia-align-center '  itemprop=\"image\" itemscope=\"itemscope\" itemtype=\"https:\/\/schema.org\/ImageObject\"  ><div class='avia-image-container-inner'><div class='avia-image-overlay-wrap'><img decoding=\"async\" class='wp-image-7158 avia-img-lazy-loading-not-7158 avia_image' src=\"https:\/\/radiorevelacionfm.cl\/wp-content\/uploads\/2021\/08\/Buses-escolares-1-1.jpg\" alt='' title='Buses escolares (1) (1)' height=\"600\" width=\"800\"  itemprop=\"thumbnailUrl\" srcset=\"https:\/\/radiorevelacionfm.cl\/wp-content\/uploads\/2021\/08\/Buses-escolares-1-1.jpg 800w, https:\/\/radiorevelacionfm.cl\/wp-content\/uploads\/2021\/08\/Buses-escolares-1-1-300x225.jpg 300w, https:\/\/radiorevelacionfm.cl\/wp-content\/uploads\/2021\/08\/Buses-escolares-1-1-768x576.jpg 768w, https:\/\/radiorevelacionfm.cl\/wp-content\/uploads\/2021\/08\/Buses-escolares-1-1-705x529.jpg 705w, https:\/\/radiorevelacionfm.cl\/wp-content\/uploads\/2021\/08\/Buses-escolares-1-1-600x450.jpg 600w\" sizes=\"(max-width: 800px) 100vw, 800px\" \/><\/div><\/div><\/div><\/div><div class=\"flex_column av_one_full  flex_column_div av-zero-column-padding first  avia-builder-el-2  el_after_av_one_full  el_before_av_one_full  column-top-margin\" style='border-radius:0px; '><section class=\"av_textblock_section \"  itemscope=\"itemscope\" itemtype=\"https:\/\/schema.org\/BlogPosting\" itemprop=\"blogPost\" ><div class='avia_textblock  '   itemprop=\"text\" ><p style=\"text-align: center;\"><span style=\"font-size: 18pt;\"><strong>Refuerzan protocolo sanitario en buses de recorrido escolar de cara al retorno gradual a la educaci\u00f3n presencial <\/strong><\/span><\/p>\n<div id=\"gtx-trans\" style=\"position: absolute; left: -50px; top: 4.31534px;\">\n<div class=\"gtx-trans-icon\"><\/div>\n<\/div>\n<\/div><\/section><\/div><div class=\"flex_column av_one_full  flex_column_div av-zero-column-padding first  avia-builder-el-4  el_after_av_one_full  el_before_av_hr  column-top-margin\" style='border-radius:0px; '><section class=\"av_textblock_section \"  itemscope=\"itemscope\" itemtype=\"https:\/\/schema.org\/BlogPosting\" itemprop=\"blogPost\" ><div class='avia_textblock  '   itemprop=\"text\" ><p style=\"text-align: justify;\">Este lunes 9 de agosto, tras una primera semana de clases, contin\u00faan sum\u00e1ndose los establecimientos educacionales que han determinado otorgar a sus alumnos la opci\u00f3n de asistir de forma presencial, en el marco del retorno gradual a las aulas, considerando adem\u00e1s el paso a fase 4 de apertura inicial dictaminado por el ministerio de Salud y que se har\u00e1 efectivo este s\u00e1bado en la comuna de Ays\u00e9n.<\/p>\n<p style=\"text-align: justify;\">Al respecto, la Direcci\u00f3n de Educaci\u00f3n Municipal de Ays\u00e9n, a trav\u00e9s de su unidad de Transportes y el profesional Prevencionista de Riesgos del departamento han efectuado un arduo trabajo de cara a dotar de todas las medidas sanitarias pertinentes para el funcionamiento de los buses de acercamiento, con el fin de entregar seguridad en el traslado de ni\u00f1os y ni\u00f1as desde y hacia sus escuelas.<\/p>\n<p style=\"text-align: justify;\">Dentro de los principales puntos a relevar, destaca la toma de temperatura antes de abordar el veh\u00edculo, la entrega de alcohol gel y la elaboraci\u00f3n de un listado de pasajeros que se trasladen en cada viaje. El uso constante de mascarilla, cubriendo boca, nariz y ment\u00f3n por parte de conductores, asistente de bus, y ni\u00f1os y ni\u00f1as, tambi\u00e9n es fundamental para aumentar la seguridad de los educandos.<\/p>\n<p style=\"text-align: justify;\">As\u00ed lo detall\u00f3 el Prevencionista de Riesgos de la Direcci\u00f3n, Yerko Pur\u00e1n, quien explic\u00f3 que se ha intentado cubrir todos los aspectos, pensando en un retorno seguro, no s\u00f3lo en los recintos educacionales, sino que se haga efectivo en instancias tan importantes, como es el transporte, siempre pensando en el bienestar de todas las comunidades educativas que constituyen el DEM en la comuna. \u201cEs muy relevante por las condiciones clim\u00e1ticas que tenemos, por la cantidad de escuelas que tenemos. Por ello, en conjunto con Transporte estamos viendo todos los detalles para as\u00ed aplicarlos en nuestros buses de recorrido, los que apuntan principalmente a aforos y ventilaci\u00f3n\u201d.<\/p>\n<p style=\"text-align: justify;\">En este sentido, los buses ser\u00e1n utilizados con una capacidad del 50 por ciento, cuya ocupaci\u00f3n de asientos ser\u00e1 intermedio para cada estudiante, siendo adem\u00e1s la sanitizaci\u00f3n uno de las principales aristas a contemplar. \u201cNuestro funcionario Gary Fredes est\u00e1 a cargo de sanitizar no s\u00f3lo nuestras instalaciones, sino los buses cada vez que sean utilizados durante las jornadas de tarde, una vez est\u00e9n en el aparcadero. Y por supuesto todas las instrucciones que tienen nuestros choferes y asistentes que han estado durante toda esta pandemia trabajando\u201d.<\/p>\n<p style=\"text-align: justify;\">Asimismo, es vital la comunicaci\u00f3n con los establecimientos educacionales, donde se realizar\u00e1 un monitoreo permanente con antecedentes, como son listado de los alumnos que se transportan a diario para ir trabajando de forma paralela en este protocolo en pos de la seguridad de los estudiantes de la educaci\u00f3n municipalizada.<\/p>\n<p style=\"text-align: justify;\">\u201cHa sido un trabajo arduo, tenemos nuevas normativas, se van actualizando los protocolos, as\u00ed que todo lo que nos digan y todo lo que podamos mejorar lo iremos trabajando para que todo resulte y nuestros ni\u00f1os est\u00e9n resguardados\u201d, agreg\u00f3 Pur\u00e1n Taruman.<\/p>\n<p style=\"text-align: justify;\">Por su parte, los recorridos a partir de este lunes 9 se dividir\u00e1 en riberas norte y sur, siendo paraderos los puntos de mayor afluencia y que representen un punto importante de camino a los establecimientos educacionales. \u201cEl tema de los recorridos se realizar\u00e1 en base a proyecciones, y nuestros buses se detendr\u00e1n en los sectores principales de ambos lados de la ciudad, como son Cerro Marchant, sector Litoral Austral, carretera en Ribera Sur y en Ribera Norte, en Villa Espa\u00f1a, Pedro Aguirre Cerda, sector centro y poblaci\u00f3n La Balsa. Y en base a c\u00f3mo vaya avanzando la situaci\u00f3n y el flujo de los alumnos, se ir\u00e1n ajustando las horas y la cantidad de recorridos. Lo m\u00e1s importante es que contamos con protecci\u00f3n, tanto para nuestros estudiantes, as\u00ed como para nuestros funcionarios\u201d, finaliz\u00f3 el encargado de la unidad de Transportes del DEM, Luis Cay\u00fan recordando, adem\u00e1s, que desde ya se invita a los padres y apoderados que tengan dudas y\/o consultas para que se comuniquen con la unidad al tel\u00e9fono 67 2 336553.<\/p>\n<\/div><\/section><\/div><div  style='height:50px' class='hr hr-invisible   avia-builder-el-6  el_after_av_one_full  el_before_av_social_share '><span class='hr-inner ' ><span class='hr-inner-style'><\/span><\/span><\/div><\/p>\n<div  class='av-social-sharing-box  avia-builder-el-7  el_after_av_hr  el_before_av_hr  '><div class='av-share-box'><h5 class='av-share-link-description av-no-toc '>Compartir esta noticia<\/h5><ul class='av-share-box-list noLightbox'><li class='av-share-link av-social-link-facebook' ><a target=\"_blank\" aria-label=\"Compartir en Facebook\" href='https:\/\/www.facebook.com\/sharer.php?u=https:\/\/radiorevelacionfm.cl\/?p=7157&#038;t=Refuerzan%20protocolo%20sanitario%20en%20buses%20de%20recorrido%20escolar%20de%20cara%20al%20retorno%20gradual%20a%20la%20educaci%C3%B3n%20presencial' aria-hidden='false' data-av_icon='\ue8f3' data-av_iconfont='entypo-fontello' title='' data-avia-related-tooltip='Compartir en Facebook' rel=\"noopener\"><span class='avia_hidden_link_text'>Compartir en Facebook<\/span><\/a><\/li><li class='av-share-link av-social-link-twitter' ><a target=\"_blank\" aria-label=\"Compartir en Twitter\" href='https:\/\/twitter.com\/share?text=Refuerzan%20protocolo%20sanitario%20en%20buses%20de%20recorrido%20escolar%20de%20cara%20al%20retorno%20gradual%20a%20la%20educaci%C3%B3n%20presencial&#038;url=https:\/\/radiorevelacionfm.cl\/?p=7157' aria-hidden='false' data-av_icon='\ue8f1' data-av_iconfont='entypo-fontello' title='' data-avia-related-tooltip='Compartir en Twitter' rel=\"noopener\"><span class='avia_hidden_link_text'>Compartir en Twitter<\/span><\/a><\/li><li class='av-share-link av-social-link-whatsapp' ><a target=\"_blank\" aria-label=\"Compartir en Whatsapp\" href='https:\/\/api.whatsapp.com\/send?text=https:\/\/radiorevelacionfm.cl\/?p=7157' aria-hidden='false' data-av_icon='\uf232' data-av_iconfont='entypo-fontello' title='' data-avia-related-tooltip='Compartir en Whatsapp' rel=\"noopener\"><span class='avia_hidden_link_text'>Compartir en Whatsapp<\/span><\/a><\/li><li class='av-share-link av-social-link-linkedin' ><a target=\"_blank\" aria-label=\"Compartir en LinkedIn\" href='https:\/\/linkedin.com\/shareArticle?mini=true&#038;title=Refuerzan%20protocolo%20sanitario%20en%20buses%20de%20recorrido%20escolar%20de%20cara%20al%20retorno%20gradual%20a%20la%20educaci%C3%B3n%20presencial&#038;url=https:\/\/radiorevelacionfm.cl\/?p=7157' aria-hidden='false' data-av_icon='\ue8fc' data-av_iconfont='entypo-fontello' title='' data-avia-related-tooltip='Compartir en LinkedIn' rel=\"noopener\"><span class='avia_hidden_link_text'>Compartir en LinkedIn<\/span><\/a><\/li><li class='av-share-link av-social-link-mail' ><a  aria-label=\"Compartir por correo\" href='mailto:?subject=Refuerzan%20protocolo%20sanitario%20en%20buses%20de%20recorrido%20escolar%20de%20cara%20al%20retorno%20gradual%20a%20la%20educaci%C3%B3n%20presencial&#038;body=https:\/\/radiorevelacionfm.cl\/?p=7157' aria-hidden='false' data-av_icon='\ue805' data-av_iconfont='entypo-fontello' title='' data-avia-related-tooltip='Compartir por correo'><span class='avia_hidden_link_text'>Compartir por correo<\/span><\/a><\/li><\/ul><\/div><\/div>\n<div  style='height:50px' class='hr hr-invisible   avia-builder-el-8  el_after_av_social_share  el_before_av_comments_list '><span class='hr-inner ' ><span class='hr-inner-style'><\/span><\/span><\/div>\n<div  class='av-buildercomment  av-blog-meta-html-info-disabled av-blog-meta-tag-disabled  '><\/div>\n","protected":false},"excerpt":{"rendered":"","protected":false},"author":1,"featured_media":7158,"comment_status":"open","ping_status":"open","sticky":false,"template":"","format":"standard","meta":{"footnotes":""},"categories":[38],"tags":[],"class_list":["post-7157","post","type-post","status-publish","format-standard","has-post-thumbnail","hentry","category-regional"],"jetpack_featured_media_url":"https:\/\/radiorevelacionfm.cl\/wp-content\/uploads\/2021\/08\/Buses-escolares-1-1.jpg","_links":{"self":[{"href":"https:\/\/radiorevelacionfm.cl\/index.php?rest_route=\/wp\/v2\/posts\/7157","targetHints":{"allow":["GET"]}}],"collection":[{"href":"https:\/\/radiorevelacionfm.cl\/index.php?rest_route=\/wp\/v2\/posts"}],"about":[{"href":"https:\/\/radiorevelacionfm.cl\/index.php?rest_route=\/wp\/v2\/types\/post"}],"author":[{"embeddable":true,"href":"https:\/\/radiorevelacionfm.cl\/index.php?rest_route=\/wp\/v2\/users\/1"}],"replies":[{"embeddable":true,"href":"https:\/\/radiorevelacionfm.cl\/index.php?rest_route=%2Fwp%2Fv2%2Fcomments&post=7157"}],"version-history":[{"count":1,"href":"https:\/\/radiorevelacionfm.cl\/index.php?rest_route=\/wp\/v2\/posts\/7157\/revisions"}],"predecessor-version":[{"id":7159,"href":"https:\/\/radiorevelacionfm.cl\/index.php?rest_route=\/wp\/v2\/posts\/7157\/revisions\/7159"}],"wp:featuredmedia":[{"embeddable":true,"href":"https:\/\/radiorevelacionfm.cl\/index.php?rest_route=\/wp\/v2\/media\/7158"}],"wp:attachment":[{"href":"https:\/\/radiorevelacionfm.cl\/index.php?rest_route=%2Fwp%2Fv2%2Fmedia&parent=7157"}],"wp:term":[{"taxonomy":"category","embeddable":true,"href":"https:\/\/radiorevelacionfm.cl\/index.php?rest_route=%2Fwp%2Fv2%2Fcategories&post=7157"},{"taxonomy":"post_tag","embeddable":true,"href":"https:\/\/radiorevelacionfm.cl\/index.php?rest_route=%2Fwp%2Fv2%2Ftags&post=7157"}],"curies":[{"name":"wp","href":"https:\/\/api.w.org\/{rel}","templated":true}]}}