{"id":7150,"date":"2021-08-06T12:30:42","date_gmt":"2021-08-06T15:30:42","guid":{"rendered":"https:\/\/radiorevelacionfm.cl\/?p=7150"},"modified":"2021-08-06T12:30:42","modified_gmt":"2021-08-06T15:30:42","slug":"en-la-semana-de-la-lactancia-materna-difunden-ley-que-establece-medidas-de-proteccion-a-la-lactancia-materna-y-su-ejercicio","status":"publish","type":"post","link":"https:\/\/radiorevelacionfm.cl\/?p=7150","title":{"rendered":"En la semana de la lactancia materna: Difunden ley que establece medidas de protecci\u00f3n a la lactancia materna y su ejercicio"},"content":{"rendered":"<div class=\"flex_column av_one_full  flex_column_div av-zero-column-padding first  avia-builder-el-0  el_before_av_one_full  avia-builder-el-first  \" style='border-radius:0px; '><div  class='avia-image-container  av-styling-    avia-builder-el-1  avia-builder-el-no-sibling  avia-align-center '  itemprop=\"image\" itemscope=\"itemscope\" itemtype=\"https:\/\/schema.org\/ImageObject\"  ><div class='avia-image-container-inner'><div class='avia-image-overlay-wrap'><img decoding=\"async\" class='wp-image-7152 avia-img-lazy-loading-not-7152 avia_image' src=\"https:\/\/radiorevelacionfm.cl\/wp-content\/uploads\/2021\/08\/IMG-lactancia0-1-1.jpg\" alt='' title='IMG-lactancia0 (1) (1)' height=\"600\" width=\"918\"  itemprop=\"thumbnailUrl\" srcset=\"https:\/\/radiorevelacionfm.cl\/wp-content\/uploads\/2021\/08\/IMG-lactancia0-1-1.jpg 918w, https:\/\/radiorevelacionfm.cl\/wp-content\/uploads\/2021\/08\/IMG-lactancia0-1-1-300x196.jpg 300w, https:\/\/radiorevelacionfm.cl\/wp-content\/uploads\/2021\/08\/IMG-lactancia0-1-1-768x502.jpg 768w, https:\/\/radiorevelacionfm.cl\/wp-content\/uploads\/2021\/08\/IMG-lactancia0-1-1-705x461.jpg 705w, https:\/\/radiorevelacionfm.cl\/wp-content\/uploads\/2021\/08\/IMG-lactancia0-1-1-600x392.jpg 600w\" sizes=\"(max-width: 918px) 100vw, 918px\" \/><\/div><\/div><\/div><\/div><div class=\"flex_column av_one_full  flex_column_div av-zero-column-padding first  avia-builder-el-2  el_after_av_one_full  el_before_av_one_full  column-top-margin\" style='border-radius:0px; '><section class=\"av_textblock_section \"  itemscope=\"itemscope\" itemtype=\"https:\/\/schema.org\/BlogPosting\" itemprop=\"blogPost\" ><div class='avia_textblock  '   itemprop=\"text\" ><p style=\"text-align: center;\"><strong><span style=\"font-size: 18pt;\">En la semana de la lactancia materna: Difunden ley que establece medidas de protecci\u00f3n a la lactancia materna y su ejercicio<\/span><\/strong><\/p>\n<div id=\"gtx-trans\" style=\"position: absolute; left: -50px; top: 4.31534px;\">\n<div class=\"gtx-trans-icon\"><\/div>\n<\/div>\n<\/div><\/section><\/div><div class=\"flex_column av_one_full  flex_column_div av-zero-column-padding first  avia-builder-el-4  el_after_av_one_full  el_before_av_hr  column-top-margin\" style='border-radius:0px; '><section class=\"av_textblock_section \"  itemscope=\"itemscope\" itemtype=\"https:\/\/schema.org\/BlogPosting\" itemprop=\"blogPost\" ><div class='avia_textblock  '   itemprop=\"text\" ><p style=\"text-align: justify;\">A trav\u00e9s de diversas acciones en el marco de la celebraci\u00f3n de la Semana de la lactancia materna establecida por la OMS y UNICEF el a\u00f1o 1992, la Seremi B\u00e1rbara Ort\u00fazar ha difundido y promovido el conocimiento de la Ley 21.155 que resguarda el ejercicio del derecho a la libre lactancia. Dicho proyecto que ingres\u00f3 el a\u00f1o 2014 al congreso logr\u00f3 ser promulgado reci\u00e9n en Enero del 2019 como parte de la Agenda Mujer del Ministerio de la Mujer y la Equidad de G\u00e9nero.<\/p>\n<p style=\"text-align: justify;\">\u201cLo relevante de esta Ley es que se reconoce la lactancia materna como un derecho de las mujeres y los lactantes, estableciendo medidas claras de protecci\u00f3n. Esto significa que las madres tienen el derecho a amamantar libremente en cualquier lugar en que se encuentre, si as\u00ed lo requiere su hijo o hija sin que nadie pueda imponer condiciones o requisitos que impliquen ocultar el amamantamiento o restringirlo. Y aunque nos parezca raro, a\u00fan existen casos donde mujeres no han podido amamantar, principalmente debido al miedo que les provoca ser recriminadas por realizarlo en p\u00fablico. Debemos promover el cambio en nuestra cultura, para que ni una mujer sienta verg\u00fcenza o miedo por realizar este acto que s\u00f3lo es una muestra de amor y entrega\u201d se\u00f1al\u00f3 la Seremi de la Mujer y la Equidad de G\u00e9nero.<\/p>\n<p style=\"text-align: justify;\">Respecto a medidas concretas a favor de la lactancia materna, la promulgaci\u00f3n del cuerpo legal que protege y apoya el amamantamiento en todos los espacios de la sociedad, garantiza el libre ejercicio de la lactancia y, sanciona cualquier discriminaci\u00f3n arbitraria que prive, perturbe o amenace este derecho. Para la Secretar\u00eda regional ministerial de la Mujer es importante difundir que este avance implica que, en el caso de incurrir en \u00abcualquier discriminaci\u00f3n arbitraria que cause privaci\u00f3n, perturbaci\u00f3n o amenaza a estos derechos\u00bb, los infractores arriesgan multas de una a cuatro UTM (entre $ 48 mil y $ 194 mil aproximadamente).<\/p>\n<p style=\"text-align: justify;\">Para Cristina Pe\u00f1a, madre de un ni\u00f1o de 4 meses \u201cEl hecho de que haya salido una ley, protege mucho a la madre y al ni\u00f1o, como dec\u00eda antes esto es un proceso totalmente natural, que la sociedad lo hac\u00eda antinatural, por lo tanto, (antes) era complejo amamantar, lo evidencie con mi hijo de 8 a\u00f1os en donde ten\u00eda que efectivamente esconderme con mantitas, con \u201ctutos\u201d en el ba\u00f1o y tambi\u00e9n no es un lugar apto para poder alimentar a un ni\u00f1o. Por lo tanto, el hecho de que tengamos una ley que nos proteja como madres y como ni\u00f1os la verdad es que se agradece\u201d.<\/p>\n<p style=\"text-align: justify;\">Seg\u00fan datos del ministerio de Salud, en nuestro pa\u00eds la lactancia materna en los \u00faltimos 10 a\u00f1os ha aumentado en m\u00e1s de un 10%, alcanzando en 2017 a un 57% e incrementado en m\u00e1s de un 40%, al sexto mes de vida, durante los \u00faltimos 30 a\u00f1os.<\/p>\n<p style=\"text-align: justify;\">\u201cEs relevante difundir que cualquier persona tiene derecho a exigir el cumplimiento de esta ley y a denunciar su infracci\u00f3n ante las autoridades competentes, cuando corresponda, es importante que toda la ciudadan\u00eda este en conocimiento de estos resguardos y as\u00ed ninguna mujer, ni familia, sienta que son vulnerados sus derechos.\u201d Complement\u00f3 Ort\u00fazar Candia.<\/p>\n<\/div><\/section><\/div><div  style='height:50px' class='hr hr-invisible   avia-builder-el-6  el_after_av_one_full  el_before_av_social_share '><span class='hr-inner ' ><span class='hr-inner-style'><\/span><\/span><\/div><\/p>\n<div  class='av-social-sharing-box  avia-builder-el-7  el_after_av_hr  el_before_av_hr  '><div class='av-share-box'><h5 class='av-share-link-description av-no-toc '>Compartir esta noticia<\/h5><ul class='av-share-box-list noLightbox'><li class='av-share-link av-social-link-facebook' ><a target=\"_blank\" aria-label=\"Compartir en Facebook\" href='https:\/\/www.facebook.com\/sharer.php?u=https:\/\/radiorevelacionfm.cl\/?p=7150&#038;t=En%20la%20semana%20de%20la%20lactancia%20materna%3A%20Difunden%20ley%20que%20establece%20medidas%20de%20protecci%C3%B3n%20a%20la%20lactancia%20materna%20y%20su%20ejercicio' aria-hidden='false' data-av_icon='\ue8f3' data-av_iconfont='entypo-fontello' title='' data-avia-related-tooltip='Compartir en Facebook' rel=\"noopener\"><span class='avia_hidden_link_text'>Compartir en Facebook<\/span><\/a><\/li><li class='av-share-link av-social-link-twitter' ><a target=\"_blank\" aria-label=\"Compartir en Twitter\" href='https:\/\/twitter.com\/share?text=En%20la%20semana%20de%20la%20lactancia%20materna%3A%20Difunden%20ley%20que%20establece%20medidas%20de%20protecci%C3%B3n%20a%20la%20lactancia%20materna%20y%20su%20ejercicio&#038;url=https:\/\/radiorevelacionfm.cl\/?p=7150' aria-hidden='false' data-av_icon='\ue8f1' data-av_iconfont='entypo-fontello' title='' data-avia-related-tooltip='Compartir en Twitter' rel=\"noopener\"><span class='avia_hidden_link_text'>Compartir en Twitter<\/span><\/a><\/li><li class='av-share-link av-social-link-whatsapp' ><a target=\"_blank\" aria-label=\"Compartir en Whatsapp\" href='https:\/\/api.whatsapp.com\/send?text=https:\/\/radiorevelacionfm.cl\/?p=7150' aria-hidden='false' data-av_icon='\uf232' data-av_iconfont='entypo-fontello' title='' data-avia-related-tooltip='Compartir en Whatsapp' rel=\"noopener\"><span class='avia_hidden_link_text'>Compartir en Whatsapp<\/span><\/a><\/li><li class='av-share-link av-social-link-linkedin' ><a target=\"_blank\" aria-label=\"Compartir en LinkedIn\" href='https:\/\/linkedin.com\/shareArticle?mini=true&#038;title=En%20la%20semana%20de%20la%20lactancia%20materna%3A%20Difunden%20ley%20que%20establece%20medidas%20de%20protecci%C3%B3n%20a%20la%20lactancia%20materna%20y%20su%20ejercicio&#038;url=https:\/\/radiorevelacionfm.cl\/?p=7150' aria-hidden='false' data-av_icon='\ue8fc' data-av_iconfont='entypo-fontello' title='' data-avia-related-tooltip='Compartir en LinkedIn' rel=\"noopener\"><span class='avia_hidden_link_text'>Compartir en LinkedIn<\/span><\/a><\/li><li class='av-share-link av-social-link-mail' ><a  aria-label=\"Compartir por correo\" href='mailto:?subject=En%20la%20semana%20de%20la%20lactancia%20materna%3A%20Difunden%20ley%20que%20establece%20medidas%20de%20protecci%C3%B3n%20a%20la%20lactancia%20materna%20y%20su%20ejercicio&#038;body=https:\/\/radiorevelacionfm.cl\/?p=7150' aria-hidden='false' data-av_icon='\ue805' data-av_iconfont='entypo-fontello' title='' data-avia-related-tooltip='Compartir por correo'><span class='avia_hidden_link_text'>Compartir por correo<\/span><\/a><\/li><\/ul><\/div><\/div>\n<div  style='height:50px' class='hr hr-invisible   avia-builder-el-8  el_after_av_social_share  el_before_av_comments_list '><span class='hr-inner ' ><span class='hr-inner-style'><\/span><\/span><\/div>\n<div  class='av-buildercomment  av-blog-meta-html-info-disabled av-blog-meta-tag-disabled  '><\/div>\n","protected":false},"excerpt":{"rendered":"","protected":false},"author":1,"featured_media":7152,"comment_status":"open","ping_status":"open","sticky":false,"template":"","format":"standard","meta":{"footnotes":""},"categories":[38],"tags":[],"class_list":["post-7150","post","type-post","status-publish","format-standard","has-post-thumbnail","hentry","category-regional"],"jetpack_featured_media_url":"https:\/\/radiorevelacionfm.cl\/wp-content\/uploads\/2021\/08\/IMG-lactancia0-1-1.jpg","_links":{"self":[{"href":"https:\/\/radiorevelacionfm.cl\/index.php?rest_route=\/wp\/v2\/posts\/7150","targetHints":{"allow":["GET"]}}],"collection":[{"href":"https:\/\/radiorevelacionfm.cl\/index.php?rest_route=\/wp\/v2\/posts"}],"about":[{"href":"https:\/\/radiorevelacionfm.cl\/index.php?rest_route=\/wp\/v2\/types\/post"}],"author":[{"embeddable":true,"href":"https:\/\/radiorevelacionfm.cl\/index.php?rest_route=\/wp\/v2\/users\/1"}],"replies":[{"embeddable":true,"href":"https:\/\/radiorevelacionfm.cl\/index.php?rest_route=%2Fwp%2Fv2%2Fcomments&post=7150"}],"version-history":[{"count":1,"href":"https:\/\/radiorevelacionfm.cl\/index.php?rest_route=\/wp\/v2\/posts\/7150\/revisions"}],"predecessor-version":[{"id":7153,"href":"https:\/\/radiorevelacionfm.cl\/index.php?rest_route=\/wp\/v2\/posts\/7150\/revisions\/7153"}],"wp:featuredmedia":[{"embeddable":true,"href":"https:\/\/radiorevelacionfm.cl\/index.php?rest_route=\/wp\/v2\/media\/7152"}],"wp:attachment":[{"href":"https:\/\/radiorevelacionfm.cl\/index.php?rest_route=%2Fwp%2Fv2%2Fmedia&parent=7150"}],"wp:term":[{"taxonomy":"category","embeddable":true,"href":"https:\/\/radiorevelacionfm.cl\/index.php?rest_route=%2Fwp%2Fv2%2Fcategories&post=7150"},{"taxonomy":"post_tag","embeddable":true,"href":"https:\/\/radiorevelacionfm.cl\/index.php?rest_route=%2Fwp%2Fv2%2Ftags&post=7150"}],"curies":[{"name":"wp","href":"https:\/\/api.w.org\/{rel}","templated":true}]}}