{"id":7144,"date":"2021-08-06T11:02:48","date_gmt":"2021-08-06T14:02:48","guid":{"rendered":"https:\/\/radiorevelacionfm.cl\/?p=7144"},"modified":"2021-08-06T11:02:48","modified_gmt":"2021-08-06T14:02:48","slug":"union-comunal-de-juntas-de-vecinos-se-reunio-con-alcalde-de-aysen-para-alinear-trabajo-colaborativo","status":"publish","type":"post","link":"https:\/\/radiorevelacionfm.cl\/?p=7144","title":{"rendered":"Uni\u00f3n Comunal de Juntas de Vecinos se reuni\u00f3 con alcalde de Ays\u00e9n para alinear trabajo colaborativo"},"content":{"rendered":"<div class=\"flex_column av_one_full  flex_column_div av-zero-column-padding first  avia-builder-el-0  el_before_av_one_full  avia-builder-el-first  \" style='border-radius:0px; '><div  class='avia-image-container  av-styling-    avia-builder-el-1  avia-builder-el-no-sibling  avia-align-center '  itemprop=\"image\" itemscope=\"itemscope\" itemtype=\"https:\/\/schema.org\/ImageObject\"  ><div class='avia-image-container-inner'><div class='avia-image-overlay-wrap'><img decoding=\"async\" class='wp-image-7145 avia-img-lazy-loading-not-7145 avia_image' src=\"https:\/\/radiorevelacionfm.cl\/wp-content\/uploads\/2021\/08\/IMG-unionmuni2-1-1.jpeg\" alt='' title='IMG-unionmuni2 (1) (1)' height=\"600\" width=\"802\"  itemprop=\"thumbnailUrl\" srcset=\"https:\/\/radiorevelacionfm.cl\/wp-content\/uploads\/2021\/08\/IMG-unionmuni2-1-1.jpeg 802w, https:\/\/radiorevelacionfm.cl\/wp-content\/uploads\/2021\/08\/IMG-unionmuni2-1-1-300x224.jpeg 300w, https:\/\/radiorevelacionfm.cl\/wp-content\/uploads\/2021\/08\/IMG-unionmuni2-1-1-768x575.jpeg 768w, https:\/\/radiorevelacionfm.cl\/wp-content\/uploads\/2021\/08\/IMG-unionmuni2-1-1-705x527.jpeg 705w, https:\/\/radiorevelacionfm.cl\/wp-content\/uploads\/2021\/08\/IMG-unionmuni2-1-1-600x449.jpeg 600w\" sizes=\"(max-width: 802px) 100vw, 802px\" \/><\/div><\/div><\/div><\/div><div class=\"flex_column av_one_full  flex_column_div av-zero-column-padding first  avia-builder-el-2  el_after_av_one_full  el_before_av_one_full  column-top-margin\" style='border-radius:0px; '><section class=\"av_textblock_section \"  itemscope=\"itemscope\" itemtype=\"https:\/\/schema.org\/BlogPosting\" itemprop=\"blogPost\" ><div class='avia_textblock  '   itemprop=\"text\" ><p style=\"text-align: center;\"><strong><span style=\"font-size: 18pt;\">Uni\u00f3n Comunal de Juntas de Vecinos se reuni\u00f3 con alcalde de Ays\u00e9n para alinear trabajo colaborativo<\/span><\/strong><\/p>\n<div id=\"gtx-trans\" style=\"position: absolute; left: -50px; top: 4.31534px;\">\n<div class=\"gtx-trans-icon\"><\/div>\n<\/div>\n<\/div><\/section><\/div><div class=\"flex_column av_one_full  flex_column_div av-zero-column-padding first  avia-builder-el-4  el_after_av_one_full  el_before_av_hr  column-top-margin\" style='border-radius:0px; '><section class=\"av_textblock_section \"  itemscope=\"itemscope\" itemtype=\"https:\/\/schema.org\/BlogPosting\" itemprop=\"blogPost\" ><div class='avia_textblock  '   itemprop=\"text\" ><p style=\"text-align: justify;\">Provistos de todas dudas, inquietudes y anhelos que expresan constantemente los vecinos y vecinas de Ays\u00e9n en sus comunidades llegaron hasta el Edificio Consistorial de Ays\u00e9n los representantes de la Uni\u00f3n Comunal de Juntas de Vecinos de Ays\u00e9n para sostener la primera instancia de reuni\u00f3n con el alcalde de la comuna, Julio Uribe Alvarado. El encuentro fue valorado por ambas partes y desde ya se proyecta la premura por reactivar un trabajo integrador a las necesidades de los habitantes.<\/p>\n<p style=\"text-align: justify;\">En este sentido, la primera autoridad de la comuna, Julio Uribe Alvarado, relat\u00f3 lo ocurrido relevando la disposici\u00f3n existente a trabajar con la administraci\u00f3n que encabeza, a\u00f1adiendo que \u201cestamos preocupados en la cantidad de unidades vecinales que no tienen su documentaci\u00f3n al d\u00eda, por lo tanto, el primer trabajo que vamos a desarrollar es poder armar de nuevo las directivas de las Juntas de Vecinos, para as\u00ed entrar a la elecci\u00f3n de la nueva dirigencia de la Uni\u00f3n Comunal\u201d.<\/p>\n<p style=\"text-align: justify;\">A rengl\u00f3n seguido, el Edil coment\u00f3 que entreg\u00f3 sus planteamientos respecto a las materias a tratar con cada organizaci\u00f3n, principalmente en la gesti\u00f3n de residuos que se busca consolidar, el trabajo con los ni\u00f1os, adultos mayores y trabajadores. Todo esto en el af\u00e1n de entregarle a las Juntas de Vecinos una relevancia especial para el trabajo articulado en la comunidad para la materializaci\u00f3n de actividades y gestar un contacto permanente.<\/p>\n<p style=\"text-align: justify;\">Por su parte, el dirigente social, Carlos D\u00edaz, quien preside la organizaci\u00f3n que agrupa a 40 de las unidades vecinales, adem\u00e1s de expresar que en el encuentro sostenido se entreg\u00f3 el saludo protocolar a la nueva autoridad aysenina detall\u00f3 que a causa de la pandemia no se han podido regularizar algunas Juntas de Vecinos por lo que se espera tratar con urgencia este punto, \u201cla idea es de hacer el trabajo en conjunto con el alcalde, del proyecciones en lo social, cultural y en muchas cosas que yo creo que estamos coincidiendo y que es el sentir de nosotros como directiva\u201d.<\/p>\n<p style=\"text-align: justify;\">Finalmente, D\u00edaz, quien tambi\u00e9n preside la Junta de Vecinos de Litoral Austral en Puerto Ays\u00e9n indic\u00f3 que en conjunto a su directiva aprovecharon este encuentro con el alcalde Uribe para exponer varios aspectos que ocurren en sus comunidades, \u201cestamos a sabiendas de cada cosa que pasa en los barrios, as\u00ed es que, ese es el trabajo para tener en conjunto con este municipio y tambi\u00e9n despu\u00e9s obviamente vamos a conversar con el Concejo Municipal y haremos las presentaciones como corresponde para el trabajo a los 3 a\u00f1os que tiene esta administraci\u00f3n municipal\u201d, sentenci\u00f3 el reconocido dirigente aysenino.<\/p>\n<\/div><\/section><\/div><div  style='height:50px' class='hr hr-invisible   avia-builder-el-6  el_after_av_one_full  el_before_av_social_share '><span class='hr-inner ' ><span class='hr-inner-style'><\/span><\/span><\/div><\/p>\n<div  class='av-social-sharing-box  avia-builder-el-7  el_after_av_hr  el_before_av_hr  '><div class='av-share-box'><h5 class='av-share-link-description av-no-toc '>Compartir esta noticia<\/h5><ul class='av-share-box-list noLightbox'><li class='av-share-link av-social-link-facebook' ><a target=\"_blank\" aria-label=\"Compartir en Facebook\" href='https:\/\/www.facebook.com\/sharer.php?u=https:\/\/radiorevelacionfm.cl\/?p=7144&#038;t=Uni%C3%B3n%20Comunal%20de%20Juntas%20de%20Vecinos%20se%20reuni%C3%B3%20con%20alcalde%20de%20Ays%C3%A9n%20para%20alinear%20trabajo%20colaborativo' aria-hidden='false' data-av_icon='\ue8f3' data-av_iconfont='entypo-fontello' title='' data-avia-related-tooltip='Compartir en Facebook' rel=\"noopener\"><span class='avia_hidden_link_text'>Compartir en Facebook<\/span><\/a><\/li><li class='av-share-link av-social-link-twitter' ><a target=\"_blank\" aria-label=\"Compartir en Twitter\" href='https:\/\/twitter.com\/share?text=Uni%C3%B3n%20Comunal%20de%20Juntas%20de%20Vecinos%20se%20reuni%C3%B3%20con%20alcalde%20de%20Ays%C3%A9n%20para%20alinear%20trabajo%20colaborativo&#038;url=https:\/\/radiorevelacionfm.cl\/?p=7144' aria-hidden='false' data-av_icon='\ue8f1' data-av_iconfont='entypo-fontello' title='' data-avia-related-tooltip='Compartir en Twitter' rel=\"noopener\"><span class='avia_hidden_link_text'>Compartir en Twitter<\/span><\/a><\/li><li class='av-share-link av-social-link-whatsapp' ><a target=\"_blank\" aria-label=\"Compartir en Whatsapp\" href='https:\/\/api.whatsapp.com\/send?text=https:\/\/radiorevelacionfm.cl\/?p=7144' aria-hidden='false' data-av_icon='\uf232' data-av_iconfont='entypo-fontello' title='' data-avia-related-tooltip='Compartir en Whatsapp' rel=\"noopener\"><span class='avia_hidden_link_text'>Compartir en Whatsapp<\/span><\/a><\/li><li class='av-share-link av-social-link-linkedin' ><a target=\"_blank\" aria-label=\"Compartir en LinkedIn\" href='https:\/\/linkedin.com\/shareArticle?mini=true&#038;title=Uni%C3%B3n%20Comunal%20de%20Juntas%20de%20Vecinos%20se%20reuni%C3%B3%20con%20alcalde%20de%20Ays%C3%A9n%20para%20alinear%20trabajo%20colaborativo&#038;url=https:\/\/radiorevelacionfm.cl\/?p=7144' aria-hidden='false' data-av_icon='\ue8fc' data-av_iconfont='entypo-fontello' title='' data-avia-related-tooltip='Compartir en LinkedIn' rel=\"noopener\"><span class='avia_hidden_link_text'>Compartir en LinkedIn<\/span><\/a><\/li><li class='av-share-link av-social-link-mail' ><a  aria-label=\"Compartir por correo\" href='mailto:?subject=Uni%C3%B3n%20Comunal%20de%20Juntas%20de%20Vecinos%20se%20reuni%C3%B3%20con%20alcalde%20de%20Ays%C3%A9n%20para%20alinear%20trabajo%20colaborativo&#038;body=https:\/\/radiorevelacionfm.cl\/?p=7144' aria-hidden='false' data-av_icon='\ue805' data-av_iconfont='entypo-fontello' title='' data-avia-related-tooltip='Compartir por correo'><span class='avia_hidden_link_text'>Compartir por correo<\/span><\/a><\/li><\/ul><\/div><\/div>\n<div  style='height:50px' class='hr hr-invisible   avia-builder-el-8  el_after_av_social_share  el_before_av_comments_list '><span class='hr-inner ' ><span class='hr-inner-style'><\/span><\/span><\/div>\n<div  class='av-buildercomment  av-blog-meta-html-info-disabled av-blog-meta-tag-disabled  '><\/div>\n","protected":false},"excerpt":{"rendered":"","protected":false},"author":1,"featured_media":7145,"comment_status":"open","ping_status":"open","sticky":false,"template":"","format":"standard","meta":{"footnotes":""},"categories":[38],"tags":[],"class_list":["post-7144","post","type-post","status-publish","format-standard","has-post-thumbnail","hentry","category-regional"],"jetpack_featured_media_url":"https:\/\/radiorevelacionfm.cl\/wp-content\/uploads\/2021\/08\/IMG-unionmuni2-1-1.jpeg","_links":{"self":[{"href":"https:\/\/radiorevelacionfm.cl\/index.php?rest_route=\/wp\/v2\/posts\/7144","targetHints":{"allow":["GET"]}}],"collection":[{"href":"https:\/\/radiorevelacionfm.cl\/index.php?rest_route=\/wp\/v2\/posts"}],"about":[{"href":"https:\/\/radiorevelacionfm.cl\/index.php?rest_route=\/wp\/v2\/types\/post"}],"author":[{"embeddable":true,"href":"https:\/\/radiorevelacionfm.cl\/index.php?rest_route=\/wp\/v2\/users\/1"}],"replies":[{"embeddable":true,"href":"https:\/\/radiorevelacionfm.cl\/index.php?rest_route=%2Fwp%2Fv2%2Fcomments&post=7144"}],"version-history":[{"count":1,"href":"https:\/\/radiorevelacionfm.cl\/index.php?rest_route=\/wp\/v2\/posts\/7144\/revisions"}],"predecessor-version":[{"id":7146,"href":"https:\/\/radiorevelacionfm.cl\/index.php?rest_route=\/wp\/v2\/posts\/7144\/revisions\/7146"}],"wp:featuredmedia":[{"embeddable":true,"href":"https:\/\/radiorevelacionfm.cl\/index.php?rest_route=\/wp\/v2\/media\/7145"}],"wp:attachment":[{"href":"https:\/\/radiorevelacionfm.cl\/index.php?rest_route=%2Fwp%2Fv2%2Fmedia&parent=7144"}],"wp:term":[{"taxonomy":"category","embeddable":true,"href":"https:\/\/radiorevelacionfm.cl\/index.php?rest_route=%2Fwp%2Fv2%2Fcategories&post=7144"},{"taxonomy":"post_tag","embeddable":true,"href":"https:\/\/radiorevelacionfm.cl\/index.php?rest_route=%2Fwp%2Fv2%2Ftags&post=7144"}],"curies":[{"name":"wp","href":"https:\/\/api.w.org\/{rel}","templated":true}]}}