{"id":7141,"date":"2021-08-05T22:22:16","date_gmt":"2021-08-06T01:22:16","guid":{"rendered":"https:\/\/radiorevelacionfm.cl\/?p=7141"},"modified":"2021-08-05T22:22:16","modified_gmt":"2021-08-06T01:22:16","slug":"gobierno-confirma-que-se-aplicara-dosis-de-refuerzo-contra-el-covid-19","status":"publish","type":"post","link":"https:\/\/radiorevelacionfm.cl\/?p=7141","title":{"rendered":"Gobierno confirma que se aplicar\u00e1 \u00abdosis de refuerzo\u00bb contra el Covid-19"},"content":{"rendered":"<div class=\"flex_column av_one_full  flex_column_div av-zero-column-padding first  avia-builder-el-0  el_before_av_one_full  avia-builder-el-first  \" style='border-radius:0px; '><div  class='avia-image-container  av-styling-    avia-builder-el-1  avia-builder-el-no-sibling  avia-align-center '  itemprop=\"image\" itemscope=\"itemscope\" itemtype=\"https:\/\/schema.org\/ImageObject\"  ><div class='avia-image-container-inner'><div class='avia-image-overlay-wrap'><img decoding=\"async\" class='wp-image-7142 avia-img-lazy-loading-not-7142 avia_image' src=\"https:\/\/radiorevelacionfm.cl\/wp-content\/uploads\/2021\/08\/IMG_3551-1-1-1.jpg\" alt='' title='IMG_3551 (1) (1) (1)' height=\"600\" width=\"900\"  itemprop=\"thumbnailUrl\" srcset=\"https:\/\/radiorevelacionfm.cl\/wp-content\/uploads\/2021\/08\/IMG_3551-1-1-1.jpg 900w, https:\/\/radiorevelacionfm.cl\/wp-content\/uploads\/2021\/08\/IMG_3551-1-1-1-300x200.jpg 300w, https:\/\/radiorevelacionfm.cl\/wp-content\/uploads\/2021\/08\/IMG_3551-1-1-1-768x512.jpg 768w, https:\/\/radiorevelacionfm.cl\/wp-content\/uploads\/2021\/08\/IMG_3551-1-1-1-705x470.jpg 705w, https:\/\/radiorevelacionfm.cl\/wp-content\/uploads\/2021\/08\/IMG_3551-1-1-1-600x400.jpg 600w\" sizes=\"(max-width: 900px) 100vw, 900px\" \/><\/div><\/div><\/div><\/div><div class=\"flex_column av_one_full  flex_column_div av-zero-column-padding first  avia-builder-el-2  el_after_av_one_full  el_before_av_one_full  column-top-margin\" style='border-radius:0px; '><section class=\"av_textblock_section \"  itemscope=\"itemscope\" itemtype=\"https:\/\/schema.org\/BlogPosting\" itemprop=\"blogPost\" ><div class='avia_textblock  '   itemprop=\"text\" ><p style=\"text-align: center;\"><span style=\"font-size: 18pt;\"><strong>Gobierno confirma que se aplicar\u00e1 \u00abdosis de refuerzo\u00bb contra el Covid-19<\/strong><\/span><\/p>\n<div id=\"gtx-trans\" style=\"position: absolute; left: -50px; top: 4.31534px;\">\n<div class=\"gtx-trans-icon\"><\/div>\n<\/div>\n<\/div><\/section><\/div><div class=\"flex_column av_one_full  flex_column_div av-zero-column-padding first  avia-builder-el-4  el_after_av_one_full  el_before_av_hr  column-top-margin\" style='border-radius:0px; '><section class=\"av_textblock_section \"  itemscope=\"itemscope\" itemtype=\"https:\/\/schema.org\/BlogPosting\" itemprop=\"blogPost\" ><div class='avia_textblock  '   itemprop=\"text\" ><p style=\"text-align: justify;\">Este jueves el Presidente Sebasti\u00e1n Pi\u00f1era anunci\u00f3 que el pa\u00eds reforzar\u00e1 con una tercera vacuna (AstraZeneca) el combate contra el Covid-19, teniendo presente la evoluci\u00f3n de las distintas variantes \u2013 centr\u00e1ndose en la Delta \u2013 y que adem\u00e1s algunas dosis han presentado distintas respuestas en t\u00e9rminos de efectividad durante la pandemia, la cual en primera instancia comenzar\u00e1 el 11 de agosto para personas de 86 a\u00f1os y m\u00e1s.<\/p>\n<p style=\"text-align: justify;\">Seg\u00fan explic\u00f3 el propio Mandatario, la determinaci\u00f3n se adopt\u00f3 luego \u201cde consultar y recibir recomendaciones de los m\u00e1s calificados expertos tanto nacionales como internacionales, hemos decidido iniciar un Reforzamiento de la Vacunaci\u00f3n de aquellas personas que ya han recibido las dos dosis de la vacuna Sinovac\u201d, a\u00f1adiendo que en el pa\u00eds a\u00fan existen 1,8 millones de rezagados.<\/p>\n<p style=\"text-align: justify;\">Desde la regi\u00f3n de Ays\u00e9n la medida fue valorada por la Delegada Presidencial Margarita Ossa Rojas, qui\u00e9n explic\u00f3 que \u201ctoda medida que refuerce la inmunidad de las personas ser\u00e1 bienvenida. Ac\u00e1 en la regi\u00f3n hemos experimentado un proceso ejemplar de vacunaci\u00f3n, con cifras m\u00e1s que positivas que ya superan el 90%, y esto tambi\u00e9n da cuenta del gran trabajo efectuado por el Gobierno en el combate de esta pandemia el cual, a pesar de algunas cr\u00edticas, ha demostrado ser robusto, consistente y valorado a nivel mundial\u201d.<\/p>\n<p style=\"text-align: justify;\">En ese mismo sentido, la representante del Presidente agreg\u00f3 que \u201cpor lo mismo Sinovac se instalar\u00e1 en el pa\u00eds con un laboratorio para fabricar vacunas, y el llamado a aquellos que a\u00fan no se han vacunado es a que lo hagan, sin miedo, y as\u00ed podamos estar m\u00e1s protegidos contra este virus que ha sido muy mortal y que nos ha restringido libertades\u201d, indic\u00f3.<\/p>\n<p style=\"text-align: justify;\">Por su parte, desde la seremi de Salud, su titular, Alejandra Valdebenito, \u201cviene a complementar los esquemas ya inoculados en el pa\u00eds, luego de una serie de estudios nacionales e internacionales\u201d a\u00f1adiendo que \u201cse inicia las personas que se vacunaron con Sinovac antes del 31 de marzo, y con las edades m\u00e1s extremas; se parte con las personas mayores de 86 a\u00f1os y as\u00ed se va ir corriendo el calendario, muy similar a la campa\u00f1a Yo Me Vacuno\u201d.<\/p>\n<p style=\"text-align: justify;\">Sobre el por qu\u00e9 el uso de una vacuna por sobre otra, Valdebenito Torres explic\u00f3 que \u201cesta vacuna (AstraZeneca) es la que ha demostrado efectividad frente a la variante Delta, que es principalmente la variante que afecta a gran parte del mundo\u201d, concluy\u00f3.<\/p>\n<\/div><\/section><\/div><div  style='height:50px' class='hr hr-invisible   avia-builder-el-6  el_after_av_one_full  el_before_av_social_share '><span class='hr-inner ' ><span class='hr-inner-style'><\/span><\/span><\/div><\/p>\n<div  class='av-social-sharing-box  avia-builder-el-7  el_after_av_hr  el_before_av_hr  '><div class='av-share-box'><h5 class='av-share-link-description av-no-toc '>Compartir esta noticia<\/h5><ul class='av-share-box-list noLightbox'><li class='av-share-link av-social-link-facebook' ><a target=\"_blank\" aria-label=\"Compartir en Facebook\" href='https:\/\/www.facebook.com\/sharer.php?u=https:\/\/radiorevelacionfm.cl\/?p=7141&#038;t=Gobierno%20confirma%20que%20se%20aplicar%C3%A1%20%C2%ABdosis%20de%20refuerzo%C2%BB%20contra%20el%20Covid-19' aria-hidden='false' data-av_icon='\ue8f3' data-av_iconfont='entypo-fontello' title='' data-avia-related-tooltip='Compartir en Facebook' rel=\"noopener\"><span class='avia_hidden_link_text'>Compartir en Facebook<\/span><\/a><\/li><li class='av-share-link av-social-link-twitter' ><a target=\"_blank\" aria-label=\"Compartir en Twitter\" href='https:\/\/twitter.com\/share?text=Gobierno%20confirma%20que%20se%20aplicar%C3%A1%20%C2%ABdosis%20de%20refuerzo%C2%BB%20contra%20el%20Covid-19&#038;url=https:\/\/radiorevelacionfm.cl\/?p=7141' aria-hidden='false' data-av_icon='\ue8f1' data-av_iconfont='entypo-fontello' title='' data-avia-related-tooltip='Compartir en Twitter' rel=\"noopener\"><span class='avia_hidden_link_text'>Compartir en Twitter<\/span><\/a><\/li><li class='av-share-link av-social-link-whatsapp' ><a target=\"_blank\" aria-label=\"Compartir en Whatsapp\" href='https:\/\/api.whatsapp.com\/send?text=https:\/\/radiorevelacionfm.cl\/?p=7141' aria-hidden='false' data-av_icon='\uf232' data-av_iconfont='entypo-fontello' title='' data-avia-related-tooltip='Compartir en Whatsapp' rel=\"noopener\"><span class='avia_hidden_link_text'>Compartir en Whatsapp<\/span><\/a><\/li><li class='av-share-link av-social-link-linkedin' ><a target=\"_blank\" aria-label=\"Compartir en LinkedIn\" href='https:\/\/linkedin.com\/shareArticle?mini=true&#038;title=Gobierno%20confirma%20que%20se%20aplicar%C3%A1%20%C2%ABdosis%20de%20refuerzo%C2%BB%20contra%20el%20Covid-19&#038;url=https:\/\/radiorevelacionfm.cl\/?p=7141' aria-hidden='false' data-av_icon='\ue8fc' data-av_iconfont='entypo-fontello' title='' data-avia-related-tooltip='Compartir en LinkedIn' rel=\"noopener\"><span class='avia_hidden_link_text'>Compartir en LinkedIn<\/span><\/a><\/li><li class='av-share-link av-social-link-mail' ><a  aria-label=\"Compartir por correo\" href='mailto:?subject=Gobierno%20confirma%20que%20se%20aplicar%C3%A1%20%C2%ABdosis%20de%20refuerzo%C2%BB%20contra%20el%20Covid-19&#038;body=https:\/\/radiorevelacionfm.cl\/?p=7141' aria-hidden='false' data-av_icon='\ue805' data-av_iconfont='entypo-fontello' title='' data-avia-related-tooltip='Compartir por correo'><span class='avia_hidden_link_text'>Compartir por correo<\/span><\/a><\/li><\/ul><\/div><\/div>\n<div  style='height:50px' class='hr hr-invisible   avia-builder-el-8  el_after_av_social_share  el_before_av_comments_list '><span class='hr-inner ' ><span class='hr-inner-style'><\/span><\/span><\/div>\n<div  class='av-buildercomment  av-blog-meta-html-info-disabled av-blog-meta-tag-disabled  '><\/div>\n","protected":false},"excerpt":{"rendered":"","protected":false},"author":1,"featured_media":7142,"comment_status":"open","ping_status":"open","sticky":false,"template":"","format":"standard","meta":{"footnotes":""},"categories":[38],"tags":[],"class_list":["post-7141","post","type-post","status-publish","format-standard","has-post-thumbnail","hentry","category-regional"],"jetpack_featured_media_url":"https:\/\/radiorevelacionfm.cl\/wp-content\/uploads\/2021\/08\/IMG_3551-1-1-1.jpg","_links":{"self":[{"href":"https:\/\/radiorevelacionfm.cl\/index.php?rest_route=\/wp\/v2\/posts\/7141","targetHints":{"allow":["GET"]}}],"collection":[{"href":"https:\/\/radiorevelacionfm.cl\/index.php?rest_route=\/wp\/v2\/posts"}],"about":[{"href":"https:\/\/radiorevelacionfm.cl\/index.php?rest_route=\/wp\/v2\/types\/post"}],"author":[{"embeddable":true,"href":"https:\/\/radiorevelacionfm.cl\/index.php?rest_route=\/wp\/v2\/users\/1"}],"replies":[{"embeddable":true,"href":"https:\/\/radiorevelacionfm.cl\/index.php?rest_route=%2Fwp%2Fv2%2Fcomments&post=7141"}],"version-history":[{"count":1,"href":"https:\/\/radiorevelacionfm.cl\/index.php?rest_route=\/wp\/v2\/posts\/7141\/revisions"}],"predecessor-version":[{"id":7143,"href":"https:\/\/radiorevelacionfm.cl\/index.php?rest_route=\/wp\/v2\/posts\/7141\/revisions\/7143"}],"wp:featuredmedia":[{"embeddable":true,"href":"https:\/\/radiorevelacionfm.cl\/index.php?rest_route=\/wp\/v2\/media\/7142"}],"wp:attachment":[{"href":"https:\/\/radiorevelacionfm.cl\/index.php?rest_route=%2Fwp%2Fv2%2Fmedia&parent=7141"}],"wp:term":[{"taxonomy":"category","embeddable":true,"href":"https:\/\/radiorevelacionfm.cl\/index.php?rest_route=%2Fwp%2Fv2%2Fcategories&post=7141"},{"taxonomy":"post_tag","embeddable":true,"href":"https:\/\/radiorevelacionfm.cl\/index.php?rest_route=%2Fwp%2Fv2%2Ftags&post=7141"}],"curies":[{"name":"wp","href":"https:\/\/api.w.org\/{rel}","templated":true}]}}