{"id":7137,"date":"2021-08-06T11:43:11","date_gmt":"2021-08-06T14:43:11","guid":{"rendered":"https:\/\/radiorevelacionfm.cl\/?p=7137"},"modified":"2021-08-06T11:50:29","modified_gmt":"2021-08-06T14:50:29","slug":"ips-informa-reajuste-a-montos-del-pilar-solidario-y-nuevas-jefaturas-en-oficinas-provinciales","status":"publish","type":"post","link":"https:\/\/radiorevelacionfm.cl\/?p=7137","title":{"rendered":"IPS informa reajuste a montos del Pilar Solidario y nuevas jefaturas en oficinas provinciales"},"content":{"rendered":"<div class=\"flex_column av_one_full  flex_column_div av-zero-column-padding first  avia-builder-el-0  el_before_av_one_full  avia-builder-el-first  \" style='border-radius:0px; '><div  class='avia-image-container  av-styling-    avia-builder-el-1  avia-builder-el-no-sibling  avia-align-center '  itemprop=\"image\" itemscope=\"itemscope\" itemtype=\"https:\/\/schema.org\/ImageObject\"  ><div class='avia-image-container-inner'><div class='avia-image-overlay-wrap'><img decoding=\"async\" class='wp-image-7154 avia-img-lazy-loading-not-7154 avia_image' src=\"https:\/\/radiorevelacionfm.cl\/wp-content\/uploads\/2021\/08\/seremiaponce_dirregips1-1_optimized.jpg\" alt='' title='seremiaponce_dirregips1-(1)_optimized' height=\"600\" width=\"875\"  itemprop=\"thumbnailUrl\" srcset=\"https:\/\/radiorevelacionfm.cl\/wp-content\/uploads\/2021\/08\/seremiaponce_dirregips1-1_optimized.jpg 875w, https:\/\/radiorevelacionfm.cl\/wp-content\/uploads\/2021\/08\/seremiaponce_dirregips1-1_optimized-300x206.jpg 300w, https:\/\/radiorevelacionfm.cl\/wp-content\/uploads\/2021\/08\/seremiaponce_dirregips1-1_optimized-768x527.jpg 768w, https:\/\/radiorevelacionfm.cl\/wp-content\/uploads\/2021\/08\/seremiaponce_dirregips1-1_optimized-705x483.jpg 705w, https:\/\/radiorevelacionfm.cl\/wp-content\/uploads\/2021\/08\/seremiaponce_dirregips1-1_optimized-600x411.jpg 600w\" sizes=\"(max-width: 875px) 100vw, 875px\" \/><\/div><\/div><\/div><\/div><div class=\"flex_column av_one_full  flex_column_div av-zero-column-padding first  avia-builder-el-2  el_after_av_one_full  el_before_av_one_full  column-top-margin\" style='border-radius:0px; '><section class=\"av_textblock_section \"  itemscope=\"itemscope\" itemtype=\"https:\/\/schema.org\/BlogPosting\" itemprop=\"blogPost\" ><div class='avia_textblock  '   itemprop=\"text\" ><p style=\"text-align: center;\"><strong><span style=\"font-size: 18pt;\">IPS informa reajuste a montos del Pilar Solidario y nuevas jefaturas en oficinas provinciales <\/span><\/strong><\/p>\n<div id=\"gtx-trans\" style=\"position: absolute; left: -50px; top: 4.31534px;\">\n<div class=\"gtx-trans-icon\"><\/div>\n<\/div>\n<\/div><\/section><\/div><\/p>\n<div class=\"flex_column av_one_full  flex_column_div av-zero-column-padding first  avia-builder-el-4  el_after_av_one_full  el_before_av_hr  column-top-margin\" style='border-radius:0px; '><section class=\"av_textblock_section \"  itemscope=\"itemscope\" itemtype=\"https:\/\/schema.org\/BlogPosting\" itemprop=\"blogPost\" ><div class='avia_textblock  '   itemprop=\"text\" ><p style=\"text-align: justify;\">De acuerdo a las disposiciones de la Superintendencia de Pensiones, a contar del 1 de julio correspondi\u00f3 aplicar el reajuste a los montos de los beneficios del Pilar Solidario del Sistema de Pensiones Solidarias. Esto, teniendo en consideraci\u00f3n la variaci\u00f3n del \u00cdndice de Precios al Consumidor (IPC) experimentado en los \u00faltimos 12 meses.<\/p>\n<p style=\"text-align: justify;\">As\u00ed, tanto la Pensi\u00f3n B\u00e1sica Solidaria (PBS), para personas que no han tenido la posibilidad de acceder a una pensi\u00f3n previsional; como la Pensi\u00f3n M\u00e1xima con Aporte Solidario (PMAS), instrumento que se utiliza para el c\u00e1lculo del Aporte Previsional Solidario (APS) -este \u00faltimo beneficio incrementa las pensiones m\u00e1s bajas-, han actualizado sus montos. Es importante se\u00f1alar que el aumento es autom\u00e1tico en las pensiones de julio, los pensionados y pensionadas no deben hacer ning\u00fan tr\u00e1mite para recibirlo.<\/p>\n<p style=\"text-align: justify;\">\u201cEn la Regi\u00f3n de Ays\u00e9n son 10.038 los beneficiarios de la Pensi\u00f3n B\u00e1sica Solidaria y del Aporte Previsional Solidario. Ello quiere decir que se reajustar\u00e1 su pensi\u00f3n al IPC, lo cual permite que no pierda valor su dinero en la situaci\u00f3n econ\u00f3mica actual. Debemos recordar que \u00e9ste es solamente un reajuste y que en enero de este a\u00f1o ya se hab\u00eda implementado la segunda etapa del aumento gradual de los beneficios del Pilar Solidario, parte del compromiso de la Agenda Social del Gobierno de finales de 2019 y dispuesto en la Ley N\u00ba 21.190. El pr\u00f3ximo a\u00f1o, todas las pensiones van a quedar aumentadas en un 50%, m\u00e1s los reajustes correspondientes seg\u00fan IPC. Por otra parte, debemos recordar que hay una Reforma de Pensiones presentada por el Gobierno y que en estos momentos est\u00e1 en discusi\u00f3n en el Congreso y que busca mejorar el sistema existente\u201d, afirm\u00f3 la Seremi del trabajo y Previsi\u00f3n Social, Andrea Ponce.<\/p>\n<p style=\"text-align: justify;\">A su vez, el Director Regional del Instituto de Previsi\u00f3n Social, IPS ChileAtiende, Carlos Rodr\u00edguez, detall\u00f3 sobre el reajuste actual, \u201cComo mencion\u00f3 la Seremi Andrea Ponce, este es un reajuste , el cual queremos reforzar que se realizar\u00e1 de manera autom\u00e1tica y los usuarios no deben realizar ning\u00fan tr\u00e1mite extra. A nivel nacional, son m\u00e1s de 1 mill\u00f3n 750 mil personas y en nuestra Regi\u00f3n de Ays\u00e9n, son 3.535 los beneficiarios que reciben la Pensi\u00f3n B\u00e1sica Solidaria y 6.503 quienes reciben el Aporte Previsional Solidario. Ante cualquier duda, pueden ingresar al portal www.chileatiende.cl, llamar a nuestro call center 101 o acercarse a las oficinas de ChileAtiende con todas las medidas de higiene y seguridad que son necesarias hoy en d\u00eda, indic\u00f3.<\/p>\n<p style=\"text-align: justify;\">Cabe recordar que la Pensi\u00f3n B\u00e1sica Solidaria (PBS) se entrega por tramos de edad. De esta forma, el nuevo monto de la Pensi\u00f3n B\u00e1sica Solidaria de Vejez para las personas entre 65 y 74 a\u00f1os es de $164.356, mientras que para las personas de 75 a\u00f1os y m\u00e1s, es de $176.096. Este beneficio est\u00e1 destinado a las personas del 60 % de menores ingresos de la poblaci\u00f3n, que no han podido acceder a una pensi\u00f3n y que cumplen determinados requisitos legales.<\/p>\n<p style=\"text-align: justify;\">En tanto, el Aporte Previsional Solidario (APS) tambi\u00e9n se incrementa de acuerdo con el tramo etario de cada pensionado. El Aporte Previsional Solidario permite complementar las pensiones previsionales de bajo monto de las personas pertenecientes al 60 % m\u00e1s vulnerable y que cumplan con los requisitos para obtenerlo.<\/p>\n<p style=\"text-align: justify;\">As\u00ed, pueden solicitar el Aporte Previsional Solidario de Vejez las personas entre los 65 y 74 a\u00f1os con pensi\u00f3n base inferior a $485.674; mientras que para las personas de 75 a\u00f1os o m\u00e1s sus pensiones bases deben ser hasta $520.366. El valor del Aporte Previsional Solidario es variable seg\u00fan el monto y tipo de pensi\u00f3n.<\/p>\n<p style=\"text-align: justify;\"><strong><u>Nuevas jefaturas<\/u><\/strong><\/p>\n<p style=\"text-align: justify;\">El IPS Chile Atiende busca ser un punto de partida para todos los tr\u00e1mites del Estado, acercando los servicios a la comunidad, teniendo oficinas en Puerto Cisnes, Puerto Ays\u00e9n, Coyhaique, Chile Chico y Cochrane, atendiendo presencialmente de 8:30 a 14:00, horario que podr\u00eda modificarse seg\u00fan el Paso en que se encuentra cada localidad seg\u00fan el Plan Paso a Paso en el marco de la pandemia Covid 19.<\/p>\n<p style=\"text-align: justify;\">Son 3 las funcionarias del IPS ChileAtiende que asumen nuevas jefaturas en la regi\u00f3n, as\u00ed lo mencion\u00f3 el Director Regional, \u201cMediante concurso interno se promovieron a 3 funcionarias en la instituci\u00f3n. En Coyhaique, asumi\u00f3 la jefatura de oficina Daniela Catal\u00e1n, Ingeniera en Ejecuci\u00f3n Industrial y prontamente, en Puerto Ays\u00e9n lo har\u00e1 Katerina Astudillo, Asistente Social y en Cochrane, Wilma Mar\u00edn, Ingeniera en Administraci\u00f3n de Empresas. Todas ellas se han destacado en su carrera funcionaria y confiamos en que ser\u00e1n un importante aporte para nuestra comunidad regional\u201d, afirm\u00f3.<\/p>\n<\/div><\/section><\/div>\n<div  style='height:50px' class='hr hr-invisible   avia-builder-el-6  el_after_av_one_full  el_before_av_social_share '><span class='hr-inner ' ><span class='hr-inner-style'><\/span><\/span><\/div>\n<div  class='av-social-sharing-box  avia-builder-el-7  el_after_av_hr  el_before_av_hr  '><div class='av-share-box'><h5 class='av-share-link-description av-no-toc '>Compartir esta noticia<\/h5><ul class='av-share-box-list noLightbox'><li class='av-share-link av-social-link-facebook' ><a target=\"_blank\" aria-label=\"Compartir en Facebook\" href='https:\/\/www.facebook.com\/sharer.php?u=https:\/\/radiorevelacionfm.cl\/?p=7137&#038;t=IPS%20informa%20reajuste%20a%20montos%20del%20Pilar%20Solidario%20y%20nuevas%20jefaturas%20en%20oficinas%20provinciales' aria-hidden='false' data-av_icon='\ue8f3' data-av_iconfont='entypo-fontello' title='' data-avia-related-tooltip='Compartir en Facebook' rel=\"noopener\"><span class='avia_hidden_link_text'>Compartir en Facebook<\/span><\/a><\/li><li class='av-share-link av-social-link-twitter' ><a target=\"_blank\" aria-label=\"Compartir en Twitter\" href='https:\/\/twitter.com\/share?text=IPS%20informa%20reajuste%20a%20montos%20del%20Pilar%20Solidario%20y%20nuevas%20jefaturas%20en%20oficinas%20provinciales&#038;url=https:\/\/radiorevelacionfm.cl\/?p=7137' aria-hidden='false' data-av_icon='\ue8f1' data-av_iconfont='entypo-fontello' title='' data-avia-related-tooltip='Compartir en Twitter' rel=\"noopener\"><span class='avia_hidden_link_text'>Compartir en Twitter<\/span><\/a><\/li><li class='av-share-link av-social-link-whatsapp' ><a target=\"_blank\" aria-label=\"Compartir en Whatsapp\" href='https:\/\/api.whatsapp.com\/send?text=https:\/\/radiorevelacionfm.cl\/?p=7137' aria-hidden='false' data-av_icon='\uf232' data-av_iconfont='entypo-fontello' title='' data-avia-related-tooltip='Compartir en Whatsapp' rel=\"noopener\"><span class='avia_hidden_link_text'>Compartir en Whatsapp<\/span><\/a><\/li><li class='av-share-link av-social-link-linkedin' ><a target=\"_blank\" aria-label=\"Compartir en LinkedIn\" href='https:\/\/linkedin.com\/shareArticle?mini=true&#038;title=IPS%20informa%20reajuste%20a%20montos%20del%20Pilar%20Solidario%20y%20nuevas%20jefaturas%20en%20oficinas%20provinciales&#038;url=https:\/\/radiorevelacionfm.cl\/?p=7137' aria-hidden='false' data-av_icon='\ue8fc' data-av_iconfont='entypo-fontello' title='' data-avia-related-tooltip='Compartir en LinkedIn' rel=\"noopener\"><span class='avia_hidden_link_text'>Compartir en LinkedIn<\/span><\/a><\/li><li class='av-share-link av-social-link-mail' ><a  aria-label=\"Compartir por correo\" href='mailto:?subject=IPS%20informa%20reajuste%20a%20montos%20del%20Pilar%20Solidario%20y%20nuevas%20jefaturas%20en%20oficinas%20provinciales&#038;body=https:\/\/radiorevelacionfm.cl\/?p=7137' aria-hidden='false' data-av_icon='\ue805' data-av_iconfont='entypo-fontello' title='' data-avia-related-tooltip='Compartir por correo'><span class='avia_hidden_link_text'>Compartir por correo<\/span><\/a><\/li><\/ul><\/div><\/div>\n<div  style='height:50px' class='hr hr-invisible   avia-builder-el-8  el_after_av_social_share  el_before_av_comments_list '><span class='hr-inner ' ><span class='hr-inner-style'><\/span><\/span><\/div>\n<div  class='av-buildercomment  av-blog-meta-html-info-disabled av-blog-meta-tag-disabled  '><\/div>\n","protected":false},"excerpt":{"rendered":"","protected":false},"author":1,"featured_media":7154,"comment_status":"open","ping_status":"open","sticky":false,"template":"","format":"standard","meta":{"footnotes":""},"categories":[56],"tags":[],"class_list":["post-7137","post","type-post","status-publish","format-standard","has-post-thumbnail","hentry","category-trabajo"],"jetpack_featured_media_url":"https:\/\/radiorevelacionfm.cl\/wp-content\/uploads\/2021\/08\/seremiaponce_dirregips1-1_optimized.jpg","_links":{"self":[{"href":"https:\/\/radiorevelacionfm.cl\/index.php?rest_route=\/wp\/v2\/posts\/7137","targetHints":{"allow":["GET"]}}],"collection":[{"href":"https:\/\/radiorevelacionfm.cl\/index.php?rest_route=\/wp\/v2\/posts"}],"about":[{"href":"https:\/\/radiorevelacionfm.cl\/index.php?rest_route=\/wp\/v2\/types\/post"}],"author":[{"embeddable":true,"href":"https:\/\/radiorevelacionfm.cl\/index.php?rest_route=\/wp\/v2\/users\/1"}],"replies":[{"embeddable":true,"href":"https:\/\/radiorevelacionfm.cl\/index.php?rest_route=%2Fwp%2Fv2%2Fcomments&post=7137"}],"version-history":[{"count":3,"href":"https:\/\/radiorevelacionfm.cl\/index.php?rest_route=\/wp\/v2\/posts\/7137\/revisions"}],"predecessor-version":[{"id":7156,"href":"https:\/\/radiorevelacionfm.cl\/index.php?rest_route=\/wp\/v2\/posts\/7137\/revisions\/7156"}],"wp:featuredmedia":[{"embeddable":true,"href":"https:\/\/radiorevelacionfm.cl\/index.php?rest_route=\/wp\/v2\/media\/7154"}],"wp:attachment":[{"href":"https:\/\/radiorevelacionfm.cl\/index.php?rest_route=%2Fwp%2Fv2%2Fmedia&parent=7137"}],"wp:term":[{"taxonomy":"category","embeddable":true,"href":"https:\/\/radiorevelacionfm.cl\/index.php?rest_route=%2Fwp%2Fv2%2Fcategories&post=7137"},{"taxonomy":"post_tag","embeddable":true,"href":"https:\/\/radiorevelacionfm.cl\/index.php?rest_route=%2Fwp%2Fv2%2Ftags&post=7137"}],"curies":[{"name":"wp","href":"https:\/\/api.w.org\/{rel}","templated":true}]}}