{"id":7134,"date":"2021-08-06T10:26:59","date_gmt":"2021-08-06T13:26:59","guid":{"rendered":"https:\/\/radiorevelacionfm.cl\/?p=7134"},"modified":"2021-08-06T10:26:59","modified_gmt":"2021-08-06T13:26:59","slug":"gobernadora-solicito-atencion-especial-para-sector-pesquero-artesanal-sin-acceso-a-bono-alivio-pyme","status":"publish","type":"post","link":"https:\/\/radiorevelacionfm.cl\/?p=7134","title":{"rendered":"Gobernadora solicit\u00f3 atenci\u00f3n especial para sector pesquero artesanal sin acceso a Bono Alivio Pyme"},"content":{"rendered":"<div class=\"flex_column av_one_full  flex_column_div av-zero-column-padding first  avia-builder-el-0  el_before_av_one_full  avia-builder-el-first  \" style='border-radius:0px; '><div  class='avia-image-container  av-styling-    avia-builder-el-1  avia-builder-el-no-sibling  avia-align-center '  itemprop=\"image\" itemscope=\"itemscope\" itemtype=\"https:\/\/schema.org\/ImageObject\"  ><div class='avia-image-container-inner'><div class='avia-image-overlay-wrap'><img decoding=\"async\" class='wp-image-7135 avia-img-lazy-loading-not-7135 avia_image' src=\"https:\/\/radiorevelacionfm.cl\/wp-content\/uploads\/2021\/08\/pesca_img2485-1_optimized.jpg\" alt='' title='pesca_img2485-(1)_optimized' height=\"600\" width=\"903\"  itemprop=\"thumbnailUrl\" srcset=\"https:\/\/radiorevelacionfm.cl\/wp-content\/uploads\/2021\/08\/pesca_img2485-1_optimized.jpg 903w, https:\/\/radiorevelacionfm.cl\/wp-content\/uploads\/2021\/08\/pesca_img2485-1_optimized-300x199.jpg 300w, https:\/\/radiorevelacionfm.cl\/wp-content\/uploads\/2021\/08\/pesca_img2485-1_optimized-768x510.jpg 768w, https:\/\/radiorevelacionfm.cl\/wp-content\/uploads\/2021\/08\/pesca_img2485-1_optimized-705x468.jpg 705w, https:\/\/radiorevelacionfm.cl\/wp-content\/uploads\/2021\/08\/pesca_img2485-1_optimized-600x399.jpg 600w\" sizes=\"(max-width: 903px) 100vw, 903px\" \/><\/div><\/div><\/div><\/div><div class=\"flex_column av_one_full  flex_column_div av-zero-column-padding first  avia-builder-el-2  el_after_av_one_full  el_before_av_one_full  column-top-margin\" style='border-radius:0px; '><section class=\"av_textblock_section \"  itemscope=\"itemscope\" itemtype=\"https:\/\/schema.org\/BlogPosting\" itemprop=\"blogPost\" ><div class='avia_textblock  '   itemprop=\"text\" ><p style=\"text-align: center;\"><strong><span style=\"font-size: 18pt;\">Gobernadora solicit\u00f3 atenci\u00f3n especial para sector pesquero artesanal sin acceso a Bono Alivio Pyme<\/span><\/strong><\/p>\n<div id=\"gtx-trans\" style=\"position: absolute; left: -50px; top: 4.31534px;\">\n<div class=\"gtx-trans-icon\"><\/div>\n<\/div>\n<\/div><\/section><\/div><div class=\"flex_column av_one_full  flex_column_div av-zero-column-padding first  avia-builder-el-4  el_after_av_one_full  el_before_av_hr  column-top-margin\" style='border-radius:0px; '><section class=\"av_textblock_section \"  itemscope=\"itemscope\" itemtype=\"https:\/\/schema.org\/BlogPosting\" itemprop=\"blogPost\" ><div class='avia_textblock  '   itemprop=\"text\" ><p class=\"v1MsoNormal\" style=\"text-align: justify;\">Una medida especial para trabajadoras y trabajadores del sector pesquero artesanal sin acceso al Bono Alivio Pyme, solicit\u00f3 la Gobernadora Regional de Ays\u00e9n, Andrea Mac\u00edas Palma, mediante oficio dirigido al Presidente de la Rep\u00fablica, Sebasti\u00e1n Pi\u00f1era.<\/p>\n<p class=\"v1MsoNormal\" style=\"text-align: justify;\">La autoridad afirm\u00f3 que se trata de trabajadores que cumplen funciones complementarias dentro de la cadena productiva pesquera, que no han accedido a apoyos enmarcados en la crisis derivada de la pandemia por covid-19.<\/p>\n<p class=\"v1MsoNormal\" style=\"text-align: justify;\">\u00abLa pesca artesanal tiene una serie de actividades conexas, donde hay muchas personas vinculadas a la pesca artesanal, no s\u00f3lo armadores, sino que tambi\u00e9n recolectores de orilla, algueros, buzos mariscadores y tripulantes, que tambi\u00e9n forman parte de aquellos que trabajan para hacer posible la pesca artesanal. En ese sentido, es absolutamente necesario, evaluar qu\u00e9 se va a hacer para dar una soluci\u00f3n que no puede ser la postulaci\u00f3n al IFE, sino que tiene que venir una alternativa como sector, porque han quedado fuera de toda la ayuda que ha brindado el Estado\u00bb, recalc\u00f3.<\/p>\n<p class=\"v1MsoNormal\" style=\"text-align: justify;\">Andrea Mac\u00edas a\u00f1adi\u00f3 que el sector artesanal requiere una atenci\u00f3n particular, ya que se trata de mujeres y hombres de mar que han permanecido desprotegidos desde la institucionalidad.<\/p>\n<p class=\"v1MsoNormal\" style=\"text-align: justify;\">\u00abEs emplazar a que el Gobierno pueda dar una soluci\u00f3n definitiva a estas personas. No puede ser que la obtenci\u00f3n de un bono est\u00e9 condicionada a la iniciaci\u00f3n de actividades. Contralor\u00eda ha determinado que el C\u00f3digo Tributario, en su art\u00edculo 68, faculta al Servicio de Impuestos Internos, para sustituir la iniciaci\u00f3n de actividades en primera categor\u00eda, lo que ser\u00eda un tremendo alivio, adem\u00e1s de poder definir todas las actividades conexas a la pesca artesanal y, de esa forma, llegar a cada una de las personas que requiere en este momento la ayuda del Estado\u00bb, concluy\u00f3.<\/p>\n<p class=\"v1MsoNormal\" style=\"text-align: justify;\">La Gobernadora Regional puntualiz\u00f3 que en ning\u00fan caso se trata de generar bonos permanentes, sino que una ayuda que no se ha recibido por parte de personas que han seguido trabajando a pesar de la adversidad de las condiciones.<\/p>\n<\/div><\/section><\/div><div  style='height:50px' class='hr hr-invisible   avia-builder-el-6  el_after_av_one_full  el_before_av_social_share '><span class='hr-inner ' ><span class='hr-inner-style'><\/span><\/span><\/div><\/p>\n<div  class='av-social-sharing-box  avia-builder-el-7  el_after_av_hr  el_before_av_hr  '><div class='av-share-box'><h5 class='av-share-link-description av-no-toc '>Compartir esta noticia<\/h5><ul class='av-share-box-list noLightbox'><li class='av-share-link av-social-link-facebook' ><a target=\"_blank\" aria-label=\"Compartir en Facebook\" href='https:\/\/www.facebook.com\/sharer.php?u=https:\/\/radiorevelacionfm.cl\/?p=7134&#038;t=Gobernadora%20solicit%C3%B3%20atenci%C3%B3n%20especial%20para%20sector%20pesquero%20artesanal%20sin%20acceso%20a%20Bono%20Alivio%20Pyme' aria-hidden='false' data-av_icon='\ue8f3' data-av_iconfont='entypo-fontello' title='' data-avia-related-tooltip='Compartir en Facebook' rel=\"noopener\"><span class='avia_hidden_link_text'>Compartir en Facebook<\/span><\/a><\/li><li class='av-share-link av-social-link-twitter' ><a target=\"_blank\" aria-label=\"Compartir en Twitter\" href='https:\/\/twitter.com\/share?text=Gobernadora%20solicit%C3%B3%20atenci%C3%B3n%20especial%20para%20sector%20pesquero%20artesanal%20sin%20acceso%20a%20Bono%20Alivio%20Pyme&#038;url=https:\/\/radiorevelacionfm.cl\/?p=7134' aria-hidden='false' data-av_icon='\ue8f1' data-av_iconfont='entypo-fontello' title='' data-avia-related-tooltip='Compartir en Twitter' rel=\"noopener\"><span class='avia_hidden_link_text'>Compartir en Twitter<\/span><\/a><\/li><li class='av-share-link av-social-link-whatsapp' ><a target=\"_blank\" aria-label=\"Compartir en Whatsapp\" href='https:\/\/api.whatsapp.com\/send?text=https:\/\/radiorevelacionfm.cl\/?p=7134' aria-hidden='false' data-av_icon='\uf232' data-av_iconfont='entypo-fontello' title='' data-avia-related-tooltip='Compartir en Whatsapp' rel=\"noopener\"><span class='avia_hidden_link_text'>Compartir en Whatsapp<\/span><\/a><\/li><li class='av-share-link av-social-link-linkedin' ><a target=\"_blank\" aria-label=\"Compartir en LinkedIn\" href='https:\/\/linkedin.com\/shareArticle?mini=true&#038;title=Gobernadora%20solicit%C3%B3%20atenci%C3%B3n%20especial%20para%20sector%20pesquero%20artesanal%20sin%20acceso%20a%20Bono%20Alivio%20Pyme&#038;url=https:\/\/radiorevelacionfm.cl\/?p=7134' aria-hidden='false' data-av_icon='\ue8fc' data-av_iconfont='entypo-fontello' title='' data-avia-related-tooltip='Compartir en LinkedIn' rel=\"noopener\"><span class='avia_hidden_link_text'>Compartir en LinkedIn<\/span><\/a><\/li><li class='av-share-link av-social-link-mail' ><a  aria-label=\"Compartir por correo\" href='mailto:?subject=Gobernadora%20solicit%C3%B3%20atenci%C3%B3n%20especial%20para%20sector%20pesquero%20artesanal%20sin%20acceso%20a%20Bono%20Alivio%20Pyme&#038;body=https:\/\/radiorevelacionfm.cl\/?p=7134' aria-hidden='false' data-av_icon='\ue805' data-av_iconfont='entypo-fontello' title='' data-avia-related-tooltip='Compartir por correo'><span class='avia_hidden_link_text'>Compartir por correo<\/span><\/a><\/li><\/ul><\/div><\/div>\n<div  style='height:50px' class='hr hr-invisible   avia-builder-el-8  el_after_av_social_share  el_before_av_comments_list '><span class='hr-inner ' ><span class='hr-inner-style'><\/span><\/span><\/div>\n<div  class='av-buildercomment  av-blog-meta-html-info-disabled av-blog-meta-tag-disabled  '><\/div>\n","protected":false},"excerpt":{"rendered":"","protected":false},"author":1,"featured_media":7135,"comment_status":"open","ping_status":"open","sticky":false,"template":"","format":"standard","meta":{"footnotes":""},"categories":[60,38],"tags":[],"class_list":["post-7134","post","type-post","status-publish","format-standard","has-post-thumbnail","hentry","category-pesca","category-regional"],"jetpack_featured_media_url":"https:\/\/radiorevelacionfm.cl\/wp-content\/uploads\/2021\/08\/pesca_img2485-1_optimized.jpg","_links":{"self":[{"href":"https:\/\/radiorevelacionfm.cl\/index.php?rest_route=\/wp\/v2\/posts\/7134","targetHints":{"allow":["GET"]}}],"collection":[{"href":"https:\/\/radiorevelacionfm.cl\/index.php?rest_route=\/wp\/v2\/posts"}],"about":[{"href":"https:\/\/radiorevelacionfm.cl\/index.php?rest_route=\/wp\/v2\/types\/post"}],"author":[{"embeddable":true,"href":"https:\/\/radiorevelacionfm.cl\/index.php?rest_route=\/wp\/v2\/users\/1"}],"replies":[{"embeddable":true,"href":"https:\/\/radiorevelacionfm.cl\/index.php?rest_route=%2Fwp%2Fv2%2Fcomments&post=7134"}],"version-history":[{"count":1,"href":"https:\/\/radiorevelacionfm.cl\/index.php?rest_route=\/wp\/v2\/posts\/7134\/revisions"}],"predecessor-version":[{"id":7136,"href":"https:\/\/radiorevelacionfm.cl\/index.php?rest_route=\/wp\/v2\/posts\/7134\/revisions\/7136"}],"wp:featuredmedia":[{"embeddable":true,"href":"https:\/\/radiorevelacionfm.cl\/index.php?rest_route=\/wp\/v2\/media\/7135"}],"wp:attachment":[{"href":"https:\/\/radiorevelacionfm.cl\/index.php?rest_route=%2Fwp%2Fv2%2Fmedia&parent=7134"}],"wp:term":[{"taxonomy":"category","embeddable":true,"href":"https:\/\/radiorevelacionfm.cl\/index.php?rest_route=%2Fwp%2Fv2%2Fcategories&post=7134"},{"taxonomy":"post_tag","embeddable":true,"href":"https:\/\/radiorevelacionfm.cl\/index.php?rest_route=%2Fwp%2Fv2%2Ftags&post=7134"}],"curies":[{"name":"wp","href":"https:\/\/api.w.org\/{rel}","templated":true}]}}