{"id":7130,"date":"2021-08-06T10:18:39","date_gmt":"2021-08-06T13:18:39","guid":{"rendered":"https:\/\/radiorevelacionfm.cl\/?p=7130"},"modified":"2021-08-06T10:18:39","modified_gmt":"2021-08-06T13:18:39","slug":"seremi-del-deporte-llama-a-respetar-nuevo-reglamento-de-convivencia-vial","status":"publish","type":"post","link":"https:\/\/radiorevelacionfm.cl\/?p=7130","title":{"rendered":"Seremi del Deporte llama a respetar nuevo reglamento de convivencia vial"},"content":{"rendered":"<div class=\"flex_column av_one_full  flex_column_div av-zero-column-padding first  avia-builder-el-0  el_before_av_one_full  avia-builder-el-first  \" style='border-radius:0px; '><div  class='avia-image-container  av-styling-    avia-builder-el-1  avia-builder-el-no-sibling  avia-align-center '  itemprop=\"image\" itemscope=\"itemscope\" itemtype=\"https:\/\/schema.org\/ImageObject\"  ><div class='avia-image-container-inner'><div class='avia-image-overlay-wrap'><img decoding=\"async\" class='wp-image-7132 avia-img-lazy-loading-not-7132 avia_image' src=\"https:\/\/radiorevelacionfm.cl\/wp-content\/uploads\/2021\/08\/c-1-1.jpg\" alt='' title='c (1) (1)' height=\"600\" width=\"800\"  itemprop=\"thumbnailUrl\" srcset=\"https:\/\/radiorevelacionfm.cl\/wp-content\/uploads\/2021\/08\/c-1-1.jpg 800w, https:\/\/radiorevelacionfm.cl\/wp-content\/uploads\/2021\/08\/c-1-1-300x225.jpg 300w, https:\/\/radiorevelacionfm.cl\/wp-content\/uploads\/2021\/08\/c-1-1-768x576.jpg 768w, https:\/\/radiorevelacionfm.cl\/wp-content\/uploads\/2021\/08\/c-1-1-705x529.jpg 705w, https:\/\/radiorevelacionfm.cl\/wp-content\/uploads\/2021\/08\/c-1-1-600x450.jpg 600w\" sizes=\"(max-width: 800px) 100vw, 800px\" \/><\/div><\/div><\/div><\/div><div class=\"flex_column av_one_full  flex_column_div av-zero-column-padding first  avia-builder-el-2  el_after_av_one_full  el_before_av_one_full  column-top-margin\" style='border-radius:0px; '><section class=\"av_textblock_section \"  itemscope=\"itemscope\" itemtype=\"https:\/\/schema.org\/BlogPosting\" itemprop=\"blogPost\" ><div class='avia_textblock  '   itemprop=\"text\" ><p style=\"text-align: center;\"><strong><span style=\"font-size: 18pt;\">Seremi del Deporte llama a respetar nuevo reglamento de convivencia vial <\/span><\/strong><\/p>\n<div id=\"gtx-trans\" style=\"position: absolute; left: -50px; top: 4.31534px;\">\n<div class=\"gtx-trans-icon\"><\/div>\n<\/div>\n<\/div><\/section><\/div><div class=\"flex_column av_one_full  flex_column_div av-zero-column-padding first  avia-builder-el-4  el_after_av_one_full  el_before_av_hr  column-top-margin\" style='border-radius:0px; '><section class=\"av_textblock_section \"  itemscope=\"itemscope\" itemtype=\"https:\/\/schema.org\/BlogPosting\" itemprop=\"blogPost\" ><div class='avia_textblock  '   itemprop=\"text\" ><p class=\"v1MsoNormal\" style=\"text-align: justify;\">El n\u00famero de ciclistas ha aumentado exponencialmente en nuestro pa\u00eds en los \u00faltimos a\u00f1os, motivados por los beneficios para la salud, como medio de transporte econ\u00f3mico y no contaminante y \u00faltimamente debido a la pandemia.<\/p>\n<p class=\"v1MsoNormal\" style=\"text-align: justify;\">Sin embargo, peri\u00f3dicamente se registran diversos accidentes que involucran a automovilistas, peatones y ciclistas. Frente a esta situaci\u00f3n el Ministerio de Transporte junto a Conaset dieron a conocer las nuevas medidas de seguridad vial para disminuir los riesgos de accidentes.<\/p>\n<p class=\"v1MsoNormal\" style=\"text-align: justify;\">En este sentido y a ra\u00edz del lamentable accidente que afect\u00f3 a un deportista del Club Coyhaique, el Seremi del Deporte, Rodrigo Cubilla Retamal explic\u00f3 \u00abqueremos hacer un llamado no solamente a los ciclistas a informarse de esta nueva normativa, sino tambi\u00e9n a los automovilistas y a los peatones para que respeten los espacios compartidos y a generar un\u00a0\u00a0cambio cultural facilitando la convivencia entre distintos usuarios, de esta forma nuestros deportistas, atletas y ciclistas podr\u00e1n entrenar m\u00e1s seguros por las diversas arterias y rutas de la regi\u00f3n\u00bb<\/p>\n<p class=\"v1MsoNormal\" style=\"text-align: justify;\">La nueva normativa incluye el traslado de animales dom\u00e9sticos, que pueden ser llevados siempre que no alteren la maniobrabilidad, ni interfieran la visual del conductor. Asimismo, quienes deseen transportar ni\u00f1os, deben contar con una silla o remolque y un casco que cumpla las normas internacionales.<\/p>\n<p class=\"v1MsoNormal\" style=\"text-align: justify;\">Asimismo, establece que los ciclos (bicicletas, scooter, etc.) deben tener sistema de frenos, huinchas o placas retrorreflectantes, un aparato sonoro, y focos de luz que deben permanecer encendidos media hora despu\u00e9s de la puesta de sol, hasta media hora antes de su salida; y cada vez que las condiciones de visibilidad lo requieran. El texto fue sometido a consulta ciudadana y participaron m\u00e1s de 300 personas naturales y jur\u00eddicas.<\/p>\n<p class=\"v1MsoNormal\" style=\"text-align: justify;\">Revisa el texto completo en\u00a0<a href=\"https:\/\/www.conaset.cl\/ley-de-convivencia-vial\/\" target=\"_blank\" rel=\"noopener noreferrer\">https:\/\/www.conaset.cl\/ley-de-convivencia-vial\/<\/a><\/p>\n<div style=\"text-align: justify;\"><\/div>\n<\/div><\/section><\/div><div  style='height:50px' class='hr hr-invisible   avia-builder-el-6  el_after_av_one_full  el_before_av_social_share '><span class='hr-inner ' ><span class='hr-inner-style'><\/span><\/span><\/div><\/p>\n<div  class='av-social-sharing-box  avia-builder-el-7  el_after_av_hr  el_before_av_hr  '><div class='av-share-box'><h5 class='av-share-link-description av-no-toc '>Compartir esta noticia<\/h5><ul class='av-share-box-list noLightbox'><li class='av-share-link av-social-link-facebook' ><a target=\"_blank\" aria-label=\"Compartir en Facebook\" href='https:\/\/www.facebook.com\/sharer.php?u=https:\/\/radiorevelacionfm.cl\/?p=7130&#038;t=Seremi%20del%20Deporte%20llama%20a%20respetar%20nuevo%20reglamento%20de%20convivencia%20vial' aria-hidden='false' data-av_icon='\ue8f3' data-av_iconfont='entypo-fontello' title='' data-avia-related-tooltip='Compartir en Facebook' rel=\"noopener\"><span class='avia_hidden_link_text'>Compartir en Facebook<\/span><\/a><\/li><li class='av-share-link av-social-link-twitter' ><a target=\"_blank\" aria-label=\"Compartir en Twitter\" href='https:\/\/twitter.com\/share?text=Seremi%20del%20Deporte%20llama%20a%20respetar%20nuevo%20reglamento%20de%20convivencia%20vial&#038;url=https:\/\/radiorevelacionfm.cl\/?p=7130' aria-hidden='false' data-av_icon='\ue8f1' data-av_iconfont='entypo-fontello' title='' data-avia-related-tooltip='Compartir en Twitter' rel=\"noopener\"><span class='avia_hidden_link_text'>Compartir en Twitter<\/span><\/a><\/li><li class='av-share-link av-social-link-whatsapp' ><a target=\"_blank\" aria-label=\"Compartir en Whatsapp\" href='https:\/\/api.whatsapp.com\/send?text=https:\/\/radiorevelacionfm.cl\/?p=7130' aria-hidden='false' data-av_icon='\uf232' data-av_iconfont='entypo-fontello' title='' data-avia-related-tooltip='Compartir en Whatsapp' rel=\"noopener\"><span class='avia_hidden_link_text'>Compartir en Whatsapp<\/span><\/a><\/li><li class='av-share-link av-social-link-linkedin' ><a target=\"_blank\" aria-label=\"Compartir en LinkedIn\" href='https:\/\/linkedin.com\/shareArticle?mini=true&#038;title=Seremi%20del%20Deporte%20llama%20a%20respetar%20nuevo%20reglamento%20de%20convivencia%20vial&#038;url=https:\/\/radiorevelacionfm.cl\/?p=7130' aria-hidden='false' data-av_icon='\ue8fc' data-av_iconfont='entypo-fontello' title='' data-avia-related-tooltip='Compartir en LinkedIn' rel=\"noopener\"><span class='avia_hidden_link_text'>Compartir en LinkedIn<\/span><\/a><\/li><li class='av-share-link av-social-link-mail' ><a  aria-label=\"Compartir por correo\" href='mailto:?subject=Seremi%20del%20Deporte%20llama%20a%20respetar%20nuevo%20reglamento%20de%20convivencia%20vial&#038;body=https:\/\/radiorevelacionfm.cl\/?p=7130' aria-hidden='false' data-av_icon='\ue805' data-av_iconfont='entypo-fontello' title='' data-avia-related-tooltip='Compartir por correo'><span class='avia_hidden_link_text'>Compartir por correo<\/span><\/a><\/li><\/ul><\/div><\/div>\n<div  style='height:50px' class='hr hr-invisible   avia-builder-el-8  el_after_av_social_share  el_before_av_comments_list '><span class='hr-inner ' ><span class='hr-inner-style'><\/span><\/span><\/div>\n<div  class='av-buildercomment  av-blog-meta-html-info-disabled av-blog-meta-tag-disabled  '><\/div>\n","protected":false},"excerpt":{"rendered":"","protected":false},"author":1,"featured_media":7132,"comment_status":"open","ping_status":"open","sticky":false,"template":"","format":"standard","meta":{"footnotes":""},"categories":[40],"tags":[],"class_list":["post-7130","post","type-post","status-publish","format-standard","has-post-thumbnail","hentry","category-deportes"],"jetpack_featured_media_url":"https:\/\/radiorevelacionfm.cl\/wp-content\/uploads\/2021\/08\/c-1-1.jpg","_links":{"self":[{"href":"https:\/\/radiorevelacionfm.cl\/index.php?rest_route=\/wp\/v2\/posts\/7130","targetHints":{"allow":["GET"]}}],"collection":[{"href":"https:\/\/radiorevelacionfm.cl\/index.php?rest_route=\/wp\/v2\/posts"}],"about":[{"href":"https:\/\/radiorevelacionfm.cl\/index.php?rest_route=\/wp\/v2\/types\/post"}],"author":[{"embeddable":true,"href":"https:\/\/radiorevelacionfm.cl\/index.php?rest_route=\/wp\/v2\/users\/1"}],"replies":[{"embeddable":true,"href":"https:\/\/radiorevelacionfm.cl\/index.php?rest_route=%2Fwp%2Fv2%2Fcomments&post=7130"}],"version-history":[{"count":1,"href":"https:\/\/radiorevelacionfm.cl\/index.php?rest_route=\/wp\/v2\/posts\/7130\/revisions"}],"predecessor-version":[{"id":7133,"href":"https:\/\/radiorevelacionfm.cl\/index.php?rest_route=\/wp\/v2\/posts\/7130\/revisions\/7133"}],"wp:featuredmedia":[{"embeddable":true,"href":"https:\/\/radiorevelacionfm.cl\/index.php?rest_route=\/wp\/v2\/media\/7132"}],"wp:attachment":[{"href":"https:\/\/radiorevelacionfm.cl\/index.php?rest_route=%2Fwp%2Fv2%2Fmedia&parent=7130"}],"wp:term":[{"taxonomy":"category","embeddable":true,"href":"https:\/\/radiorevelacionfm.cl\/index.php?rest_route=%2Fwp%2Fv2%2Fcategories&post=7130"},{"taxonomy":"post_tag","embeddable":true,"href":"https:\/\/radiorevelacionfm.cl\/index.php?rest_route=%2Fwp%2Fv2%2Ftags&post=7130"}],"curies":[{"name":"wp","href":"https:\/\/api.w.org\/{rel}","templated":true}]}}