{"id":7127,"date":"2021-08-07T12:02:28","date_gmt":"2021-08-07T15:02:28","guid":{"rendered":"https:\/\/radiorevelacionfm.cl\/?p=7127"},"modified":"2021-08-07T12:02:28","modified_gmt":"2021-08-07T15:02:28","slug":"sernameg-y-prodemu-afianzan-trabajo-colaborativo-en-atencion-de-violencia-contra-las-mujeres","status":"publish","type":"post","link":"https:\/\/radiorevelacionfm.cl\/?p=7127","title":{"rendered":"SernamEG y Prodemu afianzan trabajo colaborativo en atenci\u00f3n de Violencia contra las Mujeres"},"content":{"rendered":"<div class=\"flex_column av_one_full  flex_column_div av-zero-column-padding first  avia-builder-el-0  el_before_av_one_full  avia-builder-el-first  \" style='border-radius:0px; '><div  class='avia-image-container  av-styling-    avia-builder-el-1  avia-builder-el-no-sibling  avia-align-center '  itemprop=\"image\" itemscope=\"itemscope\" itemtype=\"https:\/\/schema.org\/ImageObject\"  ><div class='avia-image-container-inner'><div class='avia-image-overlay-wrap'><img decoding=\"async\" class='wp-image-7128 avia-img-lazy-loading-not-7128 avia_image' src=\"https:\/\/radiorevelacionfm.cl\/wp-content\/uploads\/2021\/08\/Actividad-SernamEG-PRODEMU-Equipos-Provinciales-1-1.jpg\" alt='' title='Actividad SernamEG - PRODEMU Equipos Provinciales (1) (1)' height=\"600\" width=\"1369\"  itemprop=\"thumbnailUrl\" srcset=\"https:\/\/radiorevelacionfm.cl\/wp-content\/uploads\/2021\/08\/Actividad-SernamEG-PRODEMU-Equipos-Provinciales-1-1.jpg 1369w, https:\/\/radiorevelacionfm.cl\/wp-content\/uploads\/2021\/08\/Actividad-SernamEG-PRODEMU-Equipos-Provinciales-1-1-300x131.jpg 300w, https:\/\/radiorevelacionfm.cl\/wp-content\/uploads\/2021\/08\/Actividad-SernamEG-PRODEMU-Equipos-Provinciales-1-1-1030x451.jpg 1030w, https:\/\/radiorevelacionfm.cl\/wp-content\/uploads\/2021\/08\/Actividad-SernamEG-PRODEMU-Equipos-Provinciales-1-1-768x337.jpg 768w, https:\/\/radiorevelacionfm.cl\/wp-content\/uploads\/2021\/08\/Actividad-SernamEG-PRODEMU-Equipos-Provinciales-1-1-705x309.jpg 705w, https:\/\/radiorevelacionfm.cl\/wp-content\/uploads\/2021\/08\/Actividad-SernamEG-PRODEMU-Equipos-Provinciales-1-1-600x263.jpg 600w\" sizes=\"(max-width: 1369px) 100vw, 1369px\" \/><\/div><\/div><\/div><\/div><div class=\"flex_column av_one_full  flex_column_div av-zero-column-padding first  avia-builder-el-2  el_after_av_one_full  el_before_av_one_full  column-top-margin\" style='border-radius:0px; '><section class=\"av_textblock_section \"  itemscope=\"itemscope\" itemtype=\"https:\/\/schema.org\/BlogPosting\" itemprop=\"blogPost\" ><div class='avia_textblock  '   itemprop=\"text\" ><p style=\"text-align: center;\"><strong><span style=\"font-size: 18pt;\">SernamEG y Prodemu afianzan trabajo colaborativo en atenci\u00f3n de Violencia contra las Mujeres<\/span><\/strong><\/p>\n<div id=\"gtx-trans\" style=\"position: absolute; left: -50px; top: 4.31534px;\">\n<div class=\"gtx-trans-icon\"><\/div>\n<\/div>\n<\/div><\/section><\/div><div class=\"flex_column av_one_full  flex_column_div av-zero-column-padding first  avia-builder-el-4  el_after_av_one_full  el_before_av_hr  column-top-margin\" style='border-radius:0px; '><section class=\"av_textblock_section \"  itemscope=\"itemscope\" itemtype=\"https:\/\/schema.org\/BlogPosting\" itemprop=\"blogPost\" ><div class='avia_textblock  '   itemprop=\"text\" ><p style=\"font-weight: 400; text-align: justify;\">En el marco del Acuerdo Operativo Regional 2021, entre el Servicio Nacional de la Mujer y la Equidad de G\u00e9nero, SernamEG, y la Fundaci\u00f3n para la Promoci\u00f3n y Desarrollo de la Mujer, PRODEMU, se realiz\u00f3 un espacio de an\u00e1lisis y conversaci\u00f3n sobre la Violencia contra las Mujeres; y al mismo tiempo, desde una mirada pr\u00e1ctica, la pertinencia de una derivaci\u00f3n oportuna.<\/p>\n<p style=\"font-weight: 400; text-align: justify;\">La Directora Regional de SernamEG, Elizabeth Guti\u00e9rrez Eggers, sostuvo que \u201cPRODEMU es la instituci\u00f3n aliada m\u00e1s importante que tenemos en la Regi\u00f3n ya que nos posibilita conectar con el territorio, porque estamos presentes f\u00edsicamente s\u00f3lo en las comunas de Coyhaique y Ays\u00e9n. Por lo tanto, el trabajo que ustedes realizan es significativo, ya que nos permite llegar donde no estamos. Esta jornada sirve adem\u00e1s para ver de qu\u00e9 forma nos pueden ayudar en la derivaci\u00f3n de situaciones complejas que est\u00e9n viviendo las mujeres en materia de violencia en sus vidas\u201d.<\/p>\n<p style=\"font-weight: 400; text-align: justify;\">Por su parte, la Directora Ejecutiva Regional de PRODEMU, Marlene Julio Schweitzer, dijo: \u201cen pandemia, al igual que ellas, PRODEMU no ha bajado los brazos y se ha adaptado a la nueva forma de vida para acompa\u00f1ar incansablemente a las mujeres de todos los rincones de nuestra Regi\u00f3n. Hacemos un llamado a la corresponsabilidad social, como comunidad debemos acompa\u00f1ar a la mujer v\u00edctima de violencia, ella no puede ser la \u00fanica responsable de denuncia; por eso, es importante fortalecer esta red porque la violencia contra la mujer, es una dura realidad que nos afecta y nos involucra a todos como sociedad\u201d\u201d.<\/p>\n<p style=\"font-weight: 400; text-align: justify;\">En la actividad, expusieron las profesionales de la Unidad de Violencia contra las Mujeres de la Direcci\u00f3n Regional de SernamEG \u2013 Carla Arriagada Malague\u00f1o y Leyla Vargas Pinochet- quienes adem\u00e1s respondieron las consultas sobre la aplicaci\u00f3n de la pauta de derivaci\u00f3n de todos los equipos de PRODEMU, desplegados en el territorio regional, liderados por las coordinadoras provinciales de General Carrera y Capit\u00e1n Prat &#8211; Cecilia Ordo\u00f1ez Lemus y Ada Figueroa Gallardo-.<\/p>\n<p style=\"font-weight: 400; text-align: justify;\">La iniciativa conjunta responde a una de las necesidades detectadas por la Mesa Regional del Convenio SernamEG \u2013 PRODEMU. Este acuerdo suscrito a nivel nacional entre ambas instituciones, posibilita que SernamEG traspase recursos a PRODEMU para implementar programas vinculados a su oferta program\u00e1tica. En tanto, la instituci\u00f3n de derecho privado sin fines de lucro \u2013 que pertenece a la Red de Fundaciones de la Presidencia de la Rep\u00fablica- asume la tarea de ejecutar l\u00edneas program\u00e1ticas pertinentes para que las mujeres alcancen mayor autonom\u00eda f\u00edsica, econ\u00f3mica y para la toma de decisiones.<\/p>\n<\/div><\/section><\/div><div  style='height:50px' class='hr hr-invisible   avia-builder-el-6  el_after_av_one_full  el_before_av_social_share '><span class='hr-inner ' ><span class='hr-inner-style'><\/span><\/span><\/div><\/p>\n<div  class='av-social-sharing-box  avia-builder-el-7  el_after_av_hr  el_before_av_hr  '><div class='av-share-box'><h5 class='av-share-link-description av-no-toc '>Compartir esta noticia<\/h5><ul class='av-share-box-list noLightbox'><li class='av-share-link av-social-link-facebook' ><a target=\"_blank\" aria-label=\"Compartir en Facebook\" href='https:\/\/www.facebook.com\/sharer.php?u=https:\/\/radiorevelacionfm.cl\/?p=7127&#038;t=SernamEG%20y%20Prodemu%20afianzan%20trabajo%20colaborativo%20en%20atenci%C3%B3n%20de%20Violencia%20contra%20las%20Mujeres' aria-hidden='false' data-av_icon='\ue8f3' data-av_iconfont='entypo-fontello' title='' data-avia-related-tooltip='Compartir en Facebook' rel=\"noopener\"><span class='avia_hidden_link_text'>Compartir en Facebook<\/span><\/a><\/li><li class='av-share-link av-social-link-twitter' ><a target=\"_blank\" aria-label=\"Compartir en Twitter\" href='https:\/\/twitter.com\/share?text=SernamEG%20y%20Prodemu%20afianzan%20trabajo%20colaborativo%20en%20atenci%C3%B3n%20de%20Violencia%20contra%20las%20Mujeres&#038;url=https:\/\/radiorevelacionfm.cl\/?p=7127' aria-hidden='false' data-av_icon='\ue8f1' data-av_iconfont='entypo-fontello' title='' data-avia-related-tooltip='Compartir en Twitter' rel=\"noopener\"><span class='avia_hidden_link_text'>Compartir en Twitter<\/span><\/a><\/li><li class='av-share-link av-social-link-whatsapp' ><a target=\"_blank\" aria-label=\"Compartir en Whatsapp\" href='https:\/\/api.whatsapp.com\/send?text=https:\/\/radiorevelacionfm.cl\/?p=7127' aria-hidden='false' data-av_icon='\uf232' data-av_iconfont='entypo-fontello' title='' data-avia-related-tooltip='Compartir en Whatsapp' rel=\"noopener\"><span class='avia_hidden_link_text'>Compartir en Whatsapp<\/span><\/a><\/li><li class='av-share-link av-social-link-linkedin' ><a target=\"_blank\" aria-label=\"Compartir en LinkedIn\" href='https:\/\/linkedin.com\/shareArticle?mini=true&#038;title=SernamEG%20y%20Prodemu%20afianzan%20trabajo%20colaborativo%20en%20atenci%C3%B3n%20de%20Violencia%20contra%20las%20Mujeres&#038;url=https:\/\/radiorevelacionfm.cl\/?p=7127' aria-hidden='false' data-av_icon='\ue8fc' data-av_iconfont='entypo-fontello' title='' data-avia-related-tooltip='Compartir en LinkedIn' rel=\"noopener\"><span class='avia_hidden_link_text'>Compartir en LinkedIn<\/span><\/a><\/li><li class='av-share-link av-social-link-mail' ><a  aria-label=\"Compartir por correo\" href='mailto:?subject=SernamEG%20y%20Prodemu%20afianzan%20trabajo%20colaborativo%20en%20atenci%C3%B3n%20de%20Violencia%20contra%20las%20Mujeres&#038;body=https:\/\/radiorevelacionfm.cl\/?p=7127' aria-hidden='false' data-av_icon='\ue805' data-av_iconfont='entypo-fontello' title='' data-avia-related-tooltip='Compartir por correo'><span class='avia_hidden_link_text'>Compartir por correo<\/span><\/a><\/li><\/ul><\/div><\/div>\n<div  style='height:50px' class='hr hr-invisible   avia-builder-el-8  el_after_av_social_share  el_before_av_comments_list '><span class='hr-inner ' ><span class='hr-inner-style'><\/span><\/span><\/div>\n<div  class='av-buildercomment  av-blog-meta-html-info-disabled av-blog-meta-tag-disabled  '><\/div>\n","protected":false},"excerpt":{"rendered":"","protected":false},"author":1,"featured_media":7128,"comment_status":"open","ping_status":"open","sticky":false,"template":"","format":"standard","meta":{"footnotes":""},"categories":[38],"tags":[],"class_list":["post-7127","post","type-post","status-publish","format-standard","has-post-thumbnail","hentry","category-regional"],"jetpack_featured_media_url":"https:\/\/radiorevelacionfm.cl\/wp-content\/uploads\/2021\/08\/Actividad-SernamEG-PRODEMU-Equipos-Provinciales-1-1.jpg","_links":{"self":[{"href":"https:\/\/radiorevelacionfm.cl\/index.php?rest_route=\/wp\/v2\/posts\/7127","targetHints":{"allow":["GET"]}}],"collection":[{"href":"https:\/\/radiorevelacionfm.cl\/index.php?rest_route=\/wp\/v2\/posts"}],"about":[{"href":"https:\/\/radiorevelacionfm.cl\/index.php?rest_route=\/wp\/v2\/types\/post"}],"author":[{"embeddable":true,"href":"https:\/\/radiorevelacionfm.cl\/index.php?rest_route=\/wp\/v2\/users\/1"}],"replies":[{"embeddable":true,"href":"https:\/\/radiorevelacionfm.cl\/index.php?rest_route=%2Fwp%2Fv2%2Fcomments&post=7127"}],"version-history":[{"count":1,"href":"https:\/\/radiorevelacionfm.cl\/index.php?rest_route=\/wp\/v2\/posts\/7127\/revisions"}],"predecessor-version":[{"id":7129,"href":"https:\/\/radiorevelacionfm.cl\/index.php?rest_route=\/wp\/v2\/posts\/7127\/revisions\/7129"}],"wp:featuredmedia":[{"embeddable":true,"href":"https:\/\/radiorevelacionfm.cl\/index.php?rest_route=\/wp\/v2\/media\/7128"}],"wp:attachment":[{"href":"https:\/\/radiorevelacionfm.cl\/index.php?rest_route=%2Fwp%2Fv2%2Fmedia&parent=7127"}],"wp:term":[{"taxonomy":"category","embeddable":true,"href":"https:\/\/radiorevelacionfm.cl\/index.php?rest_route=%2Fwp%2Fv2%2Fcategories&post=7127"},{"taxonomy":"post_tag","embeddable":true,"href":"https:\/\/radiorevelacionfm.cl\/index.php?rest_route=%2Fwp%2Fv2%2Ftags&post=7127"}],"curies":[{"name":"wp","href":"https:\/\/api.w.org\/{rel}","templated":true}]}}