{"id":7125,"date":"2021-08-05T20:33:50","date_gmt":"2021-08-05T23:33:50","guid":{"rendered":"https:\/\/radiorevelacionfm.cl\/?p=7125"},"modified":"2021-08-05T20:33:50","modified_gmt":"2021-08-05T23:33:50","slug":"adolescente-de-14-anos-es-detenido-y-formalizado-por-dos-robos-quedando-en-internacion-provisoria","status":"publish","type":"post","link":"https:\/\/radiorevelacionfm.cl\/?p=7125","title":{"rendered":"Adolescente de 14 a\u00f1os es detenido y formalizado por dos robos, quedando en internaci\u00f3n provisoria"},"content":{"rendered":"<div class=\"flex_column av_one_full  flex_column_div av-zero-column-padding first  avia-builder-el-0  el_before_av_one_full  avia-builder-el-first  \" style='border-radius:0px; '><div  class='avia-image-container  av-styling-    avia-builder-el-1  avia-builder-el-no-sibling  avia-align-center '  itemprop=\"image\" itemscope=\"itemscope\" itemtype=\"https:\/\/schema.org\/ImageObject\"  ><div class='avia-image-container-inner'><div class='avia-image-overlay-wrap'><img decoding=\"async\" class='wp-image-2523 avia-img-lazy-loading-not-2523 avia_image' src=\"https:\/\/radiorevelacionfm.cl\/wp-content\/uploads\/2021\/02\/PDI_20180317175640-1.jpg\" alt='' title='PDI_20180317175640 (1)' height=\"620\" width=\"820\"  itemprop=\"thumbnailUrl\" srcset=\"https:\/\/radiorevelacionfm.cl\/wp-content\/uploads\/2021\/02\/PDI_20180317175640-1.jpg 820w, https:\/\/radiorevelacionfm.cl\/wp-content\/uploads\/2021\/02\/PDI_20180317175640-1-300x227.jpg 300w, https:\/\/radiorevelacionfm.cl\/wp-content\/uploads\/2021\/02\/PDI_20180317175640-1-768x581.jpg 768w, https:\/\/radiorevelacionfm.cl\/wp-content\/uploads\/2021\/02\/PDI_20180317175640-1-705x533.jpg 705w, https:\/\/radiorevelacionfm.cl\/wp-content\/uploads\/2021\/02\/PDI_20180317175640-1-600x454.jpg 600w\" sizes=\"(max-width: 820px) 100vw, 820px\" \/><\/div><\/div><\/div><\/div><div class=\"flex_column av_one_full  flex_column_div av-zero-column-padding first  avia-builder-el-2  el_after_av_one_full  el_before_av_one_full  column-top-margin\" style='border-radius:0px; '><section class=\"av_textblock_section \"  itemscope=\"itemscope\" itemtype=\"https:\/\/schema.org\/BlogPosting\" itemprop=\"blogPost\" ><div class='avia_textblock  '   itemprop=\"text\" ><p style=\"text-align: center;\"><strong><span style=\"font-size: 18pt;\">Adolescente de 14 a\u00f1os es detenido y formalizado por dos robos, quedando en internaci\u00f3n provisoria <\/span><\/strong><\/p>\n<div id=\"gtx-trans\" style=\"position: absolute; left: -50px; top: 4.31534px;\">\n<div class=\"gtx-trans-icon\"><\/div>\n<\/div>\n<\/div><\/section><\/div><div class=\"flex_column av_one_full  flex_column_div av-zero-column-padding first  avia-builder-el-4  el_after_av_one_full  el_before_av_hr  column-top-margin\" style='border-radius:0px; '><section class=\"av_textblock_section \"  itemscope=\"itemscope\" itemtype=\"https:\/\/schema.org\/BlogPosting\" itemprop=\"blogPost\" ><div class='avia_textblock  '   itemprop=\"text\" ><p style=\"text-align: justify;\">Como parte de un trabajo investigativo conjunto entre la Brigada Investigadora de Robos Coyhaique de la Polic\u00eda de Investigaciones y la Fiscal\u00eda Local de Coyhaique, durante la tarde del mi\u00e9rcoles 4 de agosto detectives de la unidad especializada detuvieron a un adolescente de 14 a\u00f1os imputado por los delitos de robo en lugar habitado, el cual afect\u00f3 a una vivienda y local comercial, y un segundo robo con violencia, donde la v\u00edctima fue un joven de 18 a\u00f1os. El menor de edad fue formalizado durante la jornada del jueves 5 de agosto ante el Juzgado de Garant\u00eda de la ciudad.<\/p>\n<p style=\"text-align: justify;\">El subjefe de la unidad especializada, comisario Ren\u00e9 Quintanilla, indic\u00f3 que \u201cLa detenci\u00f3n se produjo el d\u00eda mi\u00e9rcoles en horas de la tarde, luego de realizar diversas indagaciones y auscultaciones para poder ubicar a esta persona que era requerida por el Tribunal de Coyhaique, fue as\u00ed que detectives de la brigada especializada se abocaron a la b\u00fasqueda de esta persona, siendo detenida en la v\u00eda p\u00fablica en las cercan\u00edas del domicilio de un familiar\u201d.<\/p>\n<p style=\"text-align: justify;\">Seg\u00fan explic\u00f3 el fiscal Alex Olivero, en la audiencia se solicit\u00f3 la internaci\u00f3n provisoria del imputado, la cual fue concedida por el Tribunal. \u201cSe lo formaliz\u00f3 por dos delitos. El primero ocurri\u00f3 en el mes de junio, que es el robo a un domicilio y local comercial, donde en compa\u00f1\u00eda de otro sujeto, ingresaron al mismo y sustrajeron un Play Station y tambi\u00e9n diversas mercader\u00edas consistentes en cigarrillos y dinero en efectivo\u201d, d\u00e1ndose a la fuga del lugar.<\/p>\n<p style=\"text-align: justify;\">Con estos antecedentes, \u201clos detectives de la brigada especializada iniciaron las indagaciones junto al Laboratorio de Criminal\u00edstica quienes, gracias a la pericia huellogr\u00e1fica, pudieron establecer fehaciente y cient\u00edficamente la participaci\u00f3n de un adolescente que manten\u00eda sus huellas en uno de los lugares periciados en el sitio de suceso\u201d, detall\u00f3 el comisario Quintanilla sobre el trabajo investigativo de la unidad especializada.<\/p>\n<p style=\"text-align: justify;\">El segundo delito, a\u00f1adi\u00f3 el fiscal Olivero, ocurri\u00f3 en el mes de julio, cuando \u201cun joven transitaba en la v\u00eda p\u00fablica, se le acercaron cuatro personas, trataron de arrebatarle el tel\u00e9fono ya que estaba haciendo una llamada, \u00e9l se resisti\u00f3 y uno de ellos -el imputado que fue formalizado- le propin\u00f3 un corte con un cuchillo caus\u00e1ndole una lesi\u00f3n en la zona abdominal\u201d.<\/p>\n<p style=\"text-align: justify;\">\u201cEn este delito se logr\u00f3 establecer su participaci\u00f3n gracias a las entrevistas y al trabajo en el sitio de suceso\u201d, se\u00f1al\u00f3 el subjefe de la BIRO Coyhaique, agregando que \u201cdurante la investigaci\u00f3n se pudo establecer que la persona que agredi\u00f3 a la v\u00edctima se trataba del mismo adolescente que hab\u00eda ingresado a robar al domicilio y local comercial en el mes de junio, quien fue identificado mediante reconocimiento fotogr\u00e1fico\u201d.<\/p>\n<p style=\"text-align: justify;\">El persecutor penal agreg\u00f3 que es parte de la investigaci\u00f3n tratar de identificar a los dem\u00e1s imputados en ambas causas, diligencias que est\u00e1n siendo efectuadas por la Brigada Investigadora de Robos de la PDI. El plazo para el t\u00e9rmino de la investigaci\u00f3n fue fijado en 45 d\u00edas.<\/p>\n<p style=\"text-align: justify;\">Finalmente, el comisario Quintanilla dijo que \u201cen relaci\u00f3n a estos dos delitos, como PDI hacemos un llamado a la ciudadan\u00eda a realizar las denuncias de los hechos de los que son v\u00edctimas para obtener esta informaci\u00f3n que permitir\u00e1 identificar patrones delictuales\u201d.<\/p>\n<\/div><\/section><\/div><div  style='height:50px' class='hr hr-invisible   avia-builder-el-6  el_after_av_one_full  el_before_av_social_share '><span class='hr-inner ' ><span class='hr-inner-style'><\/span><\/span><\/div><\/p>\n<div  class='av-social-sharing-box  avia-builder-el-7  el_after_av_hr  el_before_av_hr  '><div class='av-share-box'><h5 class='av-share-link-description av-no-toc '>Compartir esta noticia<\/h5><ul class='av-share-box-list noLightbox'><li class='av-share-link av-social-link-facebook' ><a target=\"_blank\" aria-label=\"Compartir en Facebook\" href='https:\/\/www.facebook.com\/sharer.php?u=https:\/\/radiorevelacionfm.cl\/?p=7125&#038;t=Adolescente%20de%2014%20a%C3%B1os%20es%20detenido%20y%20formalizado%20por%20dos%20robos%2C%20quedando%20en%20internaci%C3%B3n%20provisoria' aria-hidden='false' data-av_icon='\ue8f3' data-av_iconfont='entypo-fontello' title='' data-avia-related-tooltip='Compartir en Facebook' rel=\"noopener\"><span class='avia_hidden_link_text'>Compartir en Facebook<\/span><\/a><\/li><li class='av-share-link av-social-link-twitter' ><a target=\"_blank\" aria-label=\"Compartir en Twitter\" href='https:\/\/twitter.com\/share?text=Adolescente%20de%2014%20a%C3%B1os%20es%20detenido%20y%20formalizado%20por%20dos%20robos%2C%20quedando%20en%20internaci%C3%B3n%20provisoria&#038;url=https:\/\/radiorevelacionfm.cl\/?p=7125' aria-hidden='false' data-av_icon='\ue8f1' data-av_iconfont='entypo-fontello' title='' data-avia-related-tooltip='Compartir en Twitter' rel=\"noopener\"><span class='avia_hidden_link_text'>Compartir en Twitter<\/span><\/a><\/li><li class='av-share-link av-social-link-whatsapp' ><a target=\"_blank\" aria-label=\"Compartir en Whatsapp\" href='https:\/\/api.whatsapp.com\/send?text=https:\/\/radiorevelacionfm.cl\/?p=7125' aria-hidden='false' data-av_icon='\uf232' data-av_iconfont='entypo-fontello' title='' data-avia-related-tooltip='Compartir en Whatsapp' rel=\"noopener\"><span class='avia_hidden_link_text'>Compartir en Whatsapp<\/span><\/a><\/li><li class='av-share-link av-social-link-linkedin' ><a target=\"_blank\" aria-label=\"Compartir en LinkedIn\" href='https:\/\/linkedin.com\/shareArticle?mini=true&#038;title=Adolescente%20de%2014%20a%C3%B1os%20es%20detenido%20y%20formalizado%20por%20dos%20robos%2C%20quedando%20en%20internaci%C3%B3n%20provisoria&#038;url=https:\/\/radiorevelacionfm.cl\/?p=7125' aria-hidden='false' data-av_icon='\ue8fc' data-av_iconfont='entypo-fontello' title='' data-avia-related-tooltip='Compartir en LinkedIn' rel=\"noopener\"><span class='avia_hidden_link_text'>Compartir en LinkedIn<\/span><\/a><\/li><li class='av-share-link av-social-link-mail' ><a  aria-label=\"Compartir por correo\" href='mailto:?subject=Adolescente%20de%2014%20a%C3%B1os%20es%20detenido%20y%20formalizado%20por%20dos%20robos%2C%20quedando%20en%20internaci%C3%B3n%20provisoria&#038;body=https:\/\/radiorevelacionfm.cl\/?p=7125' aria-hidden='false' data-av_icon='\ue805' data-av_iconfont='entypo-fontello' title='' data-avia-related-tooltip='Compartir por correo'><span class='avia_hidden_link_text'>Compartir por correo<\/span><\/a><\/li><\/ul><\/div><\/div>\n<div  style='height:50px' class='hr hr-invisible   avia-builder-el-8  el_after_av_social_share  el_before_av_comments_list '><span class='hr-inner ' ><span class='hr-inner-style'><\/span><\/span><\/div>\n<div  class='av-buildercomment  av-blog-meta-html-info-disabled av-blog-meta-tag-disabled  '><\/div>\n","protected":false},"excerpt":{"rendered":"","protected":false},"author":1,"featured_media":2523,"comment_status":"open","ping_status":"open","sticky":false,"template":"","format":"standard","meta":{"footnotes":""},"categories":[36],"tags":[],"class_list":["post-7125","post","type-post","status-publish","format-standard","has-post-thumbnail","hentry","category-policial"],"jetpack_featured_media_url":"https:\/\/radiorevelacionfm.cl\/wp-content\/uploads\/2021\/02\/PDI_20180317175640-1.jpg","_links":{"self":[{"href":"https:\/\/radiorevelacionfm.cl\/index.php?rest_route=\/wp\/v2\/posts\/7125","targetHints":{"allow":["GET"]}}],"collection":[{"href":"https:\/\/radiorevelacionfm.cl\/index.php?rest_route=\/wp\/v2\/posts"}],"about":[{"href":"https:\/\/radiorevelacionfm.cl\/index.php?rest_route=\/wp\/v2\/types\/post"}],"author":[{"embeddable":true,"href":"https:\/\/radiorevelacionfm.cl\/index.php?rest_route=\/wp\/v2\/users\/1"}],"replies":[{"embeddable":true,"href":"https:\/\/radiorevelacionfm.cl\/index.php?rest_route=%2Fwp%2Fv2%2Fcomments&post=7125"}],"version-history":[{"count":1,"href":"https:\/\/radiorevelacionfm.cl\/index.php?rest_route=\/wp\/v2\/posts\/7125\/revisions"}],"predecessor-version":[{"id":7126,"href":"https:\/\/radiorevelacionfm.cl\/index.php?rest_route=\/wp\/v2\/posts\/7125\/revisions\/7126"}],"wp:featuredmedia":[{"embeddable":true,"href":"https:\/\/radiorevelacionfm.cl\/index.php?rest_route=\/wp\/v2\/media\/2523"}],"wp:attachment":[{"href":"https:\/\/radiorevelacionfm.cl\/index.php?rest_route=%2Fwp%2Fv2%2Fmedia&parent=7125"}],"wp:term":[{"taxonomy":"category","embeddable":true,"href":"https:\/\/radiorevelacionfm.cl\/index.php?rest_route=%2Fwp%2Fv2%2Fcategories&post=7125"},{"taxonomy":"post_tag","embeddable":true,"href":"https:\/\/radiorevelacionfm.cl\/index.php?rest_route=%2Fwp%2Fv2%2Ftags&post=7125"}],"curies":[{"name":"wp","href":"https:\/\/api.w.org\/{rel}","templated":true}]}}