{"id":7120,"date":"2021-08-06T11:24:14","date_gmt":"2021-08-06T14:24:14","guid":{"rendered":"https:\/\/radiorevelacionfm.cl\/?p=7120"},"modified":"2021-08-06T11:24:14","modified_gmt":"2021-08-06T14:24:14","slug":"agosto-llega-con-actividades-presenciales-a-la-corporacion-cultural-de-coyhaique","status":"publish","type":"post","link":"https:\/\/radiorevelacionfm.cl\/?p=7120","title":{"rendered":"Agosto llega con actividades presenciales a la Corporaci\u00f3n Cultural de Coyhaique"},"content":{"rendered":"<div class=\"flex_column av_one_full  flex_column_div av-zero-column-padding first  avia-builder-el-0  el_before_av_one_full  avia-builder-el-first  \" style='border-radius:0px; '><div  class='avia-image-container  av-styling-    avia-builder-el-1  avia-builder-el-no-sibling  avia-align-center '  itemprop=\"image\" itemscope=\"itemscope\" itemtype=\"https:\/\/schema.org\/ImageObject\"  ><div class='avia-image-container-inner'><div class='avia-image-overlay-wrap'><img decoding=\"async\" class='wp-image-7121 avia-img-lazy-loading-not-7121 avia_image' src=\"https:\/\/radiorevelacionfm.cl\/wp-content\/uploads\/2021\/08\/Centro-Cultural-1-1.jpg\" alt='' title='Centro Cultural (1) (1)' height=\"600\" width=\"902\"  itemprop=\"thumbnailUrl\" srcset=\"https:\/\/radiorevelacionfm.cl\/wp-content\/uploads\/2021\/08\/Centro-Cultural-1-1.jpg 902w, https:\/\/radiorevelacionfm.cl\/wp-content\/uploads\/2021\/08\/Centro-Cultural-1-1-300x200.jpg 300w, https:\/\/radiorevelacionfm.cl\/wp-content\/uploads\/2021\/08\/Centro-Cultural-1-1-768x511.jpg 768w, https:\/\/radiorevelacionfm.cl\/wp-content\/uploads\/2021\/08\/Centro-Cultural-1-1-705x469.jpg 705w, https:\/\/radiorevelacionfm.cl\/wp-content\/uploads\/2021\/08\/Centro-Cultural-1-1-600x399.jpg 600w\" sizes=\"(max-width: 902px) 100vw, 902px\" \/><\/div><\/div><\/div><\/div><div class=\"flex_column av_one_full  flex_column_div av-zero-column-padding first  avia-builder-el-2  el_after_av_one_full  el_before_av_one_full  column-top-margin\" style='border-radius:0px; '><section class=\"av_textblock_section \"  itemscope=\"itemscope\" itemtype=\"https:\/\/schema.org\/BlogPosting\" itemprop=\"blogPost\" ><div class='avia_textblock  '   itemprop=\"text\" ><p style=\"text-align: center;\"><strong><span style=\"font-size: 18pt;\">Agosto llega con actividades presenciales a la Corporaci\u00f3n Cultural de Coyhaique <\/span><\/strong><\/p>\n<div id=\"gtx-trans\" style=\"position: absolute; left: -50px; top: 4.31534px;\">\n<div class=\"gtx-trans-icon\"><\/div>\n<\/div>\n<\/div><\/section><\/div><div class=\"flex_column av_one_full  flex_column_div av-zero-column-padding first  avia-builder-el-4  el_after_av_one_full  el_before_av_hr  column-top-margin\" style='border-radius:0px; '><section class=\"av_textblock_section \"  itemscope=\"itemscope\" itemtype=\"https:\/\/schema.org\/BlogPosting\" itemprop=\"blogPost\" ><div class='avia_textblock  '   itemprop=\"text\" ><p style=\"text-align: justify;\">A s\u00f3lo un mes de levantada la cuarentena la Corporaci\u00f3n Cultural Municipal de Coyhaique ha continuado con una serie de actividades online que se ven\u00edan desarrollando y adem\u00e1s se alista para que en agosto se comience a instalar la presencialidad a trav\u00e9s de obras de ferias, teatro, charlas, exhibici\u00f3n de conciertos y talleres con elencos, agrupaciones y monitores regionales. La idea es retomar las actividades con asistencia de p\u00fablico en las salas respetando los aforos y todas las normas e instrucciones sanitarias, enfatizando los procesos de higienizaci\u00f3n y distanciamiento social para mayor seguridad de los y las asistentes.<\/p>\n<p style=\"text-align: justify;\">Carlos Gatica, alcalde de Coyhaique, explic\u00f3 que se han preparado una serie de actividades en distintos sectores de la comuna en el marco de la celebraci\u00f3n del d\u00eda del ni\u00f1o y la ni\u00f1a, pero adem\u00e1s de lo planificado por la Oficina de Cultura y la misma Oficina de Protecci\u00f3n de Derechos de la Municipalidad se espera retomar gradualmente desde agosto la presencialidad en la Corporaci\u00f3n Cultural de Coyhaique. \u201cNo s\u00f3lo exhibiremos conciertos y obras de teatro que hemos ido registrando durante este tiempo de pandemia a trav\u00e9s de distintas iniciativas cofinanciadas por Gobierno Regional o al Ministerio de las Culturas, las Artes y el Patrimonio, sino que tendremos funciones en vivo, ferias abiertas al p\u00fablico y talleres presenciales. Respetando todas las recomendaciones y protocolos sanitarios abrimos el principal espacio cultural de la Regi\u00f3n de Ays\u00e9n e invitamos a toda nuestra comunidad a informarse y participar de nuestras actividades, especialmente ahora que hemos avanzado a Fase 4\u201d.<\/p>\n<p style=\"text-align: justify;\">Al conversatorio de ayer jueves sobre el radioteatro \u201cZurciendo Relatos\u201d, hoy viernes a las 17,30 horas se le suma el Concierto abierto al p\u00fablico del Conservatorio de M\u00fasica, mientras que la pr\u00f3xima semana contin\u00faa con la obra online de \u201cDon Vivenciolo\u201d el d\u00eda martes a las 19,00 horas, el jueves la funci\u00f3n presencial de \u201cMarea Roja\u201d a las 18,00 horas y a la misma hora \u00a0el d\u00eda s\u00e1bado a trav\u00e9s de redes sociales el concierto de \u201cEfecto Arrebol\u201d el que se repetir\u00e1 el lunes 17, para dar paso a las obras online y presencial de \u201cHuevo Revuelto\u201d y \u201cLos Comebasuras\u201d ambas a las 18,00 horas, mismo horario para los conciertos del lunes y s\u00e1bado de \u201cLuciano Abuad\u201d, actividades que continuaran durante todo el mes y que ser\u00e1n complementadas por el lanzamiento de una serie de talleres de artes visuales gratuitos y presenciales en Acuarela, Ilustraci\u00f3n Bot\u00e1nica, Escultura, Teor\u00eda del Dibujo, Arte Urbano, adem\u00e1s de la Feria de Artesanos y Muestras de Oficios y la semi presencialidad de los coros adulto y escolar: \u201cVoces de Coyhaique\u201d.<\/p>\n<\/div><\/section><\/div><div  style='height:50px' class='hr hr-invisible   avia-builder-el-6  el_after_av_one_full  el_before_av_social_share '><span class='hr-inner ' ><span class='hr-inner-style'><\/span><\/span><\/div><\/p>\n<div  class='av-social-sharing-box  avia-builder-el-7  el_after_av_hr  el_before_av_hr  '><div class='av-share-box'><h5 class='av-share-link-description av-no-toc '>Compartir esta noticia<\/h5><ul class='av-share-box-list noLightbox'><li class='av-share-link av-social-link-facebook' ><a target=\"_blank\" aria-label=\"Compartir en Facebook\" href='https:\/\/www.facebook.com\/sharer.php?u=https:\/\/radiorevelacionfm.cl\/?p=7120&#038;t=Agosto%20llega%20con%20actividades%20presenciales%20a%20la%20Corporaci%C3%B3n%20Cultural%20de%20Coyhaique' aria-hidden='false' data-av_icon='\ue8f3' data-av_iconfont='entypo-fontello' title='' data-avia-related-tooltip='Compartir en Facebook' rel=\"noopener\"><span class='avia_hidden_link_text'>Compartir en Facebook<\/span><\/a><\/li><li class='av-share-link av-social-link-twitter' ><a target=\"_blank\" aria-label=\"Compartir en Twitter\" href='https:\/\/twitter.com\/share?text=Agosto%20llega%20con%20actividades%20presenciales%20a%20la%20Corporaci%C3%B3n%20Cultural%20de%20Coyhaique&#038;url=https:\/\/radiorevelacionfm.cl\/?p=7120' aria-hidden='false' data-av_icon='\ue8f1' data-av_iconfont='entypo-fontello' title='' data-avia-related-tooltip='Compartir en Twitter' rel=\"noopener\"><span class='avia_hidden_link_text'>Compartir en Twitter<\/span><\/a><\/li><li class='av-share-link av-social-link-whatsapp' ><a target=\"_blank\" aria-label=\"Compartir en Whatsapp\" href='https:\/\/api.whatsapp.com\/send?text=https:\/\/radiorevelacionfm.cl\/?p=7120' aria-hidden='false' data-av_icon='\uf232' data-av_iconfont='entypo-fontello' title='' data-avia-related-tooltip='Compartir en Whatsapp' rel=\"noopener\"><span class='avia_hidden_link_text'>Compartir en Whatsapp<\/span><\/a><\/li><li class='av-share-link av-social-link-linkedin' ><a target=\"_blank\" aria-label=\"Compartir en LinkedIn\" href='https:\/\/linkedin.com\/shareArticle?mini=true&#038;title=Agosto%20llega%20con%20actividades%20presenciales%20a%20la%20Corporaci%C3%B3n%20Cultural%20de%20Coyhaique&#038;url=https:\/\/radiorevelacionfm.cl\/?p=7120' aria-hidden='false' data-av_icon='\ue8fc' data-av_iconfont='entypo-fontello' title='' data-avia-related-tooltip='Compartir en LinkedIn' rel=\"noopener\"><span class='avia_hidden_link_text'>Compartir en LinkedIn<\/span><\/a><\/li><li class='av-share-link av-social-link-mail' ><a  aria-label=\"Compartir por correo\" href='mailto:?subject=Agosto%20llega%20con%20actividades%20presenciales%20a%20la%20Corporaci%C3%B3n%20Cultural%20de%20Coyhaique&#038;body=https:\/\/radiorevelacionfm.cl\/?p=7120' aria-hidden='false' data-av_icon='\ue805' data-av_iconfont='entypo-fontello' title='' data-avia-related-tooltip='Compartir por correo'><span class='avia_hidden_link_text'>Compartir por correo<\/span><\/a><\/li><\/ul><\/div><\/div>\n<div  style='height:50px' class='hr hr-invisible   avia-builder-el-8  el_after_av_social_share  el_before_av_comments_list '><span class='hr-inner ' ><span class='hr-inner-style'><\/span><\/span><\/div>\n<div  class='av-buildercomment  av-blog-meta-html-info-disabled av-blog-meta-tag-disabled  '><\/div>\n","protected":false},"excerpt":{"rendered":"","protected":false},"author":1,"featured_media":7121,"comment_status":"open","ping_status":"open","sticky":false,"template":"","format":"standard","meta":{"footnotes":""},"categories":[52],"tags":[],"class_list":["post-7120","post","type-post","status-publish","format-standard","has-post-thumbnail","hentry","category-cultura"],"jetpack_featured_media_url":"https:\/\/radiorevelacionfm.cl\/wp-content\/uploads\/2021\/08\/Centro-Cultural-1-1.jpg","_links":{"self":[{"href":"https:\/\/radiorevelacionfm.cl\/index.php?rest_route=\/wp\/v2\/posts\/7120","targetHints":{"allow":["GET"]}}],"collection":[{"href":"https:\/\/radiorevelacionfm.cl\/index.php?rest_route=\/wp\/v2\/posts"}],"about":[{"href":"https:\/\/radiorevelacionfm.cl\/index.php?rest_route=\/wp\/v2\/types\/post"}],"author":[{"embeddable":true,"href":"https:\/\/radiorevelacionfm.cl\/index.php?rest_route=\/wp\/v2\/users\/1"}],"replies":[{"embeddable":true,"href":"https:\/\/radiorevelacionfm.cl\/index.php?rest_route=%2Fwp%2Fv2%2Fcomments&post=7120"}],"version-history":[{"count":1,"href":"https:\/\/radiorevelacionfm.cl\/index.php?rest_route=\/wp\/v2\/posts\/7120\/revisions"}],"predecessor-version":[{"id":7122,"href":"https:\/\/radiorevelacionfm.cl\/index.php?rest_route=\/wp\/v2\/posts\/7120\/revisions\/7122"}],"wp:featuredmedia":[{"embeddable":true,"href":"https:\/\/radiorevelacionfm.cl\/index.php?rest_route=\/wp\/v2\/media\/7121"}],"wp:attachment":[{"href":"https:\/\/radiorevelacionfm.cl\/index.php?rest_route=%2Fwp%2Fv2%2Fmedia&parent=7120"}],"wp:term":[{"taxonomy":"category","embeddable":true,"href":"https:\/\/radiorevelacionfm.cl\/index.php?rest_route=%2Fwp%2Fv2%2Fcategories&post=7120"},{"taxonomy":"post_tag","embeddable":true,"href":"https:\/\/radiorevelacionfm.cl\/index.php?rest_route=%2Fwp%2Fv2%2Ftags&post=7120"}],"curies":[{"name":"wp","href":"https:\/\/api.w.org\/{rel}","templated":true}]}}