{"id":7117,"date":"2021-08-05T20:09:34","date_gmt":"2021-08-05T23:09:34","guid":{"rendered":"https:\/\/radiorevelacionfm.cl\/?p=7117"},"modified":"2021-08-05T20:10:59","modified_gmt":"2021-08-05T23:10:59","slug":"delegado-manuel-ortiz-destaca-avance-en-el-plan-paso-a-paso-destacando-vacunacion-comunitaria","status":"publish","type":"post","link":"https:\/\/radiorevelacionfm.cl\/?p=7117","title":{"rendered":"Delegado Manuel Ortiz valora avance en el plan Paso a Paso, destacando vacunaci\u00f3n comunitaria"},"content":{"rendered":"<div class=\"flex_column av_one_full  flex_column_div av-zero-column-padding first  avia-builder-el-0  el_before_av_one_full  avia-builder-el-first  \" style='border-radius:0px; '><div  class='avia-image-container  av-styling-    avia-builder-el-1  avia-builder-el-no-sibling  avia-align-center '  itemprop=\"image\" itemscope=\"itemscope\" itemtype=\"https:\/\/schema.org\/ImageObject\"  ><div class='avia-image-container-inner'><div class='avia-image-overlay-wrap'><img decoding=\"async\" class='wp-image-7118 avia-img-lazy-loading-not-7118 avia_image' src=\"https:\/\/radiorevelacionfm.cl\/wp-content\/uploads\/2021\/08\/6-21-1-1.jpg\" alt='' title='6 (21) (1) (1)' height=\"600\" width=\"900\"  itemprop=\"thumbnailUrl\" srcset=\"https:\/\/radiorevelacionfm.cl\/wp-content\/uploads\/2021\/08\/6-21-1-1.jpg 900w, https:\/\/radiorevelacionfm.cl\/wp-content\/uploads\/2021\/08\/6-21-1-1-300x200.jpg 300w, https:\/\/radiorevelacionfm.cl\/wp-content\/uploads\/2021\/08\/6-21-1-1-768x512.jpg 768w, https:\/\/radiorevelacionfm.cl\/wp-content\/uploads\/2021\/08\/6-21-1-1-705x470.jpg 705w, https:\/\/radiorevelacionfm.cl\/wp-content\/uploads\/2021\/08\/6-21-1-1-600x400.jpg 600w\" sizes=\"(max-width: 900px) 100vw, 900px\" \/><\/div><\/div><\/div><\/div>\n<div class=\"flex_column av_one_full  flex_column_div av-zero-column-padding first  avia-builder-el-2  el_after_av_one_full  el_before_av_one_full  column-top-margin\" style='border-radius:0px; '><section class=\"av_textblock_section \"  itemscope=\"itemscope\" itemtype=\"https:\/\/schema.org\/BlogPosting\" itemprop=\"blogPost\" ><div class='avia_textblock  '   itemprop=\"text\" ><p style=\"text-align: center;\"><strong><span style=\"font-size: 18pt;\">Delegado Manuel Ortiz valora avance en el plan Paso a Paso, destacando vacunaci\u00f3n comunitaria<\/span><\/strong><\/p>\n<div id=\"gtx-trans\" style=\"position: absolute; left: -50px; top: 4.31534px;\">\n<div class=\"gtx-trans-icon\"><\/div>\n<\/div>\n<\/div><\/section><\/div><div class=\"flex_column av_one_full  flex_column_div av-zero-column-padding first  avia-builder-el-4  el_after_av_one_full  el_before_av_hr  column-top-margin\" style='border-radius:0px; '><section class=\"av_textblock_section \"  itemscope=\"itemscope\" itemtype=\"https:\/\/schema.org\/BlogPosting\" itemprop=\"blogPost\" ><div class='avia_textblock  '   itemprop=\"text\" ><p style=\"text-align: justify;\">Tras el informe del MINSAL Manuel Ortiz valor\u00f3 la respuesta de la comunidad e inst\u00f3 a seguir cuid\u00e1ndose.<\/p>\n<p style=\"text-align: justify;\">Despu\u00e9s de meses de arduo trabajo hemos logrado vacunar a m\u00e1s del 80% de las personas mayores de 18 a\u00f1os con ambas dosis o dosis \u00fanica. Se han administrado m\u00e1s de 25 millones de dosis. Tenemos m\u00e1s de 13.3 millones de personas vacunadas con una dosis y m\u00e1s de 12.2 millones completaron su esquema de vacunaci\u00f3n, esto es 87,78% y 80,3% de la poblaci\u00f3n susceptible a ser vacunada, en un proceso que es voluntario y gratuito.<\/p>\n<p style=\"text-align: justify;\">En la provincia de Ays\u00e9n el llamado de las autoridades a vacunarse ha tenido un efecto positivo en la comunidad, situaci\u00f3n que es destacada por el Delegado Presidencial Provincial Manuel Ortiz \u201ccomo Gobierno estamos orgulloso del trabajo que se ha hecho como pa\u00eds, el Presidente Pi\u00f1era desde el primer momento tom\u00f3 las medidas necesarias para que hoy tengamos los abastecimiento que tenemos, por lo tanto decirles que est\u00e9n tranquilos, que nosotros estamos preocupados, la Seremi de Salud est\u00e1 preocupada y nos ha entregado la informaci\u00f3n que hemos tenido cero casos en nuestra regi\u00f3n y ya no tenemos casos graves en el hospital regional, esto producto de la vacunaci\u00f3n de la comunidad\u201d.<\/p>\n<p style=\"text-align: justify;\">El MINSAL en el reporte del d\u00eda jueves confirm\u00f3 que la comuna de Ays\u00e9n y Cisnes avanzan a fase 4 del plan Paso a Paso \u201cdestacar el comportamiento de toda la comunidad a la gente que le hemos hecho el llamado una y otra vez a cuidarse y ese gran respaldo a los llamados de las autoridades para que esto sea lo que hoy estamos teniendo, nos acaban de entregar la informaci\u00f3n que este s\u00e1bado 7 de agosto avanzamos a la fase 4, decir que esto se debe al buen comportamiento y al respeto de nuestras autoridades sanitarias que tiene nuestra comunidad \u201cfinalizaba diciendo el DPPAys\u00e9n Manuel Ortiz .<\/p>\n<\/div><\/section><\/div><\/p>\n<div  style='height:50px' class='hr hr-invisible   avia-builder-el-6  el_after_av_one_full  el_before_av_social_share '><span class='hr-inner ' ><span class='hr-inner-style'><\/span><\/span><\/div>\n<div  class='av-social-sharing-box  avia-builder-el-7  el_after_av_hr  el_before_av_hr  '><div class='av-share-box'><h5 class='av-share-link-description av-no-toc '>Compartir esta noticia<\/h5><ul class='av-share-box-list noLightbox'><li class='av-share-link av-social-link-facebook' ><a target=\"_blank\" aria-label=\"Compartir en Facebook\" href='https:\/\/www.facebook.com\/sharer.php?u=https:\/\/radiorevelacionfm.cl\/?p=7117&#038;t=Delegado%20Manuel%20Ortiz%20valora%20avance%20en%20el%20plan%20Paso%20a%20Paso%2C%20destacando%20vacunaci%C3%B3n%20comunitaria' aria-hidden='false' data-av_icon='\ue8f3' data-av_iconfont='entypo-fontello' title='' data-avia-related-tooltip='Compartir en Facebook' rel=\"noopener\"><span class='avia_hidden_link_text'>Compartir en Facebook<\/span><\/a><\/li><li class='av-share-link av-social-link-twitter' ><a target=\"_blank\" aria-label=\"Compartir en Twitter\" href='https:\/\/twitter.com\/share?text=Delegado%20Manuel%20Ortiz%20valora%20avance%20en%20el%20plan%20Paso%20a%20Paso%2C%20destacando%20vacunaci%C3%B3n%20comunitaria&#038;url=https:\/\/radiorevelacionfm.cl\/?p=7117' aria-hidden='false' data-av_icon='\ue8f1' data-av_iconfont='entypo-fontello' title='' data-avia-related-tooltip='Compartir en Twitter' rel=\"noopener\"><span class='avia_hidden_link_text'>Compartir en Twitter<\/span><\/a><\/li><li class='av-share-link av-social-link-whatsapp' ><a target=\"_blank\" aria-label=\"Compartir en Whatsapp\" href='https:\/\/api.whatsapp.com\/send?text=https:\/\/radiorevelacionfm.cl\/?p=7117' aria-hidden='false' data-av_icon='\uf232' data-av_iconfont='entypo-fontello' title='' data-avia-related-tooltip='Compartir en Whatsapp' rel=\"noopener\"><span class='avia_hidden_link_text'>Compartir en Whatsapp<\/span><\/a><\/li><li class='av-share-link av-social-link-linkedin' ><a target=\"_blank\" aria-label=\"Compartir en LinkedIn\" href='https:\/\/linkedin.com\/shareArticle?mini=true&#038;title=Delegado%20Manuel%20Ortiz%20valora%20avance%20en%20el%20plan%20Paso%20a%20Paso%2C%20destacando%20vacunaci%C3%B3n%20comunitaria&#038;url=https:\/\/radiorevelacionfm.cl\/?p=7117' aria-hidden='false' data-av_icon='\ue8fc' data-av_iconfont='entypo-fontello' title='' data-avia-related-tooltip='Compartir en LinkedIn' rel=\"noopener\"><span class='avia_hidden_link_text'>Compartir en LinkedIn<\/span><\/a><\/li><li class='av-share-link av-social-link-mail' ><a  aria-label=\"Compartir por correo\" href='mailto:?subject=Delegado%20Manuel%20Ortiz%20valora%20avance%20en%20el%20plan%20Paso%20a%20Paso%2C%20destacando%20vacunaci%C3%B3n%20comunitaria&#038;body=https:\/\/radiorevelacionfm.cl\/?p=7117' aria-hidden='false' data-av_icon='\ue805' data-av_iconfont='entypo-fontello' title='' data-avia-related-tooltip='Compartir por correo'><span class='avia_hidden_link_text'>Compartir por correo<\/span><\/a><\/li><\/ul><\/div><\/div>\n<div  style='height:50px' class='hr hr-invisible   avia-builder-el-8  el_after_av_social_share  el_before_av_comments_list '><span class='hr-inner ' ><span class='hr-inner-style'><\/span><\/span><\/div>\n<div  class='av-buildercomment  av-blog-meta-html-info-disabled av-blog-meta-tag-disabled  '><\/div>\n","protected":false},"excerpt":{"rendered":"","protected":false},"author":1,"featured_media":7118,"comment_status":"open","ping_status":"open","sticky":false,"template":"","format":"standard","meta":{"footnotes":""},"categories":[38],"tags":[],"class_list":["post-7117","post","type-post","status-publish","format-standard","has-post-thumbnail","hentry","category-regional"],"jetpack_featured_media_url":"https:\/\/radiorevelacionfm.cl\/wp-content\/uploads\/2021\/08\/6-21-1-1.jpg","_links":{"self":[{"href":"https:\/\/radiorevelacionfm.cl\/index.php?rest_route=\/wp\/v2\/posts\/7117","targetHints":{"allow":["GET"]}}],"collection":[{"href":"https:\/\/radiorevelacionfm.cl\/index.php?rest_route=\/wp\/v2\/posts"}],"about":[{"href":"https:\/\/radiorevelacionfm.cl\/index.php?rest_route=\/wp\/v2\/types\/post"}],"author":[{"embeddable":true,"href":"https:\/\/radiorevelacionfm.cl\/index.php?rest_route=\/wp\/v2\/users\/1"}],"replies":[{"embeddable":true,"href":"https:\/\/radiorevelacionfm.cl\/index.php?rest_route=%2Fwp%2Fv2%2Fcomments&post=7117"}],"version-history":[{"count":3,"href":"https:\/\/radiorevelacionfm.cl\/index.php?rest_route=\/wp\/v2\/posts\/7117\/revisions"}],"predecessor-version":[{"id":7124,"href":"https:\/\/radiorevelacionfm.cl\/index.php?rest_route=\/wp\/v2\/posts\/7117\/revisions\/7124"}],"wp:featuredmedia":[{"embeddable":true,"href":"https:\/\/radiorevelacionfm.cl\/index.php?rest_route=\/wp\/v2\/media\/7118"}],"wp:attachment":[{"href":"https:\/\/radiorevelacionfm.cl\/index.php?rest_route=%2Fwp%2Fv2%2Fmedia&parent=7117"}],"wp:term":[{"taxonomy":"category","embeddable":true,"href":"https:\/\/radiorevelacionfm.cl\/index.php?rest_route=%2Fwp%2Fv2%2Fcategories&post=7117"},{"taxonomy":"post_tag","embeddable":true,"href":"https:\/\/radiorevelacionfm.cl\/index.php?rest_route=%2Fwp%2Fv2%2Ftags&post=7117"}],"curies":[{"name":"wp","href":"https:\/\/api.w.org\/{rel}","templated":true}]}}