{"id":7111,"date":"2021-08-05T23:18:17","date_gmt":"2021-08-06T02:18:17","guid":{"rendered":"https:\/\/radiorevelacionfm.cl\/?p=7111"},"modified":"2021-08-05T23:18:17","modified_gmt":"2021-08-06T02:18:17","slug":"en-aysen-inician-etapa-de-coordinacion-para-la-instalacion-de-nuevas-camaras-de-seguridad","status":"publish","type":"post","link":"https:\/\/radiorevelacionfm.cl\/?p=7111","title":{"rendered":"En Ays\u00e9n inician etapa de coordinaci\u00f3n para la instalaci\u00f3n de nuevas c\u00e1maras de seguridad"},"content":{"rendered":"<div class=\"flex_column av_one_full  flex_column_div av-zero-column-padding first  avia-builder-el-0  el_before_av_one_full  avia-builder-el-first  \" style='border-radius:0px; '><div  class='avia-image-container  av-styling-    avia-builder-el-1  avia-builder-el-no-sibling  avia-align-center '  itemprop=\"image\" itemscope=\"itemscope\" itemtype=\"https:\/\/schema.org\/ImageObject\"  ><div class='avia-image-container-inner'><div class='avia-image-overlay-wrap'><img decoding=\"async\" class='wp-image-7113 avia-img-lazy-loading-not-7113 avia_image' src=\"https:\/\/radiorevelacionfm.cl\/wp-content\/uploads\/2021\/08\/IMG-camaras2-1-1.jpg\" alt='' title='IMG-camaras2 (1) (1)' height=\"600\" width=\"917\"  itemprop=\"thumbnailUrl\" srcset=\"https:\/\/radiorevelacionfm.cl\/wp-content\/uploads\/2021\/08\/IMG-camaras2-1-1.jpg 917w, https:\/\/radiorevelacionfm.cl\/wp-content\/uploads\/2021\/08\/IMG-camaras2-1-1-300x196.jpg 300w, https:\/\/radiorevelacionfm.cl\/wp-content\/uploads\/2021\/08\/IMG-camaras2-1-1-768x503.jpg 768w, https:\/\/radiorevelacionfm.cl\/wp-content\/uploads\/2021\/08\/IMG-camaras2-1-1-705x461.jpg 705w, https:\/\/radiorevelacionfm.cl\/wp-content\/uploads\/2021\/08\/IMG-camaras2-1-1-600x393.jpg 600w\" sizes=\"(max-width: 917px) 100vw, 917px\" \/><\/div><\/div><\/div><\/div><div class=\"flex_column av_one_full  flex_column_div av-zero-column-padding first  avia-builder-el-2  el_after_av_one_full  el_before_av_one_full  column-top-margin\" style='border-radius:0px; '><section class=\"av_textblock_section \"  itemscope=\"itemscope\" itemtype=\"https:\/\/schema.org\/BlogPosting\" itemprop=\"blogPost\" ><div class='avia_textblock  '   itemprop=\"text\" ><p style=\"text-align: center;\"><strong><span style=\"font-size: 18pt;\">En Ays\u00e9n inician etapa de coordinaci\u00f3n para la instalaci\u00f3n de nuevas c\u00e1maras de seguridad <\/span><\/strong><\/p>\n<div id=\"gtx-trans\" style=\"position: absolute; left: -50px; top: 4.31534px;\">\n<div class=\"gtx-trans-icon\"><\/div>\n<\/div>\n<\/div><\/section><\/div><div class=\"flex_column av_one_full  flex_column_div av-zero-column-padding first  avia-builder-el-4  el_after_av_one_full  el_before_av_hr  column-top-margin\" style='border-radius:0px; '><section class=\"av_textblock_section \"  itemscope=\"itemscope\" itemtype=\"https:\/\/schema.org\/BlogPosting\" itemprop=\"blogPost\" ><div class='avia_textblock  '   itemprop=\"text\" ><p style=\"text-align: justify;\">Hasta el Edificio Consistorial de Ays\u00e9n lleg\u00f3 el representante de la empresa encargada de instalar las c\u00e1maras de seguridad vecinal contempladas en el proyecto \u201c1000 C\u00e1maras para Chile\u201d. Iniciativa gubernamental que permitir\u00e1 dotar de siete nuevos espacios con esta tecnolog\u00eda en lugares de alta afluencia de personas. En la instancia, liderada por el jefe de gabinete, Marco Co\u00f1uecar, en compa\u00f1\u00eda del encargado de inform\u00e1tica se pudieron abordar los aspectos t\u00e9cnicos y administrativos para materializar este beneficio en la comuna porte\u00f1a.<\/p>\n<p style=\"text-align: justify;\">En este sentido, el representante del alcalde Julio Uribe, Marco Co\u00f1uecar, coment\u00f3 lo ocurrido en el encuentro que pretende sumar siete puntos de vigilancia gracias al aporte de la Subsecretar\u00eda, \u201cle manifestamos todo el apoyo y de igual manera le informamos que estamos como municipio trabajando en un proyecto m\u00e1s grande. Para nosotros tal como lo se\u00f1alaba el alcalde Uribe, la seguridad es un pilar fundamental del desarrollo y creemos que debemos llegar a todas las \u00e1reas y a todos los lugares de la comuna\u201d.<\/p>\n<p style=\"text-align: justify;\">Por su parte, Alejandro de Vals, representante zonal de IngeSmart, explic\u00f3 que su arribo a la regi\u00f3n, junto con presentarse de manera formal ante la Casa Edilicia tuvo como objetivo ingresar las primeras documentaciones necesarias para ejecutar lo mandatado por la Subsecretar\u00eda de Prevenci\u00f3n del Delito. Tras ser consultado sobre el inicio de las faenas el representante mencion\u00f3 que podr\u00edan estar en condiciones de ejecuci\u00f3n entre los meses de octubre o noviembre.<\/p>\n<p style=\"text-align: justify;\">Esto forma parte del fortalecimiento en materia de seguridad comunal que pretende impulsar la administraci\u00f3n del alcalde Julio Uribe tras escuchar los m\u00faltiples requerimientos de los vecinos y vecinas de dotar a la comuna de nuevas y mejores infraestructuras en la materia. Lo que se suma a la reciente creaci\u00f3n de la Direcci\u00f3n de Seguridad P\u00fablica del municipio aysenino.<\/p>\n<\/div><\/section><\/div><div  style='height:50px' class='hr hr-invisible   avia-builder-el-6  el_after_av_one_full  el_before_av_social_share '><span class='hr-inner ' ><span class='hr-inner-style'><\/span><\/span><\/div><\/p>\n<div  class='av-social-sharing-box  avia-builder-el-7  el_after_av_hr  el_before_av_hr  '><div class='av-share-box'><h5 class='av-share-link-description av-no-toc '>Compartir esta noticia<\/h5><ul class='av-share-box-list noLightbox'><li class='av-share-link av-social-link-facebook' ><a target=\"_blank\" aria-label=\"Compartir en Facebook\" href='https:\/\/www.facebook.com\/sharer.php?u=https:\/\/radiorevelacionfm.cl\/?p=7111&#038;t=En%20Ays%C3%A9n%20inician%20etapa%20de%20coordinaci%C3%B3n%20para%20la%20instalaci%C3%B3n%20de%20nuevas%20c%C3%A1maras%20de%20seguridad' aria-hidden='false' data-av_icon='\ue8f3' data-av_iconfont='entypo-fontello' title='' data-avia-related-tooltip='Compartir en Facebook' rel=\"noopener\"><span class='avia_hidden_link_text'>Compartir en Facebook<\/span><\/a><\/li><li class='av-share-link av-social-link-twitter' ><a target=\"_blank\" aria-label=\"Compartir en Twitter\" href='https:\/\/twitter.com\/share?text=En%20Ays%C3%A9n%20inician%20etapa%20de%20coordinaci%C3%B3n%20para%20la%20instalaci%C3%B3n%20de%20nuevas%20c%C3%A1maras%20de%20seguridad&#038;url=https:\/\/radiorevelacionfm.cl\/?p=7111' aria-hidden='false' data-av_icon='\ue8f1' data-av_iconfont='entypo-fontello' title='' data-avia-related-tooltip='Compartir en Twitter' rel=\"noopener\"><span class='avia_hidden_link_text'>Compartir en Twitter<\/span><\/a><\/li><li class='av-share-link av-social-link-whatsapp' ><a target=\"_blank\" aria-label=\"Compartir en Whatsapp\" href='https:\/\/api.whatsapp.com\/send?text=https:\/\/radiorevelacionfm.cl\/?p=7111' aria-hidden='false' data-av_icon='\uf232' data-av_iconfont='entypo-fontello' title='' data-avia-related-tooltip='Compartir en Whatsapp' rel=\"noopener\"><span class='avia_hidden_link_text'>Compartir en Whatsapp<\/span><\/a><\/li><li class='av-share-link av-social-link-linkedin' ><a target=\"_blank\" aria-label=\"Compartir en LinkedIn\" href='https:\/\/linkedin.com\/shareArticle?mini=true&#038;title=En%20Ays%C3%A9n%20inician%20etapa%20de%20coordinaci%C3%B3n%20para%20la%20instalaci%C3%B3n%20de%20nuevas%20c%C3%A1maras%20de%20seguridad&#038;url=https:\/\/radiorevelacionfm.cl\/?p=7111' aria-hidden='false' data-av_icon='\ue8fc' data-av_iconfont='entypo-fontello' title='' data-avia-related-tooltip='Compartir en LinkedIn' rel=\"noopener\"><span class='avia_hidden_link_text'>Compartir en LinkedIn<\/span><\/a><\/li><li class='av-share-link av-social-link-mail' ><a  aria-label=\"Compartir por correo\" href='mailto:?subject=En%20Ays%C3%A9n%20inician%20etapa%20de%20coordinaci%C3%B3n%20para%20la%20instalaci%C3%B3n%20de%20nuevas%20c%C3%A1maras%20de%20seguridad&#038;body=https:\/\/radiorevelacionfm.cl\/?p=7111' aria-hidden='false' data-av_icon='\ue805' data-av_iconfont='entypo-fontello' title='' data-avia-related-tooltip='Compartir por correo'><span class='avia_hidden_link_text'>Compartir por correo<\/span><\/a><\/li><\/ul><\/div><\/div>\n<div  style='height:50px' class='hr hr-invisible   avia-builder-el-8  el_after_av_social_share  el_before_av_comments_list '><span class='hr-inner ' ><span class='hr-inner-style'><\/span><\/span><\/div>\n<div  class='av-buildercomment  av-blog-meta-html-info-disabled av-blog-meta-tag-disabled  '><\/div>\n","protected":false},"excerpt":{"rendered":"","protected":false},"author":1,"featured_media":7113,"comment_status":"open","ping_status":"open","sticky":false,"template":"","format":"standard","meta":{"footnotes":""},"categories":[38],"tags":[],"class_list":["post-7111","post","type-post","status-publish","format-standard","has-post-thumbnail","hentry","category-regional"],"jetpack_featured_media_url":"https:\/\/radiorevelacionfm.cl\/wp-content\/uploads\/2021\/08\/IMG-camaras2-1-1.jpg","_links":{"self":[{"href":"https:\/\/radiorevelacionfm.cl\/index.php?rest_route=\/wp\/v2\/posts\/7111","targetHints":{"allow":["GET"]}}],"collection":[{"href":"https:\/\/radiorevelacionfm.cl\/index.php?rest_route=\/wp\/v2\/posts"}],"about":[{"href":"https:\/\/radiorevelacionfm.cl\/index.php?rest_route=\/wp\/v2\/types\/post"}],"author":[{"embeddable":true,"href":"https:\/\/radiorevelacionfm.cl\/index.php?rest_route=\/wp\/v2\/users\/1"}],"replies":[{"embeddable":true,"href":"https:\/\/radiorevelacionfm.cl\/index.php?rest_route=%2Fwp%2Fv2%2Fcomments&post=7111"}],"version-history":[{"count":1,"href":"https:\/\/radiorevelacionfm.cl\/index.php?rest_route=\/wp\/v2\/posts\/7111\/revisions"}],"predecessor-version":[{"id":7114,"href":"https:\/\/radiorevelacionfm.cl\/index.php?rest_route=\/wp\/v2\/posts\/7111\/revisions\/7114"}],"wp:featuredmedia":[{"embeddable":true,"href":"https:\/\/radiorevelacionfm.cl\/index.php?rest_route=\/wp\/v2\/media\/7113"}],"wp:attachment":[{"href":"https:\/\/radiorevelacionfm.cl\/index.php?rest_route=%2Fwp%2Fv2%2Fmedia&parent=7111"}],"wp:term":[{"taxonomy":"category","embeddable":true,"href":"https:\/\/radiorevelacionfm.cl\/index.php?rest_route=%2Fwp%2Fv2%2Fcategories&post=7111"},{"taxonomy":"post_tag","embeddable":true,"href":"https:\/\/radiorevelacionfm.cl\/index.php?rest_route=%2Fwp%2Fv2%2Ftags&post=7111"}],"curies":[{"name":"wp","href":"https:\/\/api.w.org\/{rel}","templated":true}]}}