{"id":7107,"date":"2021-08-05T18:56:40","date_gmt":"2021-08-05T21:56:40","guid":{"rendered":"https:\/\/radiorevelacionfm.cl\/?p=7107"},"modified":"2021-08-05T18:56:40","modified_gmt":"2021-08-05T21:56:40","slug":"pequenos-agricultores-de-cisnes-solicitan-ampliar-cupos-prodesal-y-flexibilizar-requisitos-indap","status":"publish","type":"post","link":"https:\/\/radiorevelacionfm.cl\/?p=7107","title":{"rendered":"Peque\u00f1os agricultores de Cisnes solicitan ampliar cupos Prodesal y flexibilizar requisitos Indap"},"content":{"rendered":"<div class=\"flex_column av_one_full  flex_column_div av-zero-column-padding first  avia-builder-el-0  el_before_av_one_full  avia-builder-el-first  \" style='border-radius:0px; '><div  class='avia-image-container  av-styling-    avia-builder-el-1  avia-builder-el-no-sibling  avia-align-center '  itemprop=\"image\" itemscope=\"itemscope\" itemtype=\"https:\/\/schema.org\/ImageObject\"  ><div class='avia-image-container-inner'><div class='avia-image-overlay-wrap'><img decoding=\"async\" class='wp-image-7109 avia-img-lazy-loading-not-7109 avia_image' src=\"https:\/\/radiorevelacionfm.cl\/wp-content\/uploads\/2021\/08\/reunion-campesinos-cisnes-2.jpg\" alt='' title='reuni\u00f3n campesinos cisnes (2)' height=\"600\" width=\"1067\"  itemprop=\"thumbnailUrl\" srcset=\"https:\/\/radiorevelacionfm.cl\/wp-content\/uploads\/2021\/08\/reunion-campesinos-cisnes-2.jpg 1067w, https:\/\/radiorevelacionfm.cl\/wp-content\/uploads\/2021\/08\/reunion-campesinos-cisnes-2-300x169.jpg 300w, https:\/\/radiorevelacionfm.cl\/wp-content\/uploads\/2021\/08\/reunion-campesinos-cisnes-2-1030x579.jpg 1030w, https:\/\/radiorevelacionfm.cl\/wp-content\/uploads\/2021\/08\/reunion-campesinos-cisnes-2-768x432.jpg 768w, https:\/\/radiorevelacionfm.cl\/wp-content\/uploads\/2021\/08\/reunion-campesinos-cisnes-2-705x396.jpg 705w, https:\/\/radiorevelacionfm.cl\/wp-content\/uploads\/2021\/08\/reunion-campesinos-cisnes-2-600x337.jpg 600w\" sizes=\"(max-width: 1067px) 100vw, 1067px\" \/><\/div><\/div><\/div><\/div><div class=\"flex_column av_one_full  flex_column_div av-zero-column-padding first  avia-builder-el-2  el_after_av_one_full  el_before_av_one_full  column-top-margin\" style='border-radius:0px; '><section class=\"av_textblock_section \"  itemscope=\"itemscope\" itemtype=\"https:\/\/schema.org\/BlogPosting\" itemprop=\"blogPost\" ><div class='avia_textblock  '   itemprop=\"text\" ><p style=\"text-align: center;\"><strong><span style=\"font-size: 18pt;\">Peque\u00f1os agricultores de Cisnes solicitan ampliar cupos Prodesal y flexibilizar requisitos Indap<\/span><\/strong><\/p>\n<div id=\"gtx-trans\" style=\"position: absolute; left: -50px; top: 4.31534px;\">\n<div class=\"gtx-trans-icon\"><\/div>\n<\/div>\n<\/div><\/section><\/div><div class=\"flex_column av_one_full  flex_column_div av-zero-column-padding first  avia-builder-el-4  el_after_av_one_full  el_before_av_hr  column-top-margin\" style='border-radius:0px; '><section class=\"av_textblock_section \"  itemscope=\"itemscope\" itemtype=\"https:\/\/schema.org\/BlogPosting\" itemprop=\"blogPost\" ><div class='avia_textblock  '   itemprop=\"text\" ><p style=\"font-weight: 400; text-align: justify;\">En el marco del trabajo en terreno que est\u00e1 realizando esta semana por el norte de la regi\u00f3n, el diputado Miguel \u00c1ngel Calisto se reuni\u00f3 en Puerto Cisnes con un grupo de peque\u00f1os campesinos y agricultores, quienes le plantearon su preocupaci\u00f3n por no contar con el apoyo de INDAP y no poder acceder al Programa de Desarrollo Local, PRODESAL.<\/p>\n<p style=\"font-weight: 400; text-align: justify;\">Seg\u00fan el legislador, \u201chemos sostenido una importante reuni\u00f3n junto a dirigentes campesinos de Cisnes y sus alrededores, donde tambi\u00e9n participaron los concejales Almendra Silva y Carlos Vald\u00e9s. Hoy en d\u00eda nuestros peque\u00f1os campesinos est\u00e1n abandonados, dejados de lado por parte del Estado. Por estos motivos, logramos el compromiso del Seremi de Agricultura y del Director de Indap para que vengan a Cisnes y poder crear un nuevo PRODESAL y aumentar la cantidad de socios, para as\u00ed llegar con los beneficios a todos los peque\u00f1os campesinos\u201d.<\/p>\n<p style=\"font-weight: 400; text-align: justify;\">\u201cEsperamos prontamente tener resultados concretos, queremos ampliar y crear un nuevo PRODESAL, como tambi\u00e9n buscar mecanismos que permita combatir la grave sequ\u00eda que se viene en las pr\u00f3ximas temporadas y que queremos prevenir a trav\u00e9s de proyectos, iniciativas por parte del Ministerio de Agricultura, beneficiando a los peque\u00f1os campesinos\u201d, se\u00f1al\u00f3.<\/p>\n<p style=\"font-weight: 400; text-align: justify;\">Calisto agreg\u00f3 que \u201cyo creo que durante mucho tiempo ac\u00e1 se les ha entregado apoyo directo a los grandes campesinos. Yo no estoy en contra de esto, pero ahora debemos focalizar la ayuda en los peque\u00f1os campesinos, para as\u00ed tambi\u00e9n evitar que la gente siga y\u00e9ndose del campo a la ciudad\u201d.<\/p>\n<p style=\"font-weight: 400; text-align: justify;\">Por su parte, Manuel Run\u00edn \u00c1guila, quien es agricultor de la comuna de Cisnes, indic\u00f3 que \u201cson hartos los campesinos que tienen distintas dudas, principalmente la inquietud de por qu\u00e9 muchos no pueden ingresar a las entidades de la Municipalidad, como PRODESAL. Hay muchas inquietudes y poca ayuda, y hay pocas personas encargadas para que se logren algunas cosas\u201d.<\/p>\n<p style=\"font-weight: 400; text-align: justify;\">Finalmente, Run\u00edn se\u00f1al\u00f3 que \u201chemos tenido nada de apoyo por parte del municipio para ver nuestras necesidades, y los peligros que hemos debido pasar los campesinos por el cambio clim\u00e1tico. Hay muchos requisitos y somos muchos los pobladores que no pertenecemos a estas entidades, ya sean Prodesal o Indap\u201d.<\/p>\n<\/div><\/section><\/div><div  style='height:50px' class='hr hr-invisible   avia-builder-el-6  el_after_av_one_full  el_before_av_social_share '><span class='hr-inner ' ><span class='hr-inner-style'><\/span><\/span><\/div><\/p>\n<div  class='av-social-sharing-box  avia-builder-el-7  el_after_av_hr  el_before_av_hr  '><div class='av-share-box'><h5 class='av-share-link-description av-no-toc '>Compartir esta noticia<\/h5><ul class='av-share-box-list noLightbox'><li class='av-share-link av-social-link-facebook' ><a target=\"_blank\" aria-label=\"Compartir en Facebook\" href='https:\/\/www.facebook.com\/sharer.php?u=https:\/\/radiorevelacionfm.cl\/?p=7107&#038;t=Peque%C3%B1os%20agricultores%20de%20Cisnes%20solicitan%20ampliar%20cupos%20Prodesal%20y%20flexibilizar%20requisitos%20Indap' aria-hidden='false' data-av_icon='\ue8f3' data-av_iconfont='entypo-fontello' title='' data-avia-related-tooltip='Compartir en Facebook' rel=\"noopener\"><span class='avia_hidden_link_text'>Compartir en Facebook<\/span><\/a><\/li><li class='av-share-link av-social-link-twitter' ><a target=\"_blank\" aria-label=\"Compartir en Twitter\" href='https:\/\/twitter.com\/share?text=Peque%C3%B1os%20agricultores%20de%20Cisnes%20solicitan%20ampliar%20cupos%20Prodesal%20y%20flexibilizar%20requisitos%20Indap&#038;url=https:\/\/radiorevelacionfm.cl\/?p=7107' aria-hidden='false' data-av_icon='\ue8f1' data-av_iconfont='entypo-fontello' title='' data-avia-related-tooltip='Compartir en Twitter' rel=\"noopener\"><span class='avia_hidden_link_text'>Compartir en Twitter<\/span><\/a><\/li><li class='av-share-link av-social-link-whatsapp' ><a target=\"_blank\" aria-label=\"Compartir en Whatsapp\" href='https:\/\/api.whatsapp.com\/send?text=https:\/\/radiorevelacionfm.cl\/?p=7107' aria-hidden='false' data-av_icon='\uf232' data-av_iconfont='entypo-fontello' title='' data-avia-related-tooltip='Compartir en Whatsapp' rel=\"noopener\"><span class='avia_hidden_link_text'>Compartir en Whatsapp<\/span><\/a><\/li><li class='av-share-link av-social-link-linkedin' ><a target=\"_blank\" aria-label=\"Compartir en LinkedIn\" href='https:\/\/linkedin.com\/shareArticle?mini=true&#038;title=Peque%C3%B1os%20agricultores%20de%20Cisnes%20solicitan%20ampliar%20cupos%20Prodesal%20y%20flexibilizar%20requisitos%20Indap&#038;url=https:\/\/radiorevelacionfm.cl\/?p=7107' aria-hidden='false' data-av_icon='\ue8fc' data-av_iconfont='entypo-fontello' title='' data-avia-related-tooltip='Compartir en LinkedIn' rel=\"noopener\"><span class='avia_hidden_link_text'>Compartir en LinkedIn<\/span><\/a><\/li><li class='av-share-link av-social-link-mail' ><a  aria-label=\"Compartir por correo\" href='mailto:?subject=Peque%C3%B1os%20agricultores%20de%20Cisnes%20solicitan%20ampliar%20cupos%20Prodesal%20y%20flexibilizar%20requisitos%20Indap&#038;body=https:\/\/radiorevelacionfm.cl\/?p=7107' aria-hidden='false' data-av_icon='\ue805' data-av_iconfont='entypo-fontello' title='' data-avia-related-tooltip='Compartir por correo'><span class='avia_hidden_link_text'>Compartir por correo<\/span><\/a><\/li><\/ul><\/div><\/div>\n<div  style='height:50px' class='hr hr-invisible   avia-builder-el-8  el_after_av_social_share  el_before_av_comments_list '><span class='hr-inner ' ><span class='hr-inner-style'><\/span><\/span><\/div>\n<div  class='av-buildercomment  av-blog-meta-html-info-disabled av-blog-meta-tag-disabled  '><\/div>\n","protected":false},"excerpt":{"rendered":"","protected":false},"author":1,"featured_media":7109,"comment_status":"open","ping_status":"open","sticky":false,"template":"","format":"standard","meta":{"footnotes":""},"categories":[38],"tags":[],"class_list":["post-7107","post","type-post","status-publish","format-standard","has-post-thumbnail","hentry","category-regional"],"jetpack_featured_media_url":"https:\/\/radiorevelacionfm.cl\/wp-content\/uploads\/2021\/08\/reunion-campesinos-cisnes-2.jpg","_links":{"self":[{"href":"https:\/\/radiorevelacionfm.cl\/index.php?rest_route=\/wp\/v2\/posts\/7107","targetHints":{"allow":["GET"]}}],"collection":[{"href":"https:\/\/radiorevelacionfm.cl\/index.php?rest_route=\/wp\/v2\/posts"}],"about":[{"href":"https:\/\/radiorevelacionfm.cl\/index.php?rest_route=\/wp\/v2\/types\/post"}],"author":[{"embeddable":true,"href":"https:\/\/radiorevelacionfm.cl\/index.php?rest_route=\/wp\/v2\/users\/1"}],"replies":[{"embeddable":true,"href":"https:\/\/radiorevelacionfm.cl\/index.php?rest_route=%2Fwp%2Fv2%2Fcomments&post=7107"}],"version-history":[{"count":1,"href":"https:\/\/radiorevelacionfm.cl\/index.php?rest_route=\/wp\/v2\/posts\/7107\/revisions"}],"predecessor-version":[{"id":7110,"href":"https:\/\/radiorevelacionfm.cl\/index.php?rest_route=\/wp\/v2\/posts\/7107\/revisions\/7110"}],"wp:featuredmedia":[{"embeddable":true,"href":"https:\/\/radiorevelacionfm.cl\/index.php?rest_route=\/wp\/v2\/media\/7109"}],"wp:attachment":[{"href":"https:\/\/radiorevelacionfm.cl\/index.php?rest_route=%2Fwp%2Fv2%2Fmedia&parent=7107"}],"wp:term":[{"taxonomy":"category","embeddable":true,"href":"https:\/\/radiorevelacionfm.cl\/index.php?rest_route=%2Fwp%2Fv2%2Fcategories&post=7107"},{"taxonomy":"post_tag","embeddable":true,"href":"https:\/\/radiorevelacionfm.cl\/index.php?rest_route=%2Fwp%2Fv2%2Ftags&post=7107"}],"curies":[{"name":"wp","href":"https:\/\/api.w.org\/{rel}","templated":true}]}}