{"id":7104,"date":"2021-08-05T18:58:43","date_gmt":"2021-08-05T21:58:43","guid":{"rendered":"https:\/\/radiorevelacionfm.cl\/?p=7104"},"modified":"2021-08-05T19:41:28","modified_gmt":"2021-08-05T22:41:28","slug":"subsecretario-de-economia-de-visita-en-aysen-hemos-inyectado-12-400-millones-de-pesos-al-corazon-de-la-economia-local-a-traves-del-bono-de-alivio","status":"publish","type":"post","link":"https:\/\/radiorevelacionfm.cl\/?p=7104","title":{"rendered":"Subsecretario de Econom\u00eda de visita en Ays\u00e9n: \u201cHemos inyectado 12.400 millones al coraz\u00f3n de la econom\u00eda local a trav\u00e9s del Bono de Alivio\u201d"},"content":{"rendered":"<div class=\"flex_column av_one_full  flex_column_div av-zero-column-padding first  avia-builder-el-0  el_before_av_one_full  avia-builder-el-first  \" style='border-radius:0px; '><div  class='avia-image-container  av-styling-    avia-builder-el-1  avia-builder-el-no-sibling  avia-align-center '  itemprop=\"image\" itemscope=\"itemscope\" itemtype=\"https:\/\/schema.org\/ImageObject\"  ><div class='avia-image-container-inner'><div class='avia-image-overlay-wrap'><img decoding=\"async\" class='wp-image-7105 avia-img-lazy-loading-not-7105 avia_image' src=\"https:\/\/radiorevelacionfm.cl\/wp-content\/uploads\/2021\/08\/visita-subsecretario-de-economia-5-1_optimized.jpeg\" alt='' title='visita-subsecretario-de-economia--(5)-(1)_optimized' height=\"600\" width=\"1302\"  itemprop=\"thumbnailUrl\" srcset=\"https:\/\/radiorevelacionfm.cl\/wp-content\/uploads\/2021\/08\/visita-subsecretario-de-economia-5-1_optimized.jpeg 1302w, https:\/\/radiorevelacionfm.cl\/wp-content\/uploads\/2021\/08\/visita-subsecretario-de-economia-5-1_optimized-300x138.jpeg 300w, https:\/\/radiorevelacionfm.cl\/wp-content\/uploads\/2021\/08\/visita-subsecretario-de-economia-5-1_optimized-1030x475.jpeg 1030w, https:\/\/radiorevelacionfm.cl\/wp-content\/uploads\/2021\/08\/visita-subsecretario-de-economia-5-1_optimized-768x354.jpeg 768w, https:\/\/radiorevelacionfm.cl\/wp-content\/uploads\/2021\/08\/visita-subsecretario-de-economia-5-1_optimized-705x325.jpeg 705w, https:\/\/radiorevelacionfm.cl\/wp-content\/uploads\/2021\/08\/visita-subsecretario-de-economia-5-1_optimized-600x276.jpeg 600w\" sizes=\"(max-width: 1302px) 100vw, 1302px\" \/><\/div><\/div><\/div><\/div><div class=\"flex_column av_one_full  flex_column_div av-zero-column-padding first  avia-builder-el-2  el_after_av_one_full  el_before_av_one_full  column-top-margin\" style='border-radius:0px; '><section class=\"av_textblock_section \"  itemscope=\"itemscope\" itemtype=\"https:\/\/schema.org\/BlogPosting\" itemprop=\"blogPost\" ><div class='avia_textblock  '   itemprop=\"text\" ><p style=\"text-align: center;\"><span style=\"font-size: 18pt;\"><b>Subsecretario de Econom\u00eda de visita en Ays\u00e9n: \u201cHemos inyectado 12.400 millones al coraz\u00f3n de la econom\u00eda local a trav\u00e9s del Bono de Alivio\u201d<\/b><\/span><\/p>\n<div id=\"gtx-trans\" style=\"position: absolute; left: -50px; top: 4.31534px;\">\n<div class=\"gtx-trans-icon\"><\/div>\n<\/div>\n<\/div><\/section><\/div><div class=\"flex_column av_one_full  flex_column_div av-zero-column-padding first  avia-builder-el-4  el_after_av_one_full  el_before_av_hr  column-top-margin\" style='border-radius:0px; '><section class=\"av_textblock_section \"  itemscope=\"itemscope\" itemtype=\"https:\/\/schema.org\/BlogPosting\" itemprop=\"blogPost\" ><div class='avia_textblock  '   itemprop=\"text\" ><p style=\"font-weight: 400; text-align: justify;\">Dos jornadas de actividades contemplaron la visita del Subsecretario de Econom\u00eda Julio Pertuz\u00e9 en nuestra regi\u00f3n. Reuniones con autoridades locales como la Delegada Regional Presidencial Margarita Ossa, el Delegado Provincial de Ays\u00e9n Manuel Ortiz y representantes de gremios productivos de la regi\u00f3n de las comunas de Ays\u00e9n y Coyhaique, fueron parte de las actividades realizadas en terreno.<\/p>\n<p style=\"font-weight: 400; text-align: justify;\">A su vez, la agenda incluy\u00f3 un recorrido por los barrios comerciales de Ays\u00e9n y Coyhaique, donde la autoridad pudo conversar con locatarios y trabajadores del sector gastron\u00f3mico para conocer sus inquietudes e ideas de cara al segundo semestre con medidas menos estrictas debido a la alta tasa de vacunaci\u00f3n y la entrada de todo Ays\u00e9n en fase 4 en el actual plan paso a paso a partir de este s\u00e1bado.<\/p>\n<p style=\"font-weight: 400; text-align: justify;\">Al respecto el Subsecretario Pertuz\u00e9 indic\u00f3 que \u201cEn la medida que toda la regi\u00f3n pase a fase 4, gracias a la alta tasa de vacunaci\u00f3n que tiene hoy Ays\u00e9n se van a ir dando las condiciones para que paulatinamente nuestra econom\u00eda vuelva a tener un mejor desempe\u00f1o de cara al segundo semestre y de una nueva temporada tur\u00edstica que se avecina. El llamado es a continuar cuid\u00e1ndose y tomando todas las medidas necesarias ya conocidas por todos para mantener esta hermosa regi\u00f3n con el virus controlado y as\u00ed avanzar en el proceso de reactivaci\u00f3n econ\u00f3mica\u201d.<\/p>\n<p style=\"font-weight: 400; text-align: justify;\">Adem\u00e1s agreg\u00f3 que \u201cComo Ministerio hemos realizado un completo despliegue por todo el pa\u00eds recalcando la importancia que tiene apoyar a los emprendimientos, a aquellos micro, peque\u00f1os y medianos empresarios a trav\u00e9s, por ejemplo, del Bono de Alivio a las Mypes que cuya primera etapa ha entregado s\u00f3lo en Ays\u00e9n m\u00e1s de 12.400 millones de pesos, cifra que se ha inyectado directamente al coraz\u00f3n de la econom\u00eda local, el motor de la regi\u00f3n y en una de las fuentes m\u00e1s importantes de empleo\u201d.<\/p>\n<p style=\"font-weight: 400; text-align: justify;\">Autoridades como las Directoras y Directores Regionales de Sercotec, Prochile, Sernatur y Corfo, as\u00ed como el Seremi de Econom\u00eda estuvieron presentes en cada actividad realizada en el marco de esta gira regional realizada por el Subsecretario Pertuz\u00e9, como parte del gabinete econ\u00f3mico local cuyos programas de financiamiento contin\u00faan entreg\u00e1ndose de manera sectorial este segundo semestre como parte de las medidas de apoyo al sector productivo especialmente a las \u00e1reas m\u00e1s afectadas por la pandemia.<\/p>\n<p style=\"font-weight: 400; text-align: justify;\"><strong>Segunda Etapa Bono Alivio<\/strong><\/p>\n<p style=\"font-weight: 400; text-align: justify;\">En las diversas actividades desarrolladas en la regi\u00f3n, la autoridad record\u00f3 que desde el 18 de agosto se inicia el proceso de solicitud del segundo bono, denominado \u201cBono Variable\u201d, el cual va dirigido a todas las personas que pagan impuestos en primera categor\u00eda y que tuvieron ventas el a\u00f1o 2019. A ellos se les entregar\u00e1 un plazo m\u00e1s extenso de 2 meses (hasta el 18 de octubre) para acceder a este beneficio que se calcula por el promedio del pago de I.V.A multiplicado por 3. En dicho apoyo financiero tambi\u00e9n se contempla una bonificaci\u00f3n del 20% adicional con tope de 2 millones de pesos a aquellas mujeres propietarias de estos emprendimientos y Mypes.<\/p>\n<p style=\"font-weight: 400; text-align: justify;\"><strong>Reapertura Gran Hotel Ays\u00e9n<\/strong><\/p>\n<p style=\"font-weight: 400; text-align: justify;\">Una de las instancias m\u00e1s significativas de la visita del Subsecretario de econom\u00eda en la regi\u00f3n, fue la entrega del Certificado de Registro otorgado por Sernatur al propietario del nuevo\u00a0<em>Gran Hotel Ays\u00e9n,\u00a0<\/em>infraestructura de primer nivel que gracias a dicho documento va a poder operar en los pr\u00f3ximos meses y que viene a aumentar la capacidad hotelera y de hospedaje en la comuna de Ays\u00e9n de cara a la temporada tur\u00edstica 2021 \u2013 20222 que se avecina.<\/p>\n<\/div><\/section><\/div><div  style='height:50px' class='hr hr-invisible   avia-builder-el-6  el_after_av_one_full  el_before_av_social_share '><span class='hr-inner ' ><span class='hr-inner-style'><\/span><\/span><\/div><\/p>\n<div  class='av-social-sharing-box  avia-builder-el-7  el_after_av_hr  el_before_av_hr  '><div class='av-share-box'><h5 class='av-share-link-description av-no-toc '>Compartir esta noticia<\/h5><ul class='av-share-box-list noLightbox'><li class='av-share-link av-social-link-facebook' ><a target=\"_blank\" aria-label=\"Compartir en Facebook\" href='https:\/\/www.facebook.com\/sharer.php?u=https:\/\/radiorevelacionfm.cl\/?p=7104&#038;t=Subsecretario%20de%20Econom%C3%ADa%20de%20visita%20en%20Ays%C3%A9n%3A%20%E2%80%9CHemos%20inyectado%2012.400%20millones%20al%20coraz%C3%B3n%20de%20la%20econom%C3%ADa%20local%20a%20trav%C3%A9s%20del%20Bono%20de%20Alivio%E2%80%9D' aria-hidden='false' data-av_icon='\ue8f3' data-av_iconfont='entypo-fontello' title='' data-avia-related-tooltip='Compartir en Facebook' rel=\"noopener\"><span class='avia_hidden_link_text'>Compartir en Facebook<\/span><\/a><\/li><li class='av-share-link av-social-link-twitter' ><a target=\"_blank\" aria-label=\"Compartir en Twitter\" href='https:\/\/twitter.com\/share?text=Subsecretario%20de%20Econom%C3%ADa%20de%20visita%20en%20Ays%C3%A9n%3A%20%E2%80%9CHemos%20inyectado%2012.400%20millones%20al%20coraz%C3%B3n%20de%20la%20econom%C3%ADa%20local%20a%20trav%C3%A9s%20del%20Bono%20de%20Alivio%E2%80%9D&#038;url=https:\/\/radiorevelacionfm.cl\/?p=7104' aria-hidden='false' data-av_icon='\ue8f1' data-av_iconfont='entypo-fontello' title='' data-avia-related-tooltip='Compartir en Twitter' rel=\"noopener\"><span class='avia_hidden_link_text'>Compartir en Twitter<\/span><\/a><\/li><li class='av-share-link av-social-link-whatsapp' ><a target=\"_blank\" aria-label=\"Compartir en Whatsapp\" href='https:\/\/api.whatsapp.com\/send?text=https:\/\/radiorevelacionfm.cl\/?p=7104' aria-hidden='false' data-av_icon='\uf232' data-av_iconfont='entypo-fontello' title='' data-avia-related-tooltip='Compartir en Whatsapp' rel=\"noopener\"><span class='avia_hidden_link_text'>Compartir en Whatsapp<\/span><\/a><\/li><li class='av-share-link av-social-link-linkedin' ><a target=\"_blank\" aria-label=\"Compartir en LinkedIn\" href='https:\/\/linkedin.com\/shareArticle?mini=true&#038;title=Subsecretario%20de%20Econom%C3%ADa%20de%20visita%20en%20Ays%C3%A9n%3A%20%E2%80%9CHemos%20inyectado%2012.400%20millones%20al%20coraz%C3%B3n%20de%20la%20econom%C3%ADa%20local%20a%20trav%C3%A9s%20del%20Bono%20de%20Alivio%E2%80%9D&#038;url=https:\/\/radiorevelacionfm.cl\/?p=7104' aria-hidden='false' data-av_icon='\ue8fc' data-av_iconfont='entypo-fontello' title='' data-avia-related-tooltip='Compartir en LinkedIn' rel=\"noopener\"><span class='avia_hidden_link_text'>Compartir en LinkedIn<\/span><\/a><\/li><li class='av-share-link av-social-link-mail' ><a  aria-label=\"Compartir por correo\" href='mailto:?subject=Subsecretario%20de%20Econom%C3%ADa%20de%20visita%20en%20Ays%C3%A9n%3A%20%E2%80%9CHemos%20inyectado%2012.400%20millones%20al%20coraz%C3%B3n%20de%20la%20econom%C3%ADa%20local%20a%20trav%C3%A9s%20del%20Bono%20de%20Alivio%E2%80%9D&#038;body=https:\/\/radiorevelacionfm.cl\/?p=7104' aria-hidden='false' data-av_icon='\ue805' data-av_iconfont='entypo-fontello' title='' data-avia-related-tooltip='Compartir por correo'><span class='avia_hidden_link_text'>Compartir por correo<\/span><\/a><\/li><\/ul><\/div><\/div>\n<div  style='height:50px' class='hr hr-invisible   avia-builder-el-8  el_after_av_social_share  el_before_av_comments_list '><span class='hr-inner ' ><span class='hr-inner-style'><\/span><\/span><\/div>\n<div  class='av-buildercomment  av-blog-meta-html-info-disabled av-blog-meta-tag-disabled  '><\/div>\n","protected":false},"excerpt":{"rendered":"","protected":false},"author":1,"featured_media":7105,"comment_status":"open","ping_status":"open","sticky":false,"template":"","format":"standard","meta":{"footnotes":""},"categories":[37],"tags":[],"class_list":["post-7104","post","type-post","status-publish","format-standard","has-post-thumbnail","hentry","category-economia"],"jetpack_featured_media_url":"https:\/\/radiorevelacionfm.cl\/wp-content\/uploads\/2021\/08\/visita-subsecretario-de-economia-5-1_optimized.jpeg","_links":{"self":[{"href":"https:\/\/radiorevelacionfm.cl\/index.php?rest_route=\/wp\/v2\/posts\/7104","targetHints":{"allow":["GET"]}}],"collection":[{"href":"https:\/\/radiorevelacionfm.cl\/index.php?rest_route=\/wp\/v2\/posts"}],"about":[{"href":"https:\/\/radiorevelacionfm.cl\/index.php?rest_route=\/wp\/v2\/types\/post"}],"author":[{"embeddable":true,"href":"https:\/\/radiorevelacionfm.cl\/index.php?rest_route=\/wp\/v2\/users\/1"}],"replies":[{"embeddable":true,"href":"https:\/\/radiorevelacionfm.cl\/index.php?rest_route=%2Fwp%2Fv2%2Fcomments&post=7104"}],"version-history":[{"count":3,"href":"https:\/\/radiorevelacionfm.cl\/index.php?rest_route=\/wp\/v2\/posts\/7104\/revisions"}],"predecessor-version":[{"id":7116,"href":"https:\/\/radiorevelacionfm.cl\/index.php?rest_route=\/wp\/v2\/posts\/7104\/revisions\/7116"}],"wp:featuredmedia":[{"embeddable":true,"href":"https:\/\/radiorevelacionfm.cl\/index.php?rest_route=\/wp\/v2\/media\/7105"}],"wp:attachment":[{"href":"https:\/\/radiorevelacionfm.cl\/index.php?rest_route=%2Fwp%2Fv2%2Fmedia&parent=7104"}],"wp:term":[{"taxonomy":"category","embeddable":true,"href":"https:\/\/radiorevelacionfm.cl\/index.php?rest_route=%2Fwp%2Fv2%2Fcategories&post=7104"},{"taxonomy":"post_tag","embeddable":true,"href":"https:\/\/radiorevelacionfm.cl\/index.php?rest_route=%2Fwp%2Fv2%2Ftags&post=7104"}],"curies":[{"name":"wp","href":"https:\/\/api.w.org\/{rel}","templated":true}]}}