{"id":7096,"date":"2021-08-05T17:52:26","date_gmt":"2021-08-05T20:52:26","guid":{"rendered":"https:\/\/radiorevelacionfm.cl\/?p=7096"},"modified":"2021-08-05T17:59:12","modified_gmt":"2021-08-05T20:59:12","slug":"ximena-ordenes-destaco-despacho-de-nueva-ley-que-sanciona-el-acoso-en-el-ambito-academico","status":"publish","type":"post","link":"https:\/\/radiorevelacionfm.cl\/?p=7096","title":{"rendered":"Ximena \u00d3rdenes destac\u00f3 despacho de nueva ley que sanciona el Acoso en el \u00e1mbito acad\u00e9mico"},"content":{"rendered":"<div class=\"flex_column av_one_full  flex_column_div av-zero-column-padding first  avia-builder-el-0  el_before_av_one_full  avia-builder-el-first  \" style='border-radius:0px; '><div  class='avia-image-container  av-styling-    avia-builder-el-1  avia-builder-el-no-sibling  avia-align-center '  itemprop=\"image\" itemscope=\"itemscope\" itemtype=\"https:\/\/schema.org\/ImageObject\"  ><div class='avia-image-container-inner'><div class='avia-image-overlay-wrap'><img decoding=\"async\" class='wp-image-7100 avia-img-lazy-loading-not-7100 avia_image' src=\"https:\/\/radiorevelacionfm.cl\/wp-content\/uploads\/2021\/08\/Senadora-Ordenes7.1-1.jpg\" alt='' title='Senadora Ordenes7.1 (1)' height=\"603\" width=\"1024\"  itemprop=\"thumbnailUrl\" srcset=\"https:\/\/radiorevelacionfm.cl\/wp-content\/uploads\/2021\/08\/Senadora-Ordenes7.1-1.jpg 1024w, https:\/\/radiorevelacionfm.cl\/wp-content\/uploads\/2021\/08\/Senadora-Ordenes7.1-1-300x177.jpg 300w, https:\/\/radiorevelacionfm.cl\/wp-content\/uploads\/2021\/08\/Senadora-Ordenes7.1-1-768x452.jpg 768w, https:\/\/radiorevelacionfm.cl\/wp-content\/uploads\/2021\/08\/Senadora-Ordenes7.1-1-705x415.jpg 705w, https:\/\/radiorevelacionfm.cl\/wp-content\/uploads\/2021\/08\/Senadora-Ordenes7.1-1-600x353.jpg 600w\" sizes=\"(max-width: 1024px) 100vw, 1024px\" \/><\/div><\/div><\/div><\/div>\n<div class=\"flex_column av_one_full  flex_column_div av-zero-column-padding first  avia-builder-el-2  el_after_av_one_full  el_before_av_one_full  column-top-margin\" style='border-radius:0px; '><section class=\"av_textblock_section \"  itemscope=\"itemscope\" itemtype=\"https:\/\/schema.org\/BlogPosting\" itemprop=\"blogPost\" ><div class='avia_textblock  '   itemprop=\"text\" ><p style=\"text-align: center;\"><strong><span style=\"font-size: 18pt;\">Ximena \u00d3rdenes destac\u00f3 despacho de nueva ley que sanciona el Acoso en el \u00e1mbito acad\u00e9mico<\/span><\/strong><\/p>\n<div id=\"gtx-trans\" style=\"position: absolute; left: -50px; top: 4.31534px;\">\n<div class=\"gtx-trans-icon\"><\/div>\n<\/div>\n<\/div><\/section><\/div><div class=\"flex_column av_one_full  flex_column_div av-zero-column-padding first  avia-builder-el-4  el_after_av_one_full  el_before_av_hr  column-top-margin\" style='border-radius:0px; '><section class=\"av_textblock_section \"  itemscope=\"itemscope\" itemtype=\"https:\/\/schema.org\/BlogPosting\" itemprop=\"blogPost\" ><div class='avia_textblock  '   itemprop=\"text\" ><p style=\"font-weight: 400; text-align: justify;\">La senadora autora del proyecto asegur\u00f3 que con esto se marca un \u201cprecedente\u201d para establecer \u201cuna norma que incluso castigue con penas de c\u00e1rcel a quien incurra en este tipo de delitos\u201d. Adem\u00e1s, de destacar el trabajo desplegado por la Red de Investigadoras, quienes impulsaron desde la sociedad civil la idea de la ley.<\/p>\n<p style=\"font-weight: 400; text-align: justify;\">En la sesi\u00f3n especial de esta ma\u00f1ana, el Senado aprob\u00f3 por amplia mayor\u00eda el proyecto de ley que sanciona el acoso sexual, la violencia y la discriminaci\u00f3n de g\u00e9nero en el \u00e1mbito acad\u00e9mico, de esta forma la iniciativa ser\u00e1 ley en los pr\u00f3ximos d\u00edas, luego que el Presidente de la Rep\u00fablica la promulgu\u00e9.<\/p>\n<p style=\"font-weight: 400; text-align: justify;\">El proyecto, busca promover pol\u00edticas, al interior de entidades de educaci\u00f3n superior, para prevenir, investigar, sancionar y erradicar actos de acoso sexual, violencia o discriminaci\u00f3n de g\u00e9nero.<\/p>\n<p style=\"font-weight: 400; text-align: justify;\">En este sentido, la parlamentaria por la regi\u00f3n de Ays\u00e9n destac\u00f3 la aprobaci\u00f3n del proyecto. \u201cser\u00e1 obligaci\u00f3n de todas las instituciones de educaci\u00f3n, de todos los niveles formativos, el adoptar activamente aquellas medidas que sean necesarias para erradicar el acoso sexual y toda forma de violencia contra las mujeres, debiendo promover el buen trato y relaciones igualitarias de g\u00e9nero\u00bb.<\/p>\n<p style=\"font-weight: 400; text-align: justify;\">La senadora durante su intervenci\u00f3n record\u00f3 que el origen del proyecto nace en medio del denominado \u201cmayo feminista\u201d del 2018, cuando en m\u00e1s de una docena de planteles de Educaci\u00f3n Superior se conocieron casos de acoso sexual.<\/p>\n<p style=\"font-weight: 400; text-align: justify;\">\u201cEn menos de cinco meses hubo 37 denuncias de acoso sexual en la Universidad Cat\u00f3lica que movilizaron a las mujeres de ese plantel y muchos otros casos de las universidades que estuvieron en toma hasta que se aclaran los casos de acoso sexual\u201d, indic\u00f3 la senadora \u00d3rdenes, quien agreg\u00f3: \u201chechos dram\u00e1ticos que pudieron haberse evitado con pol\u00edticas de prevenci\u00f3n o haberse sancionado con reglas claras de investigaci\u00f3n (\u2026) pero en Chile no cont\u00e1bamos con la tipificaci\u00f3n del acoso sexual en el \u00e1mbito acad\u00e9mico\u201d.<\/p>\n<p style=\"font-weight: 400; text-align: justify;\">Asimismo, la parlamentaria defendi\u00f3 la nueva ley ya que a su juicio: \u201cNecesitamos fijar este marco, porque aqu\u00ed no bastan los esfuerzos individuales de las instituciones que pueden hacerlo y algunas ya lo han hecho. Todas las mujeres merecen un trato digno, porque ninguna mujer es menos importante\u201d.<\/p>\n<p style=\"font-weight: 400; text-align: justify;\">Adem\u00e1s, la senadora Ximena \u00d3rdenes Neira subray\u00f3 que la ley incorpora a las instituciones de car\u00e1cter uniformado, lo que seg\u00fan la parlamentaria es un avance ya que: \u201csigue imperando una cultura machista muy invisibilizadas, ellas se ubican en la otra vereda de las marchas, pero tambi\u00e9n son mujeres v\u00edctimas de abuso\u201d, sostuvo.<\/p>\n<p style=\"font-weight: 400; text-align: justify;\">Finalmente, la senadora \u00d3rdenes asegur\u00f3: \u201ceste es un proyecto mucho m\u00e1s robusto y extenso que el presentado el 2018\u201d, y agreg\u00f3: \u201cMuchos que ven con naturalidad este tipo de conductas lo van a pensar m\u00e1s de una vez antes de actuar y tener conductas que denigran y vulneran derechos (\u2026). Porque al igual que lo hizo el movimiento feminista el a\u00f1o 2018, con este tipo de iniciativas lo que queremos hacer es apuntar a una cultura de igualdad, de nuevo trato entre hombres y mujeres, y terminar con el patriarcado que ha generado profundas desigualdades\u201d, puntualiz\u00f3.<\/p>\n<\/div><\/section><\/div><\/p>\n<div  style='height:50px' class='hr hr-invisible   avia-builder-el-6  el_after_av_one_full  el_before_av_social_share '><span class='hr-inner ' ><span class='hr-inner-style'><\/span><\/span><\/div>\n<div  class='av-social-sharing-box  avia-builder-el-7  el_after_av_hr  el_before_av_hr  '><div class='av-share-box'><h5 class='av-share-link-description av-no-toc '>Compartir esta noticia<\/h5><ul class='av-share-box-list noLightbox'><li class='av-share-link av-social-link-facebook' ><a target=\"_blank\" aria-label=\"Compartir en Facebook\" href='https:\/\/www.facebook.com\/sharer.php?u=https:\/\/radiorevelacionfm.cl\/?p=7096&#038;t=Ximena%20%C3%93rdenes%20destac%C3%B3%20despacho%20de%20nueva%20ley%20que%20sanciona%20el%20Acoso%20en%20el%20%C3%A1mbito%20acad%C3%A9mico' aria-hidden='false' data-av_icon='\ue8f3' data-av_iconfont='entypo-fontello' title='' data-avia-related-tooltip='Compartir en Facebook' rel=\"noopener\"><span class='avia_hidden_link_text'>Compartir en Facebook<\/span><\/a><\/li><li class='av-share-link av-social-link-twitter' ><a target=\"_blank\" aria-label=\"Compartir en Twitter\" href='https:\/\/twitter.com\/share?text=Ximena%20%C3%93rdenes%20destac%C3%B3%20despacho%20de%20nueva%20ley%20que%20sanciona%20el%20Acoso%20en%20el%20%C3%A1mbito%20acad%C3%A9mico&#038;url=https:\/\/radiorevelacionfm.cl\/?p=7096' aria-hidden='false' data-av_icon='\ue8f1' data-av_iconfont='entypo-fontello' title='' data-avia-related-tooltip='Compartir en Twitter' rel=\"noopener\"><span class='avia_hidden_link_text'>Compartir en Twitter<\/span><\/a><\/li><li class='av-share-link av-social-link-whatsapp' ><a target=\"_blank\" aria-label=\"Compartir en Whatsapp\" href='https:\/\/api.whatsapp.com\/send?text=https:\/\/radiorevelacionfm.cl\/?p=7096' aria-hidden='false' data-av_icon='\uf232' data-av_iconfont='entypo-fontello' title='' data-avia-related-tooltip='Compartir en Whatsapp' rel=\"noopener\"><span class='avia_hidden_link_text'>Compartir en Whatsapp<\/span><\/a><\/li><li class='av-share-link av-social-link-linkedin' ><a target=\"_blank\" aria-label=\"Compartir en LinkedIn\" href='https:\/\/linkedin.com\/shareArticle?mini=true&#038;title=Ximena%20%C3%93rdenes%20destac%C3%B3%20despacho%20de%20nueva%20ley%20que%20sanciona%20el%20Acoso%20en%20el%20%C3%A1mbito%20acad%C3%A9mico&#038;url=https:\/\/radiorevelacionfm.cl\/?p=7096' aria-hidden='false' data-av_icon='\ue8fc' data-av_iconfont='entypo-fontello' title='' data-avia-related-tooltip='Compartir en LinkedIn' rel=\"noopener\"><span class='avia_hidden_link_text'>Compartir en LinkedIn<\/span><\/a><\/li><li class='av-share-link av-social-link-mail' ><a  aria-label=\"Compartir por correo\" href='mailto:?subject=Ximena%20%C3%93rdenes%20destac%C3%B3%20despacho%20de%20nueva%20ley%20que%20sanciona%20el%20Acoso%20en%20el%20%C3%A1mbito%20acad%C3%A9mico&#038;body=https:\/\/radiorevelacionfm.cl\/?p=7096' aria-hidden='false' data-av_icon='\ue805' data-av_iconfont='entypo-fontello' title='' data-avia-related-tooltip='Compartir por correo'><span class='avia_hidden_link_text'>Compartir por correo<\/span><\/a><\/li><\/ul><\/div><\/div>\n<div  style='height:50px' class='hr hr-invisible   avia-builder-el-8  el_after_av_social_share  el_before_av_comments_list '><span class='hr-inner ' ><span class='hr-inner-style'><\/span><\/span><\/div>\n<div  class='av-buildercomment  av-blog-meta-html-info-disabled av-blog-meta-tag-disabled  '><\/div>\n","protected":false},"excerpt":{"rendered":"","protected":false},"author":1,"featured_media":7100,"comment_status":"open","ping_status":"open","sticky":false,"template":"","format":"standard","meta":{"footnotes":""},"categories":[35],"tags":[],"class_list":["post-7096","post","type-post","status-publish","format-standard","has-post-thumbnail","hentry","category-politica"],"jetpack_featured_media_url":"https:\/\/radiorevelacionfm.cl\/wp-content\/uploads\/2021\/08\/Senadora-Ordenes7.1-1.jpg","_links":{"self":[{"href":"https:\/\/radiorevelacionfm.cl\/index.php?rest_route=\/wp\/v2\/posts\/7096","targetHints":{"allow":["GET"]}}],"collection":[{"href":"https:\/\/radiorevelacionfm.cl\/index.php?rest_route=\/wp\/v2\/posts"}],"about":[{"href":"https:\/\/radiorevelacionfm.cl\/index.php?rest_route=\/wp\/v2\/types\/post"}],"author":[{"embeddable":true,"href":"https:\/\/radiorevelacionfm.cl\/index.php?rest_route=\/wp\/v2\/users\/1"}],"replies":[{"embeddable":true,"href":"https:\/\/radiorevelacionfm.cl\/index.php?rest_route=%2Fwp%2Fv2%2Fcomments&post=7096"}],"version-history":[{"count":4,"href":"https:\/\/radiorevelacionfm.cl\/index.php?rest_route=\/wp\/v2\/posts\/7096\/revisions"}],"predecessor-version":[{"id":7103,"href":"https:\/\/radiorevelacionfm.cl\/index.php?rest_route=\/wp\/v2\/posts\/7096\/revisions\/7103"}],"wp:featuredmedia":[{"embeddable":true,"href":"https:\/\/radiorevelacionfm.cl\/index.php?rest_route=\/wp\/v2\/media\/7100"}],"wp:attachment":[{"href":"https:\/\/radiorevelacionfm.cl\/index.php?rest_route=%2Fwp%2Fv2%2Fmedia&parent=7096"}],"wp:term":[{"taxonomy":"category","embeddable":true,"href":"https:\/\/radiorevelacionfm.cl\/index.php?rest_route=%2Fwp%2Fv2%2Fcategories&post=7096"},{"taxonomy":"post_tag","embeddable":true,"href":"https:\/\/radiorevelacionfm.cl\/index.php?rest_route=%2Fwp%2Fv2%2Ftags&post=7096"}],"curies":[{"name":"wp","href":"https:\/\/api.w.org\/{rel}","templated":true}]}}