{"id":7093,"date":"2021-08-05T17:14:24","date_gmt":"2021-08-05T20:14:24","guid":{"rendered":"https:\/\/radiorevelacionfm.cl\/?p=7093"},"modified":"2021-08-05T17:14:24","modified_gmt":"2021-08-05T20:14:24","slug":"con-diversas-y-entretenidas-actividades-celebraran-el-mes-de-los-ninos-y-ninas-en-aysen","status":"publish","type":"post","link":"https:\/\/radiorevelacionfm.cl\/?p=7093","title":{"rendered":"Con diversas y entretenidas actividades celebrar\u00e1n el mes de los ni\u00f1os y ni\u00f1as en Ays\u00e9n"},"content":{"rendered":"<div class=\"flex_column av_one_full  flex_column_div av-zero-column-padding first  avia-builder-el-0  el_before_av_one_full  avia-builder-el-first  \" style='border-radius:0px; '><div  class='avia-image-container  av-styling-    avia-builder-el-1  avia-builder-el-no-sibling  avia-align-center '  itemprop=\"image\" itemscope=\"itemscope\" itemtype=\"https:\/\/schema.org\/ImageObject\"  ><div class='avia-image-container-inner'><div class='avia-image-overlay-wrap'><img decoding=\"async\" class='wp-image-7094 avia-img-lazy-loading-not-7094 avia_image' src=\"https:\/\/radiorevelacionfm.cl\/wp-content\/uploads\/2021\/08\/IMG-diadelninoa1-1-1.jpg\" alt='' title='IMG-diadelninoa1 (1) (1)' height=\"600\" width=\"967\"  itemprop=\"thumbnailUrl\" srcset=\"https:\/\/radiorevelacionfm.cl\/wp-content\/uploads\/2021\/08\/IMG-diadelninoa1-1-1.jpg 967w, https:\/\/radiorevelacionfm.cl\/wp-content\/uploads\/2021\/08\/IMG-diadelninoa1-1-1-300x186.jpg 300w, https:\/\/radiorevelacionfm.cl\/wp-content\/uploads\/2021\/08\/IMG-diadelninoa1-1-1-768x477.jpg 768w, https:\/\/radiorevelacionfm.cl\/wp-content\/uploads\/2021\/08\/IMG-diadelninoa1-1-1-705x437.jpg 705w, https:\/\/radiorevelacionfm.cl\/wp-content\/uploads\/2021\/08\/IMG-diadelninoa1-1-1-600x372.jpg 600w\" sizes=\"(max-width: 967px) 100vw, 967px\" \/><\/div><\/div><\/div><\/div><div class=\"flex_column av_one_full  flex_column_div av-zero-column-padding first  avia-builder-el-2  el_after_av_one_full  el_before_av_one_full  column-top-margin\" style='border-radius:0px; '><section class=\"av_textblock_section \"  itemscope=\"itemscope\" itemtype=\"https:\/\/schema.org\/BlogPosting\" itemprop=\"blogPost\" ><div class='avia_textblock  '   itemprop=\"text\" ><p style=\"text-align: center;\"><strong><span style=\"font-size: 18pt;\">Con diversas y entretenidas actividades celebrar\u00e1n el mes de los ni\u00f1os y ni\u00f1as en Ays\u00e9n<\/span><\/strong><\/p>\n<div id=\"gtx-trans\" style=\"position: absolute; left: -50px; top: 4.31534px;\">\n<div class=\"gtx-trans-icon\"><\/div>\n<\/div>\n<\/div><\/section><\/div><div class=\"flex_column av_one_full  flex_column_div av-zero-column-padding first  avia-builder-el-4  el_after_av_one_full  el_before_av_hr  column-top-margin\" style='border-radius:0px; '><section class=\"av_textblock_section \"  itemscope=\"itemscope\" itemtype=\"https:\/\/schema.org\/BlogPosting\" itemprop=\"blogPost\" ><div class='avia_textblock  '   itemprop=\"text\" ><p style=\"text-align: justify;\">Con una amplia agenda y un car\u00e1cter descentralizador la Ilustre Municipalidad de Ays\u00e9n a trav\u00e9s de la Direcci\u00f3n de Desarrollo Comunitario efectuar\u00e1 una nueva celebraci\u00f3n del mes del ni\u00f1o y ni\u00f1a contando para ello con distintas actividades que buscan generar un espacio de contenci\u00f3n y distracci\u00f3n para los menores ayseninos. Juegos, concursos y sorpresas marcar\u00e1n los fines de semana de agosto en cada localidad de la comuna de Ays\u00e9n. Cabe destacar que se han adoptado todas las medidas sanitarias establecidas por la Autoridad Sanitaria.<\/p>\n<p style=\"text-align: justify;\">El alcalde de Ays\u00e9n, Julio Uribe Alvarado, coment\u00f3 esta materia explicando que el lanzamiento se desarrollar\u00e1 desde Islas Huichas con motivo de potenciar a las localidades, \u201cvamos a llevar actividades, a trabajar a trav\u00e9s de la cultura, a trav\u00e9s de diferentes programas para poder tener este mes de la infancia con diversas actividades. Como municipio estamos muy contentos, nosotros tenemos grandes equipos de trabajo y nos vamos a desplegar en toda la comuna para que tengamos un muy buen mes de la ni\u00f1ez\u201d.<\/p>\n<p style=\"text-align: justify;\">Asimismo, Mauricio Jaque, director de Desarrollo Comunitario de la Casa Edilicia relev\u00f3 la acci\u00f3n descentralizadora con la que se pretende iniciar estas celebraciones y realiz\u00f3 un llamado a los vecinos a participar tambi\u00e9n del programa \u201cDideco en tu barrio\u201d que se efectuar\u00e1 el pr\u00f3ximo s\u00e1bado 07 y domingo 08, \u201cestamos muy contentos, por eso invito a toda la comunidad de Puerto Aguirre, Estero Copa y Caleta Andrade a participar de este gran hito y de este gran evento con el cual queremos incluirlos y aprovecho de enviar un saludo a todos los los ni\u00f1os, ni\u00f1as y adolescentes en este mes tan significativo para ellos\u201d.<\/p>\n<p style=\"text-align: justify;\">Por su parte, la Seremi del Trabajo y Previsi\u00f3n Social en Ays\u00e9n, Andrea Ponce, enfatiz\u00f3 en el trabajo colaborativo entre instituciones en pos de los ni\u00f1os, ni\u00f1as y adolescentes, agregando que \u201cnosotros desde el Ministerio del Trabajo estamos preocupados de erradicar el Trabajo Infantil, por eso agradecemos la invitaci\u00f3n, por eso siempre trabajamos con la OPD de Ays\u00e9n porque ese es nuestro fin, queremos que todos tengan trabajo menos nuestros ni\u00f1os y ni\u00f1as y los adolescentes entre 15 y 18 a\u00f1os si lo tienen que sea de manera protegida\u201d.<\/p>\n<p style=\"text-align: justify;\">Finalmente, Evelyn Anabal\u00f3n, encargada de la Oficina de Protecci\u00f3n de Derechos de Ays\u00e9n, realz\u00f3 la necesidad de que la comunidad conozca el funcionamiento de la unidad que encabeza para prevenir situaciones relativas a la vulneraci\u00f3n de derechos. Con ello, tambi\u00e9n efectu\u00f3 un llamado para participar en un seminario de parentalidad positiva a realizarse el 10 de agosto, \u201cy por otro lado, tambi\u00e9n estamos en conjunto con el Instituto de Derechos Humanos y el programa de prevenci\u00f3n del Centro de la Mujer haciendo un voluntariado de Juventudes de la Patagonia orientado a j\u00f3venes de 14 a 29 a\u00f1os a que se conviertan en Agentes sociales y culturales\u201d, sentenci\u00f3 profesional municipal.<\/p>\n<\/div><\/section><\/div><div  style='height:50px' class='hr hr-invisible   avia-builder-el-6  el_after_av_one_full  el_before_av_social_share '><span class='hr-inner ' ><span class='hr-inner-style'><\/span><\/span><\/div><\/p>\n<div  class='av-social-sharing-box  avia-builder-el-7  el_after_av_hr  el_before_av_hr  '><div class='av-share-box'><h5 class='av-share-link-description av-no-toc '>Compartir esta noticia<\/h5><ul class='av-share-box-list noLightbox'><li class='av-share-link av-social-link-facebook' ><a target=\"_blank\" aria-label=\"Compartir en Facebook\" href='https:\/\/www.facebook.com\/sharer.php?u=https:\/\/radiorevelacionfm.cl\/?p=7093&#038;t=Con%20diversas%20y%20entretenidas%20actividades%20celebrar%C3%A1n%20el%20mes%20de%20los%20ni%C3%B1os%20y%20ni%C3%B1as%20en%20Ays%C3%A9n' aria-hidden='false' data-av_icon='\ue8f3' data-av_iconfont='entypo-fontello' title='' data-avia-related-tooltip='Compartir en Facebook' rel=\"noopener\"><span class='avia_hidden_link_text'>Compartir en Facebook<\/span><\/a><\/li><li class='av-share-link av-social-link-twitter' ><a target=\"_blank\" aria-label=\"Compartir en Twitter\" href='https:\/\/twitter.com\/share?text=Con%20diversas%20y%20entretenidas%20actividades%20celebrar%C3%A1n%20el%20mes%20de%20los%20ni%C3%B1os%20y%20ni%C3%B1as%20en%20Ays%C3%A9n&#038;url=https:\/\/radiorevelacionfm.cl\/?p=7093' aria-hidden='false' data-av_icon='\ue8f1' data-av_iconfont='entypo-fontello' title='' data-avia-related-tooltip='Compartir en Twitter' rel=\"noopener\"><span class='avia_hidden_link_text'>Compartir en Twitter<\/span><\/a><\/li><li class='av-share-link av-social-link-whatsapp' ><a target=\"_blank\" aria-label=\"Compartir en Whatsapp\" href='https:\/\/api.whatsapp.com\/send?text=https:\/\/radiorevelacionfm.cl\/?p=7093' aria-hidden='false' data-av_icon='\uf232' data-av_iconfont='entypo-fontello' title='' data-avia-related-tooltip='Compartir en Whatsapp' rel=\"noopener\"><span class='avia_hidden_link_text'>Compartir en Whatsapp<\/span><\/a><\/li><li class='av-share-link av-social-link-linkedin' ><a target=\"_blank\" aria-label=\"Compartir en LinkedIn\" href='https:\/\/linkedin.com\/shareArticle?mini=true&#038;title=Con%20diversas%20y%20entretenidas%20actividades%20celebrar%C3%A1n%20el%20mes%20de%20los%20ni%C3%B1os%20y%20ni%C3%B1as%20en%20Ays%C3%A9n&#038;url=https:\/\/radiorevelacionfm.cl\/?p=7093' aria-hidden='false' data-av_icon='\ue8fc' data-av_iconfont='entypo-fontello' title='' data-avia-related-tooltip='Compartir en LinkedIn' rel=\"noopener\"><span class='avia_hidden_link_text'>Compartir en LinkedIn<\/span><\/a><\/li><li class='av-share-link av-social-link-mail' ><a  aria-label=\"Compartir por correo\" href='mailto:?subject=Con%20diversas%20y%20entretenidas%20actividades%20celebrar%C3%A1n%20el%20mes%20de%20los%20ni%C3%B1os%20y%20ni%C3%B1as%20en%20Ays%C3%A9n&#038;body=https:\/\/radiorevelacionfm.cl\/?p=7093' aria-hidden='false' data-av_icon='\ue805' data-av_iconfont='entypo-fontello' title='' data-avia-related-tooltip='Compartir por correo'><span class='avia_hidden_link_text'>Compartir por correo<\/span><\/a><\/li><\/ul><\/div><\/div>\n<div  style='height:50px' class='hr hr-invisible   avia-builder-el-8  el_after_av_social_share  el_before_av_comments_list '><span class='hr-inner ' ><span class='hr-inner-style'><\/span><\/span><\/div>\n<div  class='av-buildercomment  av-blog-meta-html-info-disabled av-blog-meta-tag-disabled  '><\/div>\n","protected":false},"excerpt":{"rendered":"","protected":false},"author":1,"featured_media":7094,"comment_status":"open","ping_status":"open","sticky":false,"template":"","format":"standard","meta":{"footnotes":""},"categories":[38],"tags":[],"class_list":["post-7093","post","type-post","status-publish","format-standard","has-post-thumbnail","hentry","category-regional"],"jetpack_featured_media_url":"https:\/\/radiorevelacionfm.cl\/wp-content\/uploads\/2021\/08\/IMG-diadelninoa1-1-1.jpg","_links":{"self":[{"href":"https:\/\/radiorevelacionfm.cl\/index.php?rest_route=\/wp\/v2\/posts\/7093","targetHints":{"allow":["GET"]}}],"collection":[{"href":"https:\/\/radiorevelacionfm.cl\/index.php?rest_route=\/wp\/v2\/posts"}],"about":[{"href":"https:\/\/radiorevelacionfm.cl\/index.php?rest_route=\/wp\/v2\/types\/post"}],"author":[{"embeddable":true,"href":"https:\/\/radiorevelacionfm.cl\/index.php?rest_route=\/wp\/v2\/users\/1"}],"replies":[{"embeddable":true,"href":"https:\/\/radiorevelacionfm.cl\/index.php?rest_route=%2Fwp%2Fv2%2Fcomments&post=7093"}],"version-history":[{"count":1,"href":"https:\/\/radiorevelacionfm.cl\/index.php?rest_route=\/wp\/v2\/posts\/7093\/revisions"}],"predecessor-version":[{"id":7095,"href":"https:\/\/radiorevelacionfm.cl\/index.php?rest_route=\/wp\/v2\/posts\/7093\/revisions\/7095"}],"wp:featuredmedia":[{"embeddable":true,"href":"https:\/\/radiorevelacionfm.cl\/index.php?rest_route=\/wp\/v2\/media\/7094"}],"wp:attachment":[{"href":"https:\/\/radiorevelacionfm.cl\/index.php?rest_route=%2Fwp%2Fv2%2Fmedia&parent=7093"}],"wp:term":[{"taxonomy":"category","embeddable":true,"href":"https:\/\/radiorevelacionfm.cl\/index.php?rest_route=%2Fwp%2Fv2%2Fcategories&post=7093"},{"taxonomy":"post_tag","embeddable":true,"href":"https:\/\/radiorevelacionfm.cl\/index.php?rest_route=%2Fwp%2Fv2%2Ftags&post=7093"}],"curies":[{"name":"wp","href":"https:\/\/api.w.org\/{rel}","templated":true}]}}