{"id":7090,"date":"2021-08-05T16:03:32","date_gmt":"2021-08-05T19:03:32","guid":{"rendered":"https:\/\/radiorevelacionfm.cl\/?p=7090"},"modified":"2021-08-05T16:03:18","modified_gmt":"2021-08-05T19:03:18","slug":"gracias-al-trabajo-colaborativo-de-los-equipos-de-salud-y-la-comunidad-region-de-aysen-avanza-a-fase-4-de-apertura-inicial","status":"publish","type":"post","link":"https:\/\/radiorevelacionfm.cl\/?p=7090","title":{"rendered":"Gracias al trabajo colaborativo de los equipos de salud y la comunidad: Regi\u00f3n de Ays\u00e9n avanza a fase 4 de apertura inicial"},"content":{"rendered":"<div class=\"flex_column av_one_full  flex_column_div av-zero-column-padding first  avia-builder-el-0  el_before_av_one_full  avia-builder-el-first  \" style='border-radius:0px; '><div  class='avia-image-container  av-styling-    avia-builder-el-1  avia-builder-el-no-sibling  avia-align-center '  itemprop=\"image\" itemscope=\"itemscope\" itemtype=\"https:\/\/schema.org\/ImageObject\"  ><div class='avia-image-container-inner'><div class='avia-image-overlay-wrap'><img decoding=\"async\" class='wp-image-7091 avia-img-lazy-loading-not-7091 avia_image' src=\"https:\/\/radiorevelacionfm.cl\/wp-content\/uploads\/2021\/08\/vacunacion-villa-frei-1_optimized.jpg\" alt='' title='vacunaci\u00f3n-villa-frei-(1)_optimized' height=\"600\" width=\"968\"  itemprop=\"thumbnailUrl\" srcset=\"https:\/\/radiorevelacionfm.cl\/wp-content\/uploads\/2021\/08\/vacunacion-villa-frei-1_optimized.jpg 968w, https:\/\/radiorevelacionfm.cl\/wp-content\/uploads\/2021\/08\/vacunacion-villa-frei-1_optimized-300x186.jpg 300w, https:\/\/radiorevelacionfm.cl\/wp-content\/uploads\/2021\/08\/vacunacion-villa-frei-1_optimized-768x476.jpg 768w, https:\/\/radiorevelacionfm.cl\/wp-content\/uploads\/2021\/08\/vacunacion-villa-frei-1_optimized-705x437.jpg 705w, https:\/\/radiorevelacionfm.cl\/wp-content\/uploads\/2021\/08\/vacunacion-villa-frei-1_optimized-600x372.jpg 600w\" sizes=\"(max-width: 968px) 100vw, 968px\" \/><\/div><\/div><\/div><\/div><div class=\"flex_column av_one_full  flex_column_div av-zero-column-padding first  avia-builder-el-2  el_after_av_one_full  el_before_av_one_full  column-top-margin\" style='border-radius:0px; '><section class=\"av_textblock_section \"  itemscope=\"itemscope\" itemtype=\"https:\/\/schema.org\/BlogPosting\" itemprop=\"blogPost\" ><div class='avia_textblock  '   itemprop=\"text\" ><p style=\"text-align: center;\"><strong><span style=\"font-size: 18pt;\">Gracias al trabajo colaborativo de los equipos de salud y la comunidad: Regi\u00f3n de Ays\u00e9n avanza a fase 4 de apertura inicial <\/span><\/strong><\/p>\n<div id=\"gtx-trans\" style=\"position: absolute; left: -50px; top: 4.31534px;\">\n<div class=\"gtx-trans-icon\"><\/div>\n<\/div>\n<\/div><\/section><\/div><div class=\"flex_column av_one_full  flex_column_div av-zero-column-padding first  avia-builder-el-4  el_after_av_one_full  el_before_av_hr  column-top-margin\" style='border-radius:0px; '><section class=\"av_textblock_section \"  itemscope=\"itemscope\" itemtype=\"https:\/\/schema.org\/BlogPosting\" itemprop=\"blogPost\" ><div class='avia_textblock  '   itemprop=\"text\" ><p style=\"text-align: justify;\">Despu\u00e9s de varios meses de pandemia, donde se registraron evacuaciones aerom\u00e9dicas de pacientes COVID-19 a otros puntos del pa\u00eds y procesos de cuarentenas en varias comunas, actualmente el escenario epidemiol\u00f3gico de la regi\u00f3n de Ays\u00e9n presenta una situaci\u00f3n totalmente distinta, donde por primera vez &#8211; desde la confirmaci\u00f3n de los primeros casos confirmados por coronavirus \u2013 las diez comunas de la regi\u00f3n pasar\u00e1n este fin de semana a Fase 4 de Apertura Inicial.<\/p>\n<p style=\"text-align: justify;\">La informaci\u00f3n fue confirmada por las autoridades del Ministerio de Salud, quienes destacaron el trabajo que se ha desarrollado por todos los equipos de salud en la regi\u00f3n de Ays\u00e9n, donde las comunas de Cisnes, Ays\u00e9n y Coyhaique avanzan a contar de este s\u00e1bado 07 de agosto a Fase 4.<\/p>\n<p style=\"text-align: justify;\">Trabajo colaborativo de los equipos de salud que fueron valorados a su vez por la Seremi de Salud, Alejandra Valdebenito Torres, quien se refiri\u00f3 adem\u00e1s a los momentos m\u00e1s complejos de esta pandemia. \u201cHoy nos sentimos muy contentos por los anuncios entregados por el Ministerio de Salud, porque gracias al trabajo desarrollado por todos los equipos de salud, adem\u00e1s de la colaboraci\u00f3n de gran parte de la comunidad, como ayseninos estamos avanzando un pelda\u00f1o m\u00e1s en el control del COVID-19 al interior de nuestra regi\u00f3n. Hace dos meses, cont\u00e1bamos con 890 casos activos, incluso tuvimos que trasladar pacientes, pero no bajamos los brazos y seguimos trabajando fuertemente por acciones preventivas y de control sanitario, lo que nos permiti\u00f3 bajar considerablemente nuestros casos activos que hoy alcanzan a 24 casos. Esto es un respiro para nuestros equipos de salud, pero no debemos relajarnos, debemos mantener las medidas b\u00e1sicas de autocuidado para intentar mantenernos con las libertades que hoy nos entrega el plan Paso a Paso dentro de los pr\u00f3ximos meses.\u00a0 Porque aqu\u00ed, juntos retrocedimos a cuarentena y juntos estamos saliendo adelante\u201d.<\/p>\n<p style=\"text-align: justify;\">Finalmente, la Seremi de Salud, destac\u00f3 el proceso de vacunaci\u00f3n contra el COVID-19 que se ha desarrollado en la regi\u00f3n, el cual alcanza a un 97,78% (Primera dosis y dosis \u00fanica) de cobertura de vacunaci\u00f3n con 78.369 dosis administradas y 94,41% (segunda dosis) de cobertura con 75.673 dosis administradas a nivel regional.<\/p>\n<\/div><\/section><\/div><div  style='height:50px' class='hr hr-invisible   avia-builder-el-6  el_after_av_one_full  el_before_av_social_share '><span class='hr-inner ' ><span class='hr-inner-style'><\/span><\/span><\/div><\/p>\n<div  class='av-social-sharing-box  avia-builder-el-7  el_after_av_hr  el_before_av_hr  '><div class='av-share-box'><h5 class='av-share-link-description av-no-toc '>Compartir esta noticia<\/h5><ul class='av-share-box-list noLightbox'><li class='av-share-link av-social-link-facebook' ><a target=\"_blank\" aria-label=\"Compartir en Facebook\" href='https:\/\/www.facebook.com\/sharer.php?u=https:\/\/radiorevelacionfm.cl\/?p=7090&#038;t=Gracias%20al%20trabajo%20colaborativo%20de%20los%20equipos%20de%20salud%20y%20la%20comunidad%3A%20Regi%C3%B3n%20de%20Ays%C3%A9n%20avanza%20a%20fase%204%20de%20apertura%20inicial' aria-hidden='false' data-av_icon='\ue8f3' data-av_iconfont='entypo-fontello' title='' data-avia-related-tooltip='Compartir en Facebook' rel=\"noopener\"><span class='avia_hidden_link_text'>Compartir en Facebook<\/span><\/a><\/li><li class='av-share-link av-social-link-twitter' ><a target=\"_blank\" aria-label=\"Compartir en Twitter\" href='https:\/\/twitter.com\/share?text=Gracias%20al%20trabajo%20colaborativo%20de%20los%20equipos%20de%20salud%20y%20la%20comunidad%3A%20Regi%C3%B3n%20de%20Ays%C3%A9n%20avanza%20a%20fase%204%20de%20apertura%20inicial&#038;url=https:\/\/radiorevelacionfm.cl\/?p=7090' aria-hidden='false' data-av_icon='\ue8f1' data-av_iconfont='entypo-fontello' title='' data-avia-related-tooltip='Compartir en Twitter' rel=\"noopener\"><span class='avia_hidden_link_text'>Compartir en Twitter<\/span><\/a><\/li><li class='av-share-link av-social-link-whatsapp' ><a target=\"_blank\" aria-label=\"Compartir en Whatsapp\" href='https:\/\/api.whatsapp.com\/send?text=https:\/\/radiorevelacionfm.cl\/?p=7090' aria-hidden='false' data-av_icon='\uf232' data-av_iconfont='entypo-fontello' title='' data-avia-related-tooltip='Compartir en Whatsapp' rel=\"noopener\"><span class='avia_hidden_link_text'>Compartir en Whatsapp<\/span><\/a><\/li><li class='av-share-link av-social-link-linkedin' ><a target=\"_blank\" aria-label=\"Compartir en LinkedIn\" href='https:\/\/linkedin.com\/shareArticle?mini=true&#038;title=Gracias%20al%20trabajo%20colaborativo%20de%20los%20equipos%20de%20salud%20y%20la%20comunidad%3A%20Regi%C3%B3n%20de%20Ays%C3%A9n%20avanza%20a%20fase%204%20de%20apertura%20inicial&#038;url=https:\/\/radiorevelacionfm.cl\/?p=7090' aria-hidden='false' data-av_icon='\ue8fc' data-av_iconfont='entypo-fontello' title='' data-avia-related-tooltip='Compartir en LinkedIn' rel=\"noopener\"><span class='avia_hidden_link_text'>Compartir en LinkedIn<\/span><\/a><\/li><li class='av-share-link av-social-link-mail' ><a  aria-label=\"Compartir por correo\" href='mailto:?subject=Gracias%20al%20trabajo%20colaborativo%20de%20los%20equipos%20de%20salud%20y%20la%20comunidad%3A%20Regi%C3%B3n%20de%20Ays%C3%A9n%20avanza%20a%20fase%204%20de%20apertura%20inicial&#038;body=https:\/\/radiorevelacionfm.cl\/?p=7090' aria-hidden='false' data-av_icon='\ue805' data-av_iconfont='entypo-fontello' title='' data-avia-related-tooltip='Compartir por correo'><span class='avia_hidden_link_text'>Compartir por correo<\/span><\/a><\/li><\/ul><\/div><\/div>\n<div  style='height:50px' class='hr hr-invisible   avia-builder-el-8  el_after_av_social_share  el_before_av_comments_list '><span class='hr-inner ' ><span class='hr-inner-style'><\/span><\/span><\/div>\n<div  class='av-buildercomment  av-blog-meta-html-info-disabled av-blog-meta-tag-disabled  '><\/div>\n","protected":false},"excerpt":{"rendered":"","protected":false},"author":1,"featured_media":7091,"comment_status":"open","ping_status":"open","sticky":false,"template":"","format":"standard","meta":{"footnotes":""},"categories":[46],"tags":[],"class_list":["post-7090","post","type-post","status-publish","format-standard","has-post-thumbnail","hentry","category-salud"],"jetpack_featured_media_url":"https:\/\/radiorevelacionfm.cl\/wp-content\/uploads\/2021\/08\/vacunacion-villa-frei-1_optimized.jpg","_links":{"self":[{"href":"https:\/\/radiorevelacionfm.cl\/index.php?rest_route=\/wp\/v2\/posts\/7090","targetHints":{"allow":["GET"]}}],"collection":[{"href":"https:\/\/radiorevelacionfm.cl\/index.php?rest_route=\/wp\/v2\/posts"}],"about":[{"href":"https:\/\/radiorevelacionfm.cl\/index.php?rest_route=\/wp\/v2\/types\/post"}],"author":[{"embeddable":true,"href":"https:\/\/radiorevelacionfm.cl\/index.php?rest_route=\/wp\/v2\/users\/1"}],"replies":[{"embeddable":true,"href":"https:\/\/radiorevelacionfm.cl\/index.php?rest_route=%2Fwp%2Fv2%2Fcomments&post=7090"}],"version-history":[{"count":1,"href":"https:\/\/radiorevelacionfm.cl\/index.php?rest_route=\/wp\/v2\/posts\/7090\/revisions"}],"predecessor-version":[{"id":7092,"href":"https:\/\/radiorevelacionfm.cl\/index.php?rest_route=\/wp\/v2\/posts\/7090\/revisions\/7092"}],"wp:featuredmedia":[{"embeddable":true,"href":"https:\/\/radiorevelacionfm.cl\/index.php?rest_route=\/wp\/v2\/media\/7091"}],"wp:attachment":[{"href":"https:\/\/radiorevelacionfm.cl\/index.php?rest_route=%2Fwp%2Fv2%2Fmedia&parent=7090"}],"wp:term":[{"taxonomy":"category","embeddable":true,"href":"https:\/\/radiorevelacionfm.cl\/index.php?rest_route=%2Fwp%2Fv2%2Fcategories&post=7090"},{"taxonomy":"post_tag","embeddable":true,"href":"https:\/\/radiorevelacionfm.cl\/index.php?rest_route=%2Fwp%2Fv2%2Ftags&post=7090"}],"curies":[{"name":"wp","href":"https:\/\/api.w.org\/{rel}","templated":true}]}}