{"id":7085,"date":"2021-08-05T12:14:11","date_gmt":"2021-08-05T15:14:11","guid":{"rendered":"https:\/\/radiorevelacionfm.cl\/?p=7085"},"modified":"2021-08-05T12:14:11","modified_gmt":"2021-08-05T15:14:11","slug":"alcalde-uribe-ingreso-denuncia-a-fiscalia-para-investigar-posibles-irregularidades-en-el-dem-aysen","status":"publish","type":"post","link":"https:\/\/radiorevelacionfm.cl\/?p=7085","title":{"rendered":"Alcalde Uribe ingres\u00f3 denuncia a Fiscal\u00eda para investigar posibles irregularidades en el DEM Ays\u00e9n"},"content":{"rendered":"<div class=\"flex_column av_one_full  flex_column_div av-zero-column-padding first  avia-builder-el-0  el_before_av_one_full  avia-builder-el-first  \" style='border-radius:0px; '><div  class='avia-image-container  av-styling-    avia-builder-el-1  avia-builder-el-no-sibling  avia-align-center '  itemprop=\"image\" itemscope=\"itemscope\" itemtype=\"https:\/\/schema.org\/ImageObject\"  ><div class='avia-image-container-inner'><div class='avia-image-overlay-wrap'><img decoding=\"async\" class='wp-image-7087 avia-img-lazy-loading-not-7087 avia_image' src=\"https:\/\/radiorevelacionfm.cl\/wp-content\/uploads\/2021\/08\/img-fiscalia-muni1-1-1.jpg\" alt='' title='img-fiscalia-muni1 (1) (1)' height=\"600\" width=\"852\"  itemprop=\"thumbnailUrl\" srcset=\"https:\/\/radiorevelacionfm.cl\/wp-content\/uploads\/2021\/08\/img-fiscalia-muni1-1-1.jpg 852w, https:\/\/radiorevelacionfm.cl\/wp-content\/uploads\/2021\/08\/img-fiscalia-muni1-1-1-300x211.jpg 300w, https:\/\/radiorevelacionfm.cl\/wp-content\/uploads\/2021\/08\/img-fiscalia-muni1-1-1-768x541.jpg 768w, https:\/\/radiorevelacionfm.cl\/wp-content\/uploads\/2021\/08\/img-fiscalia-muni1-1-1-705x496.jpg 705w, https:\/\/radiorevelacionfm.cl\/wp-content\/uploads\/2021\/08\/img-fiscalia-muni1-1-1-600x423.jpg 600w\" sizes=\"(max-width: 852px) 100vw, 852px\" \/><\/div><\/div><\/div><\/div><div class=\"flex_column av_one_full  flex_column_div av-zero-column-padding first  avia-builder-el-2  el_after_av_one_full  el_before_av_one_full  column-top-margin\" style='border-radius:0px; '><section class=\"av_textblock_section \"  itemscope=\"itemscope\" itemtype=\"https:\/\/schema.org\/BlogPosting\" itemprop=\"blogPost\" ><div class='avia_textblock  '   itemprop=\"text\" ><p style=\"text-align: center;\"><strong><span style=\"font-size: 18pt;\">Alcalde Uribe ingres\u00f3 denuncia a Fiscal\u00eda para investigar posibles irregularidades en el DEM Ays\u00e9n<\/span><\/strong><\/p>\n<div id=\"gtx-trans\" style=\"position: absolute; left: -50px; top: 4.31534px;\">\n<div class=\"gtx-trans-icon\"><\/div>\n<\/div>\n<\/div><\/section><\/div><div class=\"flex_column av_one_full  flex_column_div av-zero-column-padding first  avia-builder-el-4  el_after_av_one_full  el_before_av_hr  column-top-margin\" style='border-radius:0px; '><section class=\"av_textblock_section \"  itemscope=\"itemscope\" itemtype=\"https:\/\/schema.org\/BlogPosting\" itemprop=\"blogPost\" ><div class='avia_textblock  '   itemprop=\"text\" ><p style=\"text-align: justify;\">Con motivo de revisar algunas situaciones que podr\u00edan revestir car\u00e1cter de delito en la administraci\u00f3n de la Educaci\u00f3n Municipal de Ays\u00e9n. El alcalde, Julio Uribe Alvarado, se traslad\u00f3 durante la jornada del jueves 05 de agosto hasta la Fiscal\u00eda Local de Puerto Ays\u00e9n en compa\u00f1\u00eda del Asesor Jur\u00eddico, Jonathan Low y el director (s) de Educaci\u00f3n, Freddy Moraga, para ingresar un escrito ante el Fiscal, Aquiles Cubillos y as\u00ed iniciar el esclarecimiento de los hechos abordados.<\/p>\n<p style=\"text-align: justify;\">Frente a esto, el l\u00edder comunal de Ays\u00e9n, Julio Uribe, explic\u00f3 lo acontecido puntualizando que \u201cestamos haciendo una denuncia respecto a irregularidades que sucedieron en la Direcci\u00f3n de Educaci\u00f3n. Tenemos varias dudas al respecto, por lo cual de esas dudas consideramos que alguna de ellas podr\u00edan constituir un delito, por lo tanto hicimos esta denuncia para que se hagan las investigaciones correspondientes y esperar de que salga todo bien para el municipio\u201d.<\/p>\n<p style=\"text-align: justify;\">Por su parte, el director subrogante de la Educaci\u00f3n Municipal, Freddy Moraga, coment\u00f3 que tras su ingreso a la administraci\u00f3n edilicia \u201cme he encontrado con algunas situaciones que a mi modo de entender, no entiendo. Por el minuto con todo lo que hemos hecho al d\u00eda de hoy con el se\u00f1or alcalde, eso ya est\u00e1 la Fiscal\u00eda, en otras manos para que hagan la investigaci\u00f3n pertinente. S\u00f3lo dar la confianza en el contexto de transparencia por lo menos de lo que me toca dirigir y administrar en un departamento que est\u00e1 al servicio de la comunidad, en este caso qu\u00e9 mejor que de los m\u00e1s peque\u00f1os de la comuna\u201d.<\/p>\n<p style=\"text-align: justify;\">Cabe destacar que desde la actual administraci\u00f3n se buscan fortalecer los procesos de revisi\u00f3n interna para que todos los \u00f3rganos de su dependencia puedan responder de manera adecuada a los requerimientos que presentan los vecinos y vecinas de la comuna de Ays\u00e9n en sus diferentes localidades.<\/p>\n<\/div><\/section><\/div><div  style='height:50px' class='hr hr-invisible   avia-builder-el-6  el_after_av_one_full  el_before_av_social_share '><span class='hr-inner ' ><span class='hr-inner-style'><\/span><\/span><\/div><\/p>\n<div  class='av-social-sharing-box  avia-builder-el-7  el_after_av_hr  el_before_av_hr  '><div class='av-share-box'><h5 class='av-share-link-description av-no-toc '>Compartir esta noticia<\/h5><ul class='av-share-box-list noLightbox'><li class='av-share-link av-social-link-facebook' ><a target=\"_blank\" aria-label=\"Compartir en Facebook\" href='https:\/\/www.facebook.com\/sharer.php?u=https:\/\/radiorevelacionfm.cl\/?p=7085&#038;t=Alcalde%20Uribe%20ingres%C3%B3%20denuncia%20a%20Fiscal%C3%ADa%20para%20investigar%20posibles%20irregularidades%20en%20el%20DEM%20Ays%C3%A9n' aria-hidden='false' data-av_icon='\ue8f3' data-av_iconfont='entypo-fontello' title='' data-avia-related-tooltip='Compartir en Facebook' rel=\"noopener\"><span class='avia_hidden_link_text'>Compartir en Facebook<\/span><\/a><\/li><li class='av-share-link av-social-link-twitter' ><a target=\"_blank\" aria-label=\"Compartir en Twitter\" href='https:\/\/twitter.com\/share?text=Alcalde%20Uribe%20ingres%C3%B3%20denuncia%20a%20Fiscal%C3%ADa%20para%20investigar%20posibles%20irregularidades%20en%20el%20DEM%20Ays%C3%A9n&#038;url=https:\/\/radiorevelacionfm.cl\/?p=7085' aria-hidden='false' data-av_icon='\ue8f1' data-av_iconfont='entypo-fontello' title='' data-avia-related-tooltip='Compartir en Twitter' rel=\"noopener\"><span class='avia_hidden_link_text'>Compartir en Twitter<\/span><\/a><\/li><li class='av-share-link av-social-link-whatsapp' ><a target=\"_blank\" aria-label=\"Compartir en Whatsapp\" href='https:\/\/api.whatsapp.com\/send?text=https:\/\/radiorevelacionfm.cl\/?p=7085' aria-hidden='false' data-av_icon='\uf232' data-av_iconfont='entypo-fontello' title='' data-avia-related-tooltip='Compartir en Whatsapp' rel=\"noopener\"><span class='avia_hidden_link_text'>Compartir en Whatsapp<\/span><\/a><\/li><li class='av-share-link av-social-link-linkedin' ><a target=\"_blank\" aria-label=\"Compartir en LinkedIn\" href='https:\/\/linkedin.com\/shareArticle?mini=true&#038;title=Alcalde%20Uribe%20ingres%C3%B3%20denuncia%20a%20Fiscal%C3%ADa%20para%20investigar%20posibles%20irregularidades%20en%20el%20DEM%20Ays%C3%A9n&#038;url=https:\/\/radiorevelacionfm.cl\/?p=7085' aria-hidden='false' data-av_icon='\ue8fc' data-av_iconfont='entypo-fontello' title='' data-avia-related-tooltip='Compartir en LinkedIn' rel=\"noopener\"><span class='avia_hidden_link_text'>Compartir en LinkedIn<\/span><\/a><\/li><li class='av-share-link av-social-link-mail' ><a  aria-label=\"Compartir por correo\" href='mailto:?subject=Alcalde%20Uribe%20ingres%C3%B3%20denuncia%20a%20Fiscal%C3%ADa%20para%20investigar%20posibles%20irregularidades%20en%20el%20DEM%20Ays%C3%A9n&#038;body=https:\/\/radiorevelacionfm.cl\/?p=7085' aria-hidden='false' data-av_icon='\ue805' data-av_iconfont='entypo-fontello' title='' data-avia-related-tooltip='Compartir por correo'><span class='avia_hidden_link_text'>Compartir por correo<\/span><\/a><\/li><\/ul><\/div><\/div>\n<div  style='height:50px' class='hr hr-invisible   avia-builder-el-8  el_after_av_social_share  el_before_av_comments_list '><span class='hr-inner ' ><span class='hr-inner-style'><\/span><\/span><\/div>\n<div  class='av-buildercomment  av-blog-meta-html-info-disabled av-blog-meta-tag-disabled  '><\/div>\n","protected":false},"excerpt":{"rendered":"","protected":false},"author":1,"featured_media":7087,"comment_status":"open","ping_status":"open","sticky":false,"template":"","format":"standard","meta":{"footnotes":""},"categories":[38],"tags":[],"class_list":["post-7085","post","type-post","status-publish","format-standard","has-post-thumbnail","hentry","category-regional"],"jetpack_featured_media_url":"https:\/\/radiorevelacionfm.cl\/wp-content\/uploads\/2021\/08\/img-fiscalia-muni1-1-1.jpg","_links":{"self":[{"href":"https:\/\/radiorevelacionfm.cl\/index.php?rest_route=\/wp\/v2\/posts\/7085","targetHints":{"allow":["GET"]}}],"collection":[{"href":"https:\/\/radiorevelacionfm.cl\/index.php?rest_route=\/wp\/v2\/posts"}],"about":[{"href":"https:\/\/radiorevelacionfm.cl\/index.php?rest_route=\/wp\/v2\/types\/post"}],"author":[{"embeddable":true,"href":"https:\/\/radiorevelacionfm.cl\/index.php?rest_route=\/wp\/v2\/users\/1"}],"replies":[{"embeddable":true,"href":"https:\/\/radiorevelacionfm.cl\/index.php?rest_route=%2Fwp%2Fv2%2Fcomments&post=7085"}],"version-history":[{"count":1,"href":"https:\/\/radiorevelacionfm.cl\/index.php?rest_route=\/wp\/v2\/posts\/7085\/revisions"}],"predecessor-version":[{"id":7088,"href":"https:\/\/radiorevelacionfm.cl\/index.php?rest_route=\/wp\/v2\/posts\/7085\/revisions\/7088"}],"wp:featuredmedia":[{"embeddable":true,"href":"https:\/\/radiorevelacionfm.cl\/index.php?rest_route=\/wp\/v2\/media\/7087"}],"wp:attachment":[{"href":"https:\/\/radiorevelacionfm.cl\/index.php?rest_route=%2Fwp%2Fv2%2Fmedia&parent=7085"}],"wp:term":[{"taxonomy":"category","embeddable":true,"href":"https:\/\/radiorevelacionfm.cl\/index.php?rest_route=%2Fwp%2Fv2%2Fcategories&post=7085"},{"taxonomy":"post_tag","embeddable":true,"href":"https:\/\/radiorevelacionfm.cl\/index.php?rest_route=%2Fwp%2Fv2%2Ftags&post=7085"}],"curies":[{"name":"wp","href":"https:\/\/api.w.org\/{rel}","templated":true}]}}