{"id":7082,"date":"2021-08-05T11:58:37","date_gmt":"2021-08-05T14:58:37","guid":{"rendered":"https:\/\/radiorevelacionfm.cl\/?p=7082"},"modified":"2021-08-05T11:58:37","modified_gmt":"2021-08-05T14:58:37","slug":"epidemiologo-marco-acuna-el-plan-fronteras-protegidas-nos-permitira-seguir-conteniendo-o-retrasando-el-ingreso-de-nuevas-variantes-del-covid-19","status":"publish","type":"post","link":"https:\/\/radiorevelacionfm.cl\/?p=7082","title":{"rendered":"Epidemi\u00f3logo Marco Acu\u00f1a: \u201cEl Plan Fronteras Protegidas nos permitir\u00e1 seguir conteniendo o retrasando el ingreso de nuevas variantes del COVID-19\u201d"},"content":{"rendered":"<div class=\"flex_column av_one_full  flex_column_div av-zero-column-padding first  avia-builder-el-0  el_before_av_one_full  avia-builder-el-first  \" style='border-radius:0px; '><div  class='avia-image-container  av-styling-    avia-builder-el-1  avia-builder-el-no-sibling  avia-align-center '  itemprop=\"image\" itemscope=\"itemscope\" itemtype=\"https:\/\/schema.org\/ImageObject\"  ><div class='avia-image-container-inner'><div class='avia-image-overlay-wrap'><img decoding=\"async\" class='wp-image-7083 avia-img-lazy-loading-not-7083 avia_image' src=\"https:\/\/radiorevelacionfm.cl\/wp-content\/uploads\/2021\/08\/labor-control-sanitario-1_optimized.jpg\" alt='' title='labor-control-sanitario-(1)_optimized' height=\"600\" width=\"1067\"  itemprop=\"thumbnailUrl\" srcset=\"https:\/\/radiorevelacionfm.cl\/wp-content\/uploads\/2021\/08\/labor-control-sanitario-1_optimized.jpg 1067w, https:\/\/radiorevelacionfm.cl\/wp-content\/uploads\/2021\/08\/labor-control-sanitario-1_optimized-300x169.jpg 300w, https:\/\/radiorevelacionfm.cl\/wp-content\/uploads\/2021\/08\/labor-control-sanitario-1_optimized-1030x579.jpg 1030w, https:\/\/radiorevelacionfm.cl\/wp-content\/uploads\/2021\/08\/labor-control-sanitario-1_optimized-768x432.jpg 768w, https:\/\/radiorevelacionfm.cl\/wp-content\/uploads\/2021\/08\/labor-control-sanitario-1_optimized-705x396.jpg 705w, https:\/\/radiorevelacionfm.cl\/wp-content\/uploads\/2021\/08\/labor-control-sanitario-1_optimized-600x337.jpg 600w\" sizes=\"(max-width: 1067px) 100vw, 1067px\" \/><\/div><\/div><\/div><\/div><div class=\"flex_column av_one_full  flex_column_div av-zero-column-padding first  avia-builder-el-2  el_after_av_one_full  el_before_av_one_full  column-top-margin\" style='border-radius:0px; '><section class=\"av_textblock_section \"  itemscope=\"itemscope\" itemtype=\"https:\/\/schema.org\/BlogPosting\" itemprop=\"blogPost\" ><div class='avia_textblock  '   itemprop=\"text\" ><p style=\"text-align: center;\"><strong><span style=\"font-size: 18pt;\">Epidemi\u00f3logo Marco Acu\u00f1a: \u201cEl Plan Fronteras Protegidas nos permitir\u00e1 seguir conteniendo o retrasando el ingreso de nuevas variantes del COVID-19\u201d<\/span><\/strong><\/p>\n<div id=\"gtx-trans\" style=\"position: absolute; left: -50px; top: 4.31534px;\">\n<div class=\"gtx-trans-icon\"><\/div>\n<\/div>\n<\/div><\/section><\/div><div class=\"flex_column av_one_full  flex_column_div av-zero-column-padding first  avia-builder-el-4  el_after_av_one_full  el_before_av_hr  column-top-margin\" style='border-radius:0px; '><section class=\"av_textblock_section \"  itemscope=\"itemscope\" itemtype=\"https:\/\/schema.org\/BlogPosting\" itemprop=\"blogPost\" ><div class='avia_textblock  '   itemprop=\"text\" ><p style=\"text-align: justify;\">En el transcurso de los \u00faltimos meses, tanto a nivel pa\u00eds como en la regi\u00f3n de Ays\u00e9n, se ha visto una disminuci\u00f3n de los casos nuevos y casos activos por COVID-19, un hecho que ha permitido que diversas comunas avanzaran en el Plan Paso a Paso hacia un mayor desconfinamiento y movilidad entre las regiones; sin embargo, este nuevo escenario que se vive en el territorio nacional se contrapone con la realidad que se vive en otros pa\u00edses, donde las nuevas variantes del COVID-19 han generado la implementaci\u00f3n de nuevas medidas para el control de esta pandemia, como en el caso de Chile donde se formul\u00f3 el Plan de Fronteras Protegidas.<\/p>\n<p style=\"text-align: justify;\">De esta forma, a partir del 26 de julio de este a\u00f1o, comenz\u00f3 a operar el Plan Fronteras Protegidas que resguarda la salud de los habitantes del pa\u00eds, mediante normativas que regulan el ingreso de viajeros, quienes deber\u00e1n completar el aislamiento estricto y obligatorio de 10 d\u00edas. Cuarentena que las personas con pase de movilidad habilitado, podr\u00e1n cumplir en un domicilio particular y exclusivo para el viajero, siempre que se desplacen en transporte privado en un m\u00e1ximo de 05 horas y de forma directa desde el lugar de ingreso al pa\u00eds. No se podr\u00e1n utilizar medios de transporte p\u00fablico para evitar el riesgo de transmisi\u00f3n a terceras personas, en el caso que exista un viajero contagiado por variante del COVID-19.\u00a0 De lo contrario, se establece el uso de un hotel de tr\u00e1nsito, cuyo costo ser\u00e1 responsabilidad de cada persona.<\/p>\n<p style=\"text-align: justify;\">Frente a esta situaci\u00f3n, cabe se\u00f1alar que desde el inicio de la pandemia se han tomado distintas medidas y restricciones para la salida e ingreso a nuestro pa\u00eds, sin embargo, a trav\u00e9s de esta nueva modalidad se busca dar respuesta a los requerimientos actuales de esta pandemia.\u00a0 Tal como lo explic\u00f3 el Epidemi\u00f3logo de la Seremi de Salud Ays\u00e9n y Coordinador Regional de la Unidad de Testeo, Trazabilidad y Aislamiento (UTTA), Marco Acu\u00f1a Briones. \u201cDesafortunadamente, en el transcurso de esta pandemia han ido apareciendo nuevas variantes relacionadas al COVID-19, las cuales ya est\u00e1n presentes en distintas partes del mundo, donde cada pa\u00eds est\u00e1 desarrollando acciones para la protecci\u00f3n de sus habitantes, tal como ocurre hoy en d\u00eda con la variante Delta que ya est\u00e1 en Chile, con pocos casos notificados y que hasta este momento est\u00e1n controlados. De ah\u00ed la importancia de este Plan de Fronteras Protegidas, que busca disminuir las posibilidades de transmisibilidad entre la poblaci\u00f3n, ya que de no existir este tipo de medidas como el aislamiento preventivo y obligatorio al ingreso al pa\u00eds, se podr\u00eda propiciar un escenario complejo desde el punto de vista epidemiol\u00f3gico con un aumento de casos, y por consiguiente, en retroceso en las fases del Plan Paso a Paso\u201d.<\/p>\n<p style=\"text-align: justify;\">De ah\u00ed que se reitera a las personas que viajen al extranjero, que a su retorno al pa\u00eds deber\u00e1n someterse a una exhaustiva fiscalizaci\u00f3n y vigilancia. Se testear\u00e1 a quienes ingresan, se realizar\u00e1\u00a0 seguimiento de las condiciones de salud de los viajeros por 14 d\u00edas, se les exigir\u00e1 un aislamiento estricto por 10 d\u00edas, y se sancionar\u00e1 a aquellos que no cumplan con las exigencias indicadas por la Autoridad Sanitaria. Para mayor informaci\u00f3n visite <a href=\"https:\/\/www.minsal.cl\/nuevo-coronavirus-2019-ncov\/requisitos-sanitarios-para-ingresar-a-chile\/\">https:\/\/www.minsal.cl\/nuevo-coronavirus-2019-ncov\/requisitos-sanitarios-para-ingresar-a-chile\/<\/a><\/p>\n<\/div><\/section><\/div><div  style='height:50px' class='hr hr-invisible   avia-builder-el-6  el_after_av_one_full  el_before_av_social_share '><span class='hr-inner ' ><span class='hr-inner-style'><\/span><\/span><\/div><\/p>\n<div  class='av-social-sharing-box  avia-builder-el-7  el_after_av_hr  el_before_av_hr  '><div class='av-share-box'><h5 class='av-share-link-description av-no-toc '>Compartir esta noticia<\/h5><ul class='av-share-box-list noLightbox'><li class='av-share-link av-social-link-facebook' ><a target=\"_blank\" aria-label=\"Compartir en Facebook\" href='https:\/\/www.facebook.com\/sharer.php?u=https:\/\/radiorevelacionfm.cl\/?p=7082&#038;t=Epidemi%C3%B3logo%20Marco%20Acu%C3%B1a%3A%20%E2%80%9CEl%20Plan%20Fronteras%20Protegidas%20nos%20permitir%C3%A1%20seguir%20conteniendo%20o%20retrasando%20el%20ingreso%20de%20nuevas%20variantes%20del%20COVID-19%E2%80%9D' aria-hidden='false' data-av_icon='\ue8f3' data-av_iconfont='entypo-fontello' title='' data-avia-related-tooltip='Compartir en Facebook' rel=\"noopener\"><span class='avia_hidden_link_text'>Compartir en Facebook<\/span><\/a><\/li><li class='av-share-link av-social-link-twitter' ><a target=\"_blank\" aria-label=\"Compartir en Twitter\" href='https:\/\/twitter.com\/share?text=Epidemi%C3%B3logo%20Marco%20Acu%C3%B1a%3A%20%E2%80%9CEl%20Plan%20Fronteras%20Protegidas%20nos%20permitir%C3%A1%20seguir%20conteniendo%20o%20retrasando%20el%20ingreso%20de%20nuevas%20variantes%20del%20COVID-19%E2%80%9D&#038;url=https:\/\/radiorevelacionfm.cl\/?p=7082' aria-hidden='false' data-av_icon='\ue8f1' data-av_iconfont='entypo-fontello' title='' data-avia-related-tooltip='Compartir en Twitter' rel=\"noopener\"><span class='avia_hidden_link_text'>Compartir en Twitter<\/span><\/a><\/li><li class='av-share-link av-social-link-whatsapp' ><a target=\"_blank\" aria-label=\"Compartir en Whatsapp\" href='https:\/\/api.whatsapp.com\/send?text=https:\/\/radiorevelacionfm.cl\/?p=7082' aria-hidden='false' data-av_icon='\uf232' data-av_iconfont='entypo-fontello' title='' data-avia-related-tooltip='Compartir en Whatsapp' rel=\"noopener\"><span class='avia_hidden_link_text'>Compartir en Whatsapp<\/span><\/a><\/li><li class='av-share-link av-social-link-linkedin' ><a target=\"_blank\" aria-label=\"Compartir en LinkedIn\" href='https:\/\/linkedin.com\/shareArticle?mini=true&#038;title=Epidemi%C3%B3logo%20Marco%20Acu%C3%B1a%3A%20%E2%80%9CEl%20Plan%20Fronteras%20Protegidas%20nos%20permitir%C3%A1%20seguir%20conteniendo%20o%20retrasando%20el%20ingreso%20de%20nuevas%20variantes%20del%20COVID-19%E2%80%9D&#038;url=https:\/\/radiorevelacionfm.cl\/?p=7082' aria-hidden='false' data-av_icon='\ue8fc' data-av_iconfont='entypo-fontello' title='' data-avia-related-tooltip='Compartir en LinkedIn' rel=\"noopener\"><span class='avia_hidden_link_text'>Compartir en LinkedIn<\/span><\/a><\/li><li class='av-share-link av-social-link-mail' ><a  aria-label=\"Compartir por correo\" href='mailto:?subject=Epidemi%C3%B3logo%20Marco%20Acu%C3%B1a%3A%20%E2%80%9CEl%20Plan%20Fronteras%20Protegidas%20nos%20permitir%C3%A1%20seguir%20conteniendo%20o%20retrasando%20el%20ingreso%20de%20nuevas%20variantes%20del%20COVID-19%E2%80%9D&#038;body=https:\/\/radiorevelacionfm.cl\/?p=7082' aria-hidden='false' data-av_icon='\ue805' data-av_iconfont='entypo-fontello' title='' data-avia-related-tooltip='Compartir por correo'><span class='avia_hidden_link_text'>Compartir por correo<\/span><\/a><\/li><\/ul><\/div><\/div>\n<div  style='height:50px' class='hr hr-invisible   avia-builder-el-8  el_after_av_social_share  el_before_av_comments_list '><span class='hr-inner ' ><span class='hr-inner-style'><\/span><\/span><\/div>\n<div  class='av-buildercomment  av-blog-meta-html-info-disabled av-blog-meta-tag-disabled  '><\/div>\n","protected":false},"excerpt":{"rendered":"","protected":false},"author":1,"featured_media":7083,"comment_status":"open","ping_status":"open","sticky":false,"template":"","format":"standard","meta":{"footnotes":""},"categories":[46],"tags":[],"class_list":["post-7082","post","type-post","status-publish","format-standard","has-post-thumbnail","hentry","category-salud"],"jetpack_featured_media_url":"https:\/\/radiorevelacionfm.cl\/wp-content\/uploads\/2021\/08\/labor-control-sanitario-1_optimized.jpg","_links":{"self":[{"href":"https:\/\/radiorevelacionfm.cl\/index.php?rest_route=\/wp\/v2\/posts\/7082","targetHints":{"allow":["GET"]}}],"collection":[{"href":"https:\/\/radiorevelacionfm.cl\/index.php?rest_route=\/wp\/v2\/posts"}],"about":[{"href":"https:\/\/radiorevelacionfm.cl\/index.php?rest_route=\/wp\/v2\/types\/post"}],"author":[{"embeddable":true,"href":"https:\/\/radiorevelacionfm.cl\/index.php?rest_route=\/wp\/v2\/users\/1"}],"replies":[{"embeddable":true,"href":"https:\/\/radiorevelacionfm.cl\/index.php?rest_route=%2Fwp%2Fv2%2Fcomments&post=7082"}],"version-history":[{"count":1,"href":"https:\/\/radiorevelacionfm.cl\/index.php?rest_route=\/wp\/v2\/posts\/7082\/revisions"}],"predecessor-version":[{"id":7084,"href":"https:\/\/radiorevelacionfm.cl\/index.php?rest_route=\/wp\/v2\/posts\/7082\/revisions\/7084"}],"wp:featuredmedia":[{"embeddable":true,"href":"https:\/\/radiorevelacionfm.cl\/index.php?rest_route=\/wp\/v2\/media\/7083"}],"wp:attachment":[{"href":"https:\/\/radiorevelacionfm.cl\/index.php?rest_route=%2Fwp%2Fv2%2Fmedia&parent=7082"}],"wp:term":[{"taxonomy":"category","embeddable":true,"href":"https:\/\/radiorevelacionfm.cl\/index.php?rest_route=%2Fwp%2Fv2%2Fcategories&post=7082"},{"taxonomy":"post_tag","embeddable":true,"href":"https:\/\/radiorevelacionfm.cl\/index.php?rest_route=%2Fwp%2Fv2%2Ftags&post=7082"}],"curies":[{"name":"wp","href":"https:\/\/api.w.org\/{rel}","templated":true}]}}