{"id":7079,"date":"2021-08-05T16:02:18","date_gmt":"2021-08-05T19:02:18","guid":{"rendered":"https:\/\/radiorevelacionfm.cl\/?p=7079"},"modified":"2021-08-05T16:02:18","modified_gmt":"2021-08-05T19:02:18","slug":"trashumantes-abre-convocatoria-para-sus-retrospectivas-teatrales-2021","status":"publish","type":"post","link":"https:\/\/radiorevelacionfm.cl\/?p=7079","title":{"rendered":"Trashumantes abre convocatoria para sus Retrospectivas Teatrales 2021"},"content":{"rendered":"<div class=\"flex_column av_one_full  flex_column_div av-zero-column-padding first  avia-builder-el-0  el_before_av_one_full  avia-builder-el-first  \" style='border-radius:0px; '><div  class='avia-image-container  av-styling-    avia-builder-el-1  avia-builder-el-no-sibling  avia-align-center '  itemprop=\"image\" itemscope=\"itemscope\" itemtype=\"https:\/\/schema.org\/ImageObject\"  ><div class='avia-image-container-inner'><div class='avia-image-overlay-wrap'><img decoding=\"async\" class='wp-image-7080 avia-img-lazy-loading-not-7080 avia_image' src=\"https:\/\/radiorevelacionfm.cl\/wp-content\/uploads\/2021\/08\/Retrospectivas-Teatrales-0-1.jpg\" alt='' title='Retrospectivas Teatrales 0 (1)' height=\"598\" width=\"1131\"  itemprop=\"thumbnailUrl\" srcset=\"https:\/\/radiorevelacionfm.cl\/wp-content\/uploads\/2021\/08\/Retrospectivas-Teatrales-0-1.jpg 1131w, https:\/\/radiorevelacionfm.cl\/wp-content\/uploads\/2021\/08\/Retrospectivas-Teatrales-0-1-300x159.jpg 300w, https:\/\/radiorevelacionfm.cl\/wp-content\/uploads\/2021\/08\/Retrospectivas-Teatrales-0-1-1030x545.jpg 1030w, https:\/\/radiorevelacionfm.cl\/wp-content\/uploads\/2021\/08\/Retrospectivas-Teatrales-0-1-768x406.jpg 768w, https:\/\/radiorevelacionfm.cl\/wp-content\/uploads\/2021\/08\/Retrospectivas-Teatrales-0-1-710x375.jpg 710w, https:\/\/radiorevelacionfm.cl\/wp-content\/uploads\/2021\/08\/Retrospectivas-Teatrales-0-1-705x373.jpg 705w, https:\/\/radiorevelacionfm.cl\/wp-content\/uploads\/2021\/08\/Retrospectivas-Teatrales-0-1-600x317.jpg 600w\" sizes=\"(max-width: 1131px) 100vw, 1131px\" \/><\/div><\/div><\/div><\/div><div class=\"flex_column av_one_full  flex_column_div av-zero-column-padding first  avia-builder-el-2  el_after_av_one_full  el_before_av_one_full  column-top-margin\" style='border-radius:0px; '><section class=\"av_textblock_section \"  itemscope=\"itemscope\" itemtype=\"https:\/\/schema.org\/BlogPosting\" itemprop=\"blogPost\" ><div class='avia_textblock  '   itemprop=\"text\" ><p style=\"text-align: center;\"><span style=\"font-size: 18pt;\"><strong>Trashumantes abre convocatoria para sus Retrospectivas Teatrales 2021<\/strong><\/span><\/p>\n<div id=\"gtx-trans\" style=\"position: absolute; left: -50px; top: 4.31534px;\">\n<div class=\"gtx-trans-icon\"><\/div>\n<\/div>\n<\/div><\/section><\/div><div class=\"flex_column av_one_full  flex_column_div av-zero-column-padding first  avia-builder-el-4  el_after_av_one_full  el_before_av_hr  column-top-margin\" style='border-radius:0px; '><section class=\"av_textblock_section \"  itemscope=\"itemscope\" itemtype=\"https:\/\/schema.org\/BlogPosting\" itemprop=\"blogPost\" ><div class='avia_textblock  '   itemprop=\"text\" ><p style=\"text-align: justify;\">Tras una exitosa primera experiencia 2020, Trashumantes invita a todas las compa\u00f1\u00edas y colectivos teatrales del Biob\u00edo a Magallanes, que quieran se parte de su programaci\u00f3n virtual, a participar de la convocatoria para sus Retrospectivas Teatrales 2021, en la l\u00ednea de Difusi\u00f3n Esc\u00e9nica.<\/p>\n<p style=\"text-align: justify;\">El proyecto financiado por el Programa de Apoyo a Organizaciones Culturales Colaboradoras, del ministerio de las Culturas, las Artes y el Patrimonio, Convocatoria 2020, extender\u00e1 su proceso de postulaci\u00f3n hasta el 31 de agosto, a trav\u00e9s de la p\u00e1gina <a href=\"http:\/\/www.fundaciontrashumantes.cl\">www.fundaciontrashumantes.cl<\/a>.<\/p>\n<p style=\"text-align: justify;\">El objetivo de la convocatoria, dicen las directoras de Trashumantes, Andrea Richards y Gisela Buscaglione, es \u201ccrear un espacio para dar vitrina al trabajo de las compa\u00f1\u00edas o colectivos teatrales que se desarrollan en los territorios por los cuales Trashumantes transita, posibilitando la difusi\u00f3n de los artistas y sus obras\u201d.<\/p>\n<p style=\"text-align: justify;\">Adem\u00e1s, detallan las artistas, se privilegiar\u00e1n los espect\u00e1culos que tengan un trabajo de corte contempor\u00e1neo o experimental, con \u00e9nfasis en el desarrollo interdisciplinar o que la construcci\u00f3n de sus tem\u00e1ticas y est\u00e9ticas hablen de la visi\u00f3n de su territorio, o que crucen ambos elementos.<\/p>\n<p style=\"text-align: justify;\"><strong>Selecci\u00f3n de las obras<\/strong><\/p>\n<p style=\"text-align: justify;\">Las compa\u00f1\u00edas y colectivos teatrales ser\u00e1n evaluados por un jurado compuesto por agentes culturales que son parte de Red Sur Trashumantes y por el equipo de la Fundaci\u00f3n.<\/p>\n<p style=\"text-align: justify;\">En total se seleccionar\u00e1n seis compa\u00f1\u00edas, del Biob\u00edo a Magallanes, las que deber\u00e1n realizar\u00e1n un microdocumental o Retrospectiva Teatral sobre el trabajo que realizan como colectivo.<\/p>\n<p style=\"text-align: justify;\">La selecci\u00f3n se dar\u00e1 a conocer el d\u00eda 16 de septiembre de 2021 a cada una de las compa\u00f1\u00edas y colectivos teatrales, con el fin de coordinar la elaboraci\u00f3n del material audiovisual, que tendr\u00e1 su estreno el 31 de noviembre.<\/p>\n<p style=\"text-align: justify;\">M\u00e1s informaci\u00f3n visitando las redes sociales de Trashumantes, en Instagram, Facebook y Twitter: @trashumantesalsurdechile, y en la p\u00e1gina <em>web<\/em>: www.fundaciontrashumantes.cl.<\/p>\n<\/div><\/section><\/div><div  style='height:50px' class='hr hr-invisible   avia-builder-el-6  el_after_av_one_full  el_before_av_social_share '><span class='hr-inner ' ><span class='hr-inner-style'><\/span><\/span><\/div><\/p>\n<div  class='av-social-sharing-box  avia-builder-el-7  el_after_av_hr  el_before_av_hr  '><div class='av-share-box'><h5 class='av-share-link-description av-no-toc '>Compartir esta noticia<\/h5><ul class='av-share-box-list noLightbox'><li class='av-share-link av-social-link-facebook' ><a target=\"_blank\" aria-label=\"Compartir en Facebook\" href='https:\/\/www.facebook.com\/sharer.php?u=https:\/\/radiorevelacionfm.cl\/?p=7079&#038;t=Trashumantes%20abre%20convocatoria%20para%20sus%20Retrospectivas%20Teatrales%202021' aria-hidden='false' data-av_icon='\ue8f3' data-av_iconfont='entypo-fontello' title='' data-avia-related-tooltip='Compartir en Facebook' rel=\"noopener\"><span class='avia_hidden_link_text'>Compartir en Facebook<\/span><\/a><\/li><li class='av-share-link av-social-link-twitter' ><a target=\"_blank\" aria-label=\"Compartir en Twitter\" href='https:\/\/twitter.com\/share?text=Trashumantes%20abre%20convocatoria%20para%20sus%20Retrospectivas%20Teatrales%202021&#038;url=https:\/\/radiorevelacionfm.cl\/?p=7079' aria-hidden='false' data-av_icon='\ue8f1' data-av_iconfont='entypo-fontello' title='' data-avia-related-tooltip='Compartir en Twitter' rel=\"noopener\"><span class='avia_hidden_link_text'>Compartir en Twitter<\/span><\/a><\/li><li class='av-share-link av-social-link-whatsapp' ><a target=\"_blank\" aria-label=\"Compartir en Whatsapp\" href='https:\/\/api.whatsapp.com\/send?text=https:\/\/radiorevelacionfm.cl\/?p=7079' aria-hidden='false' data-av_icon='\uf232' data-av_iconfont='entypo-fontello' title='' data-avia-related-tooltip='Compartir en Whatsapp' rel=\"noopener\"><span class='avia_hidden_link_text'>Compartir en Whatsapp<\/span><\/a><\/li><li class='av-share-link av-social-link-linkedin' ><a target=\"_blank\" aria-label=\"Compartir en LinkedIn\" href='https:\/\/linkedin.com\/shareArticle?mini=true&#038;title=Trashumantes%20abre%20convocatoria%20para%20sus%20Retrospectivas%20Teatrales%202021&#038;url=https:\/\/radiorevelacionfm.cl\/?p=7079' aria-hidden='false' data-av_icon='\ue8fc' data-av_iconfont='entypo-fontello' title='' data-avia-related-tooltip='Compartir en LinkedIn' rel=\"noopener\"><span class='avia_hidden_link_text'>Compartir en LinkedIn<\/span><\/a><\/li><li class='av-share-link av-social-link-mail' ><a  aria-label=\"Compartir por correo\" href='mailto:?subject=Trashumantes%20abre%20convocatoria%20para%20sus%20Retrospectivas%20Teatrales%202021&#038;body=https:\/\/radiorevelacionfm.cl\/?p=7079' aria-hidden='false' data-av_icon='\ue805' data-av_iconfont='entypo-fontello' title='' data-avia-related-tooltip='Compartir por correo'><span class='avia_hidden_link_text'>Compartir por correo<\/span><\/a><\/li><\/ul><\/div><\/div>\n<div  style='height:50px' class='hr hr-invisible   avia-builder-el-8  el_after_av_social_share  el_before_av_comments_list '><span class='hr-inner ' ><span class='hr-inner-style'><\/span><\/span><\/div>\n<div  class='av-buildercomment  av-blog-meta-html-info-disabled av-blog-meta-tag-disabled  '><\/div>\n","protected":false},"excerpt":{"rendered":"","protected":false},"author":1,"featured_media":7080,"comment_status":"open","ping_status":"open","sticky":false,"template":"","format":"standard","meta":{"footnotes":""},"categories":[52],"tags":[],"class_list":["post-7079","post","type-post","status-publish","format-standard","has-post-thumbnail","hentry","category-cultura"],"jetpack_featured_media_url":"https:\/\/radiorevelacionfm.cl\/wp-content\/uploads\/2021\/08\/Retrospectivas-Teatrales-0-1.jpg","_links":{"self":[{"href":"https:\/\/radiorevelacionfm.cl\/index.php?rest_route=\/wp\/v2\/posts\/7079","targetHints":{"allow":["GET"]}}],"collection":[{"href":"https:\/\/radiorevelacionfm.cl\/index.php?rest_route=\/wp\/v2\/posts"}],"about":[{"href":"https:\/\/radiorevelacionfm.cl\/index.php?rest_route=\/wp\/v2\/types\/post"}],"author":[{"embeddable":true,"href":"https:\/\/radiorevelacionfm.cl\/index.php?rest_route=\/wp\/v2\/users\/1"}],"replies":[{"embeddable":true,"href":"https:\/\/radiorevelacionfm.cl\/index.php?rest_route=%2Fwp%2Fv2%2Fcomments&post=7079"}],"version-history":[{"count":1,"href":"https:\/\/radiorevelacionfm.cl\/index.php?rest_route=\/wp\/v2\/posts\/7079\/revisions"}],"predecessor-version":[{"id":7081,"href":"https:\/\/radiorevelacionfm.cl\/index.php?rest_route=\/wp\/v2\/posts\/7079\/revisions\/7081"}],"wp:featuredmedia":[{"embeddable":true,"href":"https:\/\/radiorevelacionfm.cl\/index.php?rest_route=\/wp\/v2\/media\/7080"}],"wp:attachment":[{"href":"https:\/\/radiorevelacionfm.cl\/index.php?rest_route=%2Fwp%2Fv2%2Fmedia&parent=7079"}],"wp:term":[{"taxonomy":"category","embeddable":true,"href":"https:\/\/radiorevelacionfm.cl\/index.php?rest_route=%2Fwp%2Fv2%2Fcategories&post=7079"},{"taxonomy":"post_tag","embeddable":true,"href":"https:\/\/radiorevelacionfm.cl\/index.php?rest_route=%2Fwp%2Fv2%2Ftags&post=7079"}],"curies":[{"name":"wp","href":"https:\/\/api.w.org\/{rel}","templated":true}]}}