{"id":7072,"date":"2021-08-05T11:29:41","date_gmt":"2021-08-05T14:29:41","guid":{"rendered":"https:\/\/radiorevelacionfm.cl\/?p=7072"},"modified":"2021-08-05T11:29:41","modified_gmt":"2021-08-05T14:29:41","slug":"autoridades-regionales-presentaron-el-plan-juntos-chile-se-recupera-y-aprende","status":"publish","type":"post","link":"https:\/\/radiorevelacionfm.cl\/?p=7072","title":{"rendered":"Autoridades regionales presentaron el plan \u00abJuntos, Chile se Recupera y Aprende\u00bb"},"content":{"rendered":"<div class=\"flex_column av_one_full  flex_column_div av-zero-column-padding first  avia-builder-el-0  el_before_av_one_full  avia-builder-el-first  \" style='border-radius:0px; '><div  class='avia-image-container  av-styling-    avia-builder-el-1  avia-builder-el-no-sibling  avia-align-center '  itemprop=\"image\" itemscope=\"itemscope\" itemtype=\"https:\/\/schema.org\/ImageObject\"  ><div class='avia-image-container-inner'><div class='avia-image-overlay-wrap'><img decoding=\"async\" class='wp-image-7073 avia-img-lazy-loading-not-7073 avia_image' src=\"https:\/\/radiorevelacionfm.cl\/wp-content\/uploads\/2021\/08\/Lanzamiento-2-1-1.jpg\" alt='' title='Lanzamiento (2) (1) (1)' height=\"600\" width=\"919\"  itemprop=\"thumbnailUrl\" srcset=\"https:\/\/radiorevelacionfm.cl\/wp-content\/uploads\/2021\/08\/Lanzamiento-2-1-1.jpg 919w, https:\/\/radiorevelacionfm.cl\/wp-content\/uploads\/2021\/08\/Lanzamiento-2-1-1-300x196.jpg 300w, https:\/\/radiorevelacionfm.cl\/wp-content\/uploads\/2021\/08\/Lanzamiento-2-1-1-768x501.jpg 768w, https:\/\/radiorevelacionfm.cl\/wp-content\/uploads\/2021\/08\/Lanzamiento-2-1-1-705x460.jpg 705w, https:\/\/radiorevelacionfm.cl\/wp-content\/uploads\/2021\/08\/Lanzamiento-2-1-1-600x392.jpg 600w\" sizes=\"(max-width: 919px) 100vw, 919px\" \/><\/div><\/div><\/div><\/div><div class=\"flex_column av_one_full  flex_column_div av-zero-column-padding first  avia-builder-el-2  el_after_av_one_full  el_before_av_one_full  column-top-margin\" style='border-radius:0px; '><section class=\"av_textblock_section \"  itemscope=\"itemscope\" itemtype=\"https:\/\/schema.org\/BlogPosting\" itemprop=\"blogPost\" ><div class='avia_textblock  '   itemprop=\"text\" ><p style=\"text-align: center;\"><strong><span style=\"font-size: 18pt;\">Autoridades regionales presentaron el plan \u00abJuntos, Chile se Recupera y Aprende\u00bb<\/span><\/strong><\/p>\n<div id=\"gtx-trans\" style=\"position: absolute; left: -50px; top: 4.31534px;\">\n<div class=\"gtx-trans-icon\"><\/div>\n<\/div>\n<\/div><\/section><\/div><div class=\"flex_column av_one_full  flex_column_div av-zero-column-padding first  avia-builder-el-4  el_after_av_one_full  el_before_av_hr  column-top-margin\" style='border-radius:0px; '><section class=\"av_textblock_section \"  itemscope=\"itemscope\" itemtype=\"https:\/\/schema.org\/BlogPosting\" itemprop=\"blogPost\" ><div class='avia_textblock  '   itemprop=\"text\" ><p class=\"v1MsoNormal\" style=\"text-align: justify;\">Hasta el Colegio Alianza Austral de Coyhaique concurrieron la Delegada Presidencial Regional de Ays\u00e9n Margarita Ossa Rojas y el <a href=\"https:\/\/www.facebook.com\/seremieducacionaysen\/?__cft__%5b0%5d=AZV4QaeZIv-ZiTnkDaiv171yKHFIeDAxZ6bIc374QEcIWiYMfKBjiTGfv1flVViZ6VODJG08gBcUvJ5_ypSp0X4_S_orstrBJX2LjZp8at2v2VziS7KJXu_fyG_54hWAV1hajXwmcuyOW4oTs_9QEwaU&amp;__tn__=kK-R\" target=\"_blank\" rel=\"noopener noreferrer\">Seremi<\/a> de Educaci\u00f3n Sergio Becerra Mera para presentar en la regi\u00f3n el plan <a href=\"https:\/\/www.facebook.com\/hashtag\/juntoschileserecuperayaprende?__eep__=6&amp;__cft__%5b0%5d=AZV4QaeZIv-ZiTnkDaiv171yKHFIeDAxZ6bIc374QEcIWiYMfKBjiTGfv1flVViZ6VODJG08gBcUvJ5_ypSp0X4_S_orstrBJX2LjZp8at2v2VziS7KJXu_fyG_54hWAV1hajXwmcuyOW4oTs_9QEwaU&amp;__tn__=*NK-R\" target=\"_blank\" rel=\"noopener noreferrer\">Juntos<\/a>,\u00a0Chile se Recupera y Aprende, proceso de participaci\u00f3n que incluye Consulta Ciudadana, Cabildos y Panel de Expertos para abordar la recuperaci\u00f3n de aprendizajes, elaborando una hoja de ruta por los pr\u00f3ximos 4 a\u00f1os.<\/p>\n<p class=\"v1MsoNormal\" style=\"text-align: justify;\">La actividad cont\u00f3 con la asistencia de representantes de los distintos estamentos de la comunidad educativa: directivos, profesores, estudiantes, apoderados y asistentes de la Educaci\u00f3n.<\/p>\n<p class=\"v1MsoNormal\" style=\"text-align: justify;\">En su exposici\u00f3n, el seremi detall\u00f3 que el proceso consta de tres etapas:<\/p>\n<p class=\"v1MsoNormal\" style=\"text-align: justify;\"><b><span lang=\"ES-MX\">Consulta ciudadana<\/span><\/b><span lang=\"ES-MX\"> abierta a todos los chilenos o residentes en Chile mayores de 18 a\u00f1os en donde podr\u00e1n valorar las iniciativas que ya se encuentra realizando el Ministerio de Educaci\u00f3n, as\u00ed como realizar nuevas propuestas. Esta consulta se extender\u00e1 desde el 3 de agosto hasta el 3 de septiembre de manera digital <\/span><span lang=\"ES\">en\u00a0<\/span><span lang=\"ES-MX\"><a href=\"http:\/\/www.juntos.mineduc.cl\/\" target=\"_blank\" rel=\"noopener noreferrer\"><span lang=\"ES\">www.juntos.mineduc.cl<\/span><\/a>, y contar\u00e1 con el apoyo de Ayuda Mineduc y otros sistemas que permitir\u00e1n acercarse a los territorios y ayudar a participar a aquellas personas que requieran apoyo para responderla.<\/span><\/p>\n<p class=\"v1MsoNormal\" style=\"text-align: justify;\"><b><span lang=\"ES-MX\">Cabildos<\/span><\/b>\u00a0a los que se convocar\u00e1 a representantes de todos los colegios y establecimientos de educaci\u00f3n parvularia existentes en el pa\u00eds, los que tendr\u00e1n expresiones digitales y presenciales en todas las regiones. Los directores de los colegios y jardines podr\u00e1n inscribir a representantes de su colegio; 2 directivos, 2 docentes, 1 estudiante y 1 apoderado, entre el 5 y 10 de agosto, a trav\u00e9s del sitio web del formulario enviado a todos los directores del pa\u00eds. Los cabildos se realizar\u00e1n entre el 23 de agosto y el 3 de septiembre.<\/p>\n<p class=\"v1MsoNormal\" style=\"text-align: justify;\"><b><span lang=\"ES-MX\">Mesas de expertos<\/span><\/b><span lang=\"ES-MX\">\u00a0en donde se realizar\u00e1 un an\u00e1lisis y evaluaci\u00f3n de los resultados de la consulta ciudadana y cabildos.<\/span><\/p>\n<p class=\"v1MsoNormal\" style=\"text-align: justify;\">\u00abDespu\u00e9s del trabajo colaborativo entre la comunidad educativa, el Ministerio de educaci\u00f3n y otros actores relevantes del sistema educativo, se publicar\u00e1 una hoja de ruta para la recuperaci\u00f3n de los aprendizajes, desde hoy y para los pr\u00f3ximos 4 a\u00f1os. Los resultados de estos espacios de participaci\u00f3n se traducir\u00e1n en un documento que estar\u00e1 disponible en para toda la comunidad y cuyas propuestas comenzar\u00e1n a ser implementadas inmediatamente por parte del Ministerio de Educaci\u00f3n\u00bb, puntualiz\u00f3 Sergio Becerra.<\/p>\n<p class=\"v1MsoNormal\" style=\"text-align: justify;\">La Delegada Presidencial Regional Margarita Ossa afirm\u00f3 que \u00abEsta es una muy importante iniciativa que tiene como objetivo central la recuperaci\u00f3n de los aprendizajes que se han perdido producto de la pandemia Es una invitaci\u00f3n \u00a0transversal que hacemos a la comunidad a participar, a trav\u00e9s de la consulta ciudadana, y los cabildos con los cuales queremos conocer cu\u00e1l ha sido su experiencia con la p\u00e9rdida de clases, porque no s\u00f3lo se han perdido conocimientos sino tambi\u00e9n toda la sociabilizaci\u00f3n. Hemos avanzado como regi\u00f3n y estamos en un\u00a0 buen momento en el proceso de la vacunaci\u00f3n. Sin embargo, no debemos bajar los brazos y tenemos que seguir cuid\u00e1ndonos, la pandemia sigue presente, pero debemos ir recuperando todos juntos la educaci\u00f3n y la estabilidad sicol\u00f3gica de los ni\u00f1os y ni\u00f1as de la regi\u00f3n de Ays\u00e9n\u00bb.<\/p>\n<p class=\"v1MsoNormal\" style=\"text-align: justify;\">Por su parte, Amelia Galilea, Presidenta del Gobierno Estudiantil del Colegio Alianza Austral manifest\u00f3 que \u00abEl retorno a clases presenciales es muy importante, ya que si bien se puede aprender en forma online, pero hay algo que es fundamental en el desarrollo de los adolescentes y es estar en contacto con tus pares, y la comunidad estudiantil que es vital para desarrollar el car\u00e1cter \u00a0y ello se logra en un entorno social. Por ello estoy muy feliz con esta propuesta del Ministerio de Educaci\u00f3n\u00bb.<\/p>\n<p class=\"v1MsoNormal\" style=\"text-align: justify;\">El director del establecimiento \u00c1lvaro Dur\u00e1n P\u00e9rez se\u00f1al\u00f3 que \u00abEl colegio desde un principio de la pandemia ha estado comprometido con que los estudiantes tengan un servicio educativo.\u00a0 Ha sido un periodo complejo pero tambi\u00e9n una oportunidad de ir aprendiendo y siempre hemos puesto en el centro a nuestros alumnos. Es imprescindible que ellos vengan al colegio y en este proceso hemos avanzado con los pilares de flexibilidad \u00a0y participaci\u00f3n y procurando como resolver los desaf\u00edos que han ido surgiendo. Tanto los alumnos como las familias est\u00e1n comprometidas con las clases presenciales porque saben que el colegio es imprescindible.\u00bb<\/p>\n<\/div><\/section><\/div><div  style='height:50px' class='hr hr-invisible   avia-builder-el-6  el_after_av_one_full  el_before_av_social_share '><span class='hr-inner ' ><span class='hr-inner-style'><\/span><\/span><\/div><\/p>\n<div  class='av-social-sharing-box  avia-builder-el-7  el_after_av_hr  el_before_av_hr  '><div class='av-share-box'><h5 class='av-share-link-description av-no-toc '>Compartir esta noticia<\/h5><ul class='av-share-box-list noLightbox'><li class='av-share-link av-social-link-facebook' ><a target=\"_blank\" aria-label=\"Compartir en Facebook\" href='https:\/\/www.facebook.com\/sharer.php?u=https:\/\/radiorevelacionfm.cl\/?p=7072&#038;t=Autoridades%20regionales%20presentaron%20el%20plan%20%C2%ABJuntos%2C%20Chile%20se%20Recupera%20y%20Aprende%C2%BB' aria-hidden='false' data-av_icon='\ue8f3' data-av_iconfont='entypo-fontello' title='' data-avia-related-tooltip='Compartir en Facebook' rel=\"noopener\"><span class='avia_hidden_link_text'>Compartir en Facebook<\/span><\/a><\/li><li class='av-share-link av-social-link-twitter' ><a target=\"_blank\" aria-label=\"Compartir en Twitter\" href='https:\/\/twitter.com\/share?text=Autoridades%20regionales%20presentaron%20el%20plan%20%C2%ABJuntos%2C%20Chile%20se%20Recupera%20y%20Aprende%C2%BB&#038;url=https:\/\/radiorevelacionfm.cl\/?p=7072' aria-hidden='false' data-av_icon='\ue8f1' data-av_iconfont='entypo-fontello' title='' data-avia-related-tooltip='Compartir en Twitter' rel=\"noopener\"><span class='avia_hidden_link_text'>Compartir en Twitter<\/span><\/a><\/li><li class='av-share-link av-social-link-whatsapp' ><a target=\"_blank\" aria-label=\"Compartir en Whatsapp\" href='https:\/\/api.whatsapp.com\/send?text=https:\/\/radiorevelacionfm.cl\/?p=7072' aria-hidden='false' data-av_icon='\uf232' data-av_iconfont='entypo-fontello' title='' data-avia-related-tooltip='Compartir en Whatsapp' rel=\"noopener\"><span class='avia_hidden_link_text'>Compartir en Whatsapp<\/span><\/a><\/li><li class='av-share-link av-social-link-linkedin' ><a target=\"_blank\" aria-label=\"Compartir en LinkedIn\" href='https:\/\/linkedin.com\/shareArticle?mini=true&#038;title=Autoridades%20regionales%20presentaron%20el%20plan%20%C2%ABJuntos%2C%20Chile%20se%20Recupera%20y%20Aprende%C2%BB&#038;url=https:\/\/radiorevelacionfm.cl\/?p=7072' aria-hidden='false' data-av_icon='\ue8fc' data-av_iconfont='entypo-fontello' title='' data-avia-related-tooltip='Compartir en LinkedIn' rel=\"noopener\"><span class='avia_hidden_link_text'>Compartir en LinkedIn<\/span><\/a><\/li><li class='av-share-link av-social-link-mail' ><a  aria-label=\"Compartir por correo\" href='mailto:?subject=Autoridades%20regionales%20presentaron%20el%20plan%20%C2%ABJuntos%2C%20Chile%20se%20Recupera%20y%20Aprende%C2%BB&#038;body=https:\/\/radiorevelacionfm.cl\/?p=7072' aria-hidden='false' data-av_icon='\ue805' data-av_iconfont='entypo-fontello' title='' data-avia-related-tooltip='Compartir por correo'><span class='avia_hidden_link_text'>Compartir por correo<\/span><\/a><\/li><\/ul><\/div><\/div>\n<div  style='height:50px' class='hr hr-invisible   avia-builder-el-8  el_after_av_social_share  el_before_av_comments_list '><span class='hr-inner ' ><span class='hr-inner-style'><\/span><\/span><\/div>\n<div  class='av-buildercomment  av-blog-meta-html-info-disabled av-blog-meta-tag-disabled  '><\/div>\n","protected":false},"excerpt":{"rendered":"","protected":false},"author":1,"featured_media":7073,"comment_status":"open","ping_status":"open","sticky":false,"template":"","format":"standard","meta":{"footnotes":""},"categories":[49],"tags":[],"class_list":["post-7072","post","type-post","status-publish","format-standard","has-post-thumbnail","hentry","category-educacion"],"jetpack_featured_media_url":"https:\/\/radiorevelacionfm.cl\/wp-content\/uploads\/2021\/08\/Lanzamiento-2-1-1.jpg","_links":{"self":[{"href":"https:\/\/radiorevelacionfm.cl\/index.php?rest_route=\/wp\/v2\/posts\/7072","targetHints":{"allow":["GET"]}}],"collection":[{"href":"https:\/\/radiorevelacionfm.cl\/index.php?rest_route=\/wp\/v2\/posts"}],"about":[{"href":"https:\/\/radiorevelacionfm.cl\/index.php?rest_route=\/wp\/v2\/types\/post"}],"author":[{"embeddable":true,"href":"https:\/\/radiorevelacionfm.cl\/index.php?rest_route=\/wp\/v2\/users\/1"}],"replies":[{"embeddable":true,"href":"https:\/\/radiorevelacionfm.cl\/index.php?rest_route=%2Fwp%2Fv2%2Fcomments&post=7072"}],"version-history":[{"count":1,"href":"https:\/\/radiorevelacionfm.cl\/index.php?rest_route=\/wp\/v2\/posts\/7072\/revisions"}],"predecessor-version":[{"id":7074,"href":"https:\/\/radiorevelacionfm.cl\/index.php?rest_route=\/wp\/v2\/posts\/7072\/revisions\/7074"}],"wp:featuredmedia":[{"embeddable":true,"href":"https:\/\/radiorevelacionfm.cl\/index.php?rest_route=\/wp\/v2\/media\/7073"}],"wp:attachment":[{"href":"https:\/\/radiorevelacionfm.cl\/index.php?rest_route=%2Fwp%2Fv2%2Fmedia&parent=7072"}],"wp:term":[{"taxonomy":"category","embeddable":true,"href":"https:\/\/radiorevelacionfm.cl\/index.php?rest_route=%2Fwp%2Fv2%2Fcategories&post=7072"},{"taxonomy":"post_tag","embeddable":true,"href":"https:\/\/radiorevelacionfm.cl\/index.php?rest_route=%2Fwp%2Fv2%2Ftags&post=7072"}],"curies":[{"name":"wp","href":"https:\/\/api.w.org\/{rel}","templated":true}]}}