{"id":7067,"date":"2021-08-05T10:30:02","date_gmt":"2021-08-05T13:30:02","guid":{"rendered":"https:\/\/radiorevelacionfm.cl\/?p=7067"},"modified":"2021-08-05T10:33:00","modified_gmt":"2021-08-05T13:33:00","slug":"concejales-conocen-proyecciones-del-polideportivo-tras-cambio-en-la-administracion-del-recinto","status":"publish","type":"post","link":"https:\/\/radiorevelacionfm.cl\/?p=7067","title":{"rendered":"Concejales conocen proyecciones del Polideportivo tras cambio en la administraci\u00f3n del recinto"},"content":{"rendered":"<div class=\"flex_column av_one_full  flex_column_div av-zero-column-padding first  avia-builder-el-0  el_before_av_one_full  avia-builder-el-first  \" style='border-radius:0px; '><div  class='avia-image-container  av-styling-    avia-builder-el-1  avia-builder-el-no-sibling  avia-align-center '  itemprop=\"image\" itemscope=\"itemscope\" itemtype=\"https:\/\/schema.org\/ImageObject\"  ><div class='avia-image-container-inner'><div class='avia-image-overlay-wrap'><img decoding=\"async\" class='wp-image-7068 avia-img-lazy-loading-not-7068 avia_image' src=\"https:\/\/radiorevelacionfm.cl\/wp-content\/uploads\/2021\/08\/IMG-Policoncejales3-1-1.jpeg\" alt='' title='IMG-Policoncejales3 (1) (1)' height=\"600\" width=\"802\"  itemprop=\"thumbnailUrl\" srcset=\"https:\/\/radiorevelacionfm.cl\/wp-content\/uploads\/2021\/08\/IMG-Policoncejales3-1-1.jpeg 802w, https:\/\/radiorevelacionfm.cl\/wp-content\/uploads\/2021\/08\/IMG-Policoncejales3-1-1-300x224.jpeg 300w, https:\/\/radiorevelacionfm.cl\/wp-content\/uploads\/2021\/08\/IMG-Policoncejales3-1-1-768x575.jpeg 768w, https:\/\/radiorevelacionfm.cl\/wp-content\/uploads\/2021\/08\/IMG-Policoncejales3-1-1-705x527.jpeg 705w, https:\/\/radiorevelacionfm.cl\/wp-content\/uploads\/2021\/08\/IMG-Policoncejales3-1-1-600x449.jpeg 600w\" sizes=\"(max-width: 802px) 100vw, 802px\" \/><\/div><\/div><\/div><\/div><div class=\"flex_column av_one_full  flex_column_div av-zero-column-padding first  avia-builder-el-2  el_after_av_one_full  el_before_av_one_full  column-top-margin\" style='border-radius:0px; '><section class=\"av_textblock_section \"  itemscope=\"itemscope\" itemtype=\"https:\/\/schema.org\/BlogPosting\" itemprop=\"blogPost\" ><div class='avia_textblock  '   itemprop=\"text\" ><p style=\"text-align: center;\"><strong><span style=\"font-size: 18pt;\">Concejales conocen proyecciones del Polideportivo tras cambio en la administraci\u00f3n del recinto<\/span><\/strong><\/p>\n<div id=\"gtx-trans\" style=\"position: absolute; left: -50px; top: 4.31534px;\">\n<div class=\"gtx-trans-icon\"><\/div>\n<\/div>\n<\/div><\/section><\/div><div class=\"flex_column av_one_full  flex_column_div av-zero-column-padding first  avia-builder-el-4  el_after_av_one_full  el_before_av_hr  column-top-margin\" style='border-radius:0px; '><section class=\"av_textblock_section \"  itemscope=\"itemscope\" itemtype=\"https:\/\/schema.org\/BlogPosting\" itemprop=\"blogPost\" ><div class='avia_textblock  '   itemprop=\"text\" ><p style=\"text-align: justify;\">Para abordar las distintas estrategias que deber\u00e1 enfrentar la Corporaci\u00f3n del Deporte y Recreaci\u00f3n de la Ilustre Municipalidad de Ays\u00e9n en la administraci\u00f3n de los tres recintos que se encuentran bajo su tutela y conocer las nuevas orientaciones que tendr\u00e1 el principal complejo deportivo existente en la comuna. Los concejales Tatiana Villarroel, Jorge Figueroa y Gabriel Mu\u00f1oz en compa\u00f1\u00eda del jefe de gabinete de la Casa Edilicia, Marco Co\u00f1uecar, sostuvieron una reuni\u00f3n con el nuevo director ejecutivo de la Corporaci\u00f3n.<\/p>\n<p style=\"text-align: justify;\">Al respecto, Carlos C\u00e1rcamo Adriazola, el nuevo personero municipal del deporte destac\u00f3 que \u201ccon el equipo del Polideportivo nos encontramos con los concejales trabajando en pos de la comunidad, mostrando el efecto que tiene el deporte en la comunidad y tratando de mostrar cada \u00e1rea, en qu\u00e9 consiste realmente el trabajo que se realiza en el establecimiento, buscando los recursos para seguir con este trabajo que es muy importante para la gente de Puerto Ays\u00e9n. La Corporaci\u00f3n del Deporte ha tomado mucha responsabilidad en administrar los recintos de Islas Huichas, el Polideportivo 21 de Abril y Bah\u00eda Acantilada, la idea de esto es potenciar y sacarle el mayor rendimiento a cada una estas infraestructuras\u201d.<\/p>\n<p style=\"text-align: justify;\">La concejala Tatiana Villarroel, junto con relatar los aspectos abordados en el encuentro enfatiz\u00f3 que las actuales condiciones sanitarias por covid-19 han significado una tristeza para el deporte local debido a que \u201cno se le ha podido dar el uso que requiere al Polideportivo\u201d. Sin embargo, explic\u00f3 que tras la reciente mejora en los indicadores de salud la comunidad se encuentra expectante de las actividades a desarrollar, \u201caqu\u00ed hay un lindo recinto en el que se pueden hacer muchas cosas, al menos el equipo de trabajo est\u00e1 con toda la disposici\u00f3n en generar m\u00e1s espacios para la comunidad\u201d.<\/p>\n<p style=\"text-align: justify;\">En tanto, el concejal Jorge Figueroa, agradeci\u00f3 la invitaci\u00f3n formulada por el jefe de gabinete, Marco Co\u00f1uecar, para tratar diversas materias de importancia comunal. En el encuentro, el representante aysenino coment\u00f3 que \u201cnos dieron a conocer cu\u00e1les son las directrices por seguir y cu\u00e1les son las limitantes que se tienen en cuanto a infraestructura, maquinaria y limitantes que uno no conoc\u00eda y que de cierta manera hay que tener el apoyo de todo lo que es el cuerpo administrativo de la municipalidad para poder subsanarlas y que esto sea en beneficio de nuestra comunidad de Ays\u00e9n\u201d.<\/p>\n<p style=\"text-align: justify;\">Finalmente, el integrante del Concejo Municipal, Gabriel Mu\u00f1oz, detall\u00f3 que es la primera vez que realiza un recorrido por todas las instalaciones del Polideportivo, indicando que ser\u00e1 necesario revisar el estado de la piscina para sus mejoras y que el encuentro sirvi\u00f3 de apresto para revisar las materias relativas al funcionamiento institucional del recinto deportivo, \u201ces una maravilla el recinto, vamos a ver en qu\u00e9 podemos colaborar y aportar porque el deporte es necesario para nosotros, en plena pandemia es dif\u00edcil salir pero como ya estamos en Fase 3 queremos tratar de empezar a motivar a la gente de Ays\u00e9n para que empiece a asistir nuevamente\u201d sentenci\u00f3 Mu\u00f1oz.<\/p>\n<\/div><\/section><\/div><div  style='height:50px' class='hr hr-invisible   avia-builder-el-6  el_after_av_one_full  el_before_av_social_share '><span class='hr-inner ' ><span class='hr-inner-style'><\/span><\/span><\/div><\/p>\n<div  class='av-social-sharing-box  avia-builder-el-7  el_after_av_hr  el_before_av_hr  '><div class='av-share-box'><h5 class='av-share-link-description av-no-toc '>Compartir esta noticia<\/h5><ul class='av-share-box-list noLightbox'><li class='av-share-link av-social-link-facebook' ><a target=\"_blank\" aria-label=\"Compartir en Facebook\" href='https:\/\/www.facebook.com\/sharer.php?u=https:\/\/radiorevelacionfm.cl\/?p=7067&#038;t=Concejales%20conocen%20proyecciones%20del%20Polideportivo%20tras%20cambio%20en%20la%20administraci%C3%B3n%20del%20recinto' aria-hidden='false' data-av_icon='\ue8f3' data-av_iconfont='entypo-fontello' title='' data-avia-related-tooltip='Compartir en Facebook' rel=\"noopener\"><span class='avia_hidden_link_text'>Compartir en Facebook<\/span><\/a><\/li><li class='av-share-link av-social-link-twitter' ><a target=\"_blank\" aria-label=\"Compartir en Twitter\" href='https:\/\/twitter.com\/share?text=Concejales%20conocen%20proyecciones%20del%20Polideportivo%20tras%20cambio%20en%20la%20administraci%C3%B3n%20del%20recinto&#038;url=https:\/\/radiorevelacionfm.cl\/?p=7067' aria-hidden='false' data-av_icon='\ue8f1' data-av_iconfont='entypo-fontello' title='' data-avia-related-tooltip='Compartir en Twitter' rel=\"noopener\"><span class='avia_hidden_link_text'>Compartir en Twitter<\/span><\/a><\/li><li class='av-share-link av-social-link-whatsapp' ><a target=\"_blank\" aria-label=\"Compartir en Whatsapp\" href='https:\/\/api.whatsapp.com\/send?text=https:\/\/radiorevelacionfm.cl\/?p=7067' aria-hidden='false' data-av_icon='\uf232' data-av_iconfont='entypo-fontello' title='' data-avia-related-tooltip='Compartir en Whatsapp' rel=\"noopener\"><span class='avia_hidden_link_text'>Compartir en Whatsapp<\/span><\/a><\/li><li class='av-share-link av-social-link-linkedin' ><a target=\"_blank\" aria-label=\"Compartir en LinkedIn\" href='https:\/\/linkedin.com\/shareArticle?mini=true&#038;title=Concejales%20conocen%20proyecciones%20del%20Polideportivo%20tras%20cambio%20en%20la%20administraci%C3%B3n%20del%20recinto&#038;url=https:\/\/radiorevelacionfm.cl\/?p=7067' aria-hidden='false' data-av_icon='\ue8fc' data-av_iconfont='entypo-fontello' title='' data-avia-related-tooltip='Compartir en LinkedIn' rel=\"noopener\"><span class='avia_hidden_link_text'>Compartir en LinkedIn<\/span><\/a><\/li><li class='av-share-link av-social-link-mail' ><a  aria-label=\"Compartir por correo\" href='mailto:?subject=Concejales%20conocen%20proyecciones%20del%20Polideportivo%20tras%20cambio%20en%20la%20administraci%C3%B3n%20del%20recinto&#038;body=https:\/\/radiorevelacionfm.cl\/?p=7067' aria-hidden='false' data-av_icon='\ue805' data-av_iconfont='entypo-fontello' title='' data-avia-related-tooltip='Compartir por correo'><span class='avia_hidden_link_text'>Compartir por correo<\/span><\/a><\/li><\/ul><\/div><\/div>\n<div  style='height:50px' class='hr hr-invisible   avia-builder-el-8  el_after_av_social_share  el_before_av_comments_list '><span class='hr-inner ' ><span class='hr-inner-style'><\/span><\/span><\/div>\n<div  class='av-buildercomment  av-blog-meta-html-info-disabled av-blog-meta-tag-disabled  '><\/div>\n","protected":false},"excerpt":{"rendered":"","protected":false},"author":1,"featured_media":7068,"comment_status":"open","ping_status":"open","sticky":false,"template":"","format":"standard","meta":{"footnotes":""},"categories":[40],"tags":[],"class_list":["post-7067","post","type-post","status-publish","format-standard","has-post-thumbnail","hentry","category-deportes"],"jetpack_featured_media_url":"https:\/\/radiorevelacionfm.cl\/wp-content\/uploads\/2021\/08\/IMG-Policoncejales3-1-1.jpeg","_links":{"self":[{"href":"https:\/\/radiorevelacionfm.cl\/index.php?rest_route=\/wp\/v2\/posts\/7067","targetHints":{"allow":["GET"]}}],"collection":[{"href":"https:\/\/radiorevelacionfm.cl\/index.php?rest_route=\/wp\/v2\/posts"}],"about":[{"href":"https:\/\/radiorevelacionfm.cl\/index.php?rest_route=\/wp\/v2\/types\/post"}],"author":[{"embeddable":true,"href":"https:\/\/radiorevelacionfm.cl\/index.php?rest_route=\/wp\/v2\/users\/1"}],"replies":[{"embeddable":true,"href":"https:\/\/radiorevelacionfm.cl\/index.php?rest_route=%2Fwp%2Fv2%2Fcomments&post=7067"}],"version-history":[{"count":1,"href":"https:\/\/radiorevelacionfm.cl\/index.php?rest_route=\/wp\/v2\/posts\/7067\/revisions"}],"predecessor-version":[{"id":7069,"href":"https:\/\/radiorevelacionfm.cl\/index.php?rest_route=\/wp\/v2\/posts\/7067\/revisions\/7069"}],"wp:featuredmedia":[{"embeddable":true,"href":"https:\/\/radiorevelacionfm.cl\/index.php?rest_route=\/wp\/v2\/media\/7068"}],"wp:attachment":[{"href":"https:\/\/radiorevelacionfm.cl\/index.php?rest_route=%2Fwp%2Fv2%2Fmedia&parent=7067"}],"wp:term":[{"taxonomy":"category","embeddable":true,"href":"https:\/\/radiorevelacionfm.cl\/index.php?rest_route=%2Fwp%2Fv2%2Fcategories&post=7067"},{"taxonomy":"post_tag","embeddable":true,"href":"https:\/\/radiorevelacionfm.cl\/index.php?rest_route=%2Fwp%2Fv2%2Ftags&post=7067"}],"curies":[{"name":"wp","href":"https:\/\/api.w.org\/{rel}","templated":true}]}}