{"id":7064,"date":"2021-08-05T10:17:43","date_gmt":"2021-08-05T13:17:43","guid":{"rendered":"https:\/\/radiorevelacionfm.cl\/?p=7064"},"modified":"2021-08-05T10:17:43","modified_gmt":"2021-08-05T13:17:43","slug":"club-21-de-mayo-confirma-comodato-de-15-anos-por-terreno-en-cercanias-del-estadio-municipal","status":"publish","type":"post","link":"https:\/\/radiorevelacionfm.cl\/?p=7064","title":{"rendered":"Club 21 de Mayo confirma comodato de 15 a\u00f1os por terreno en cercan\u00edas del Estadio Municipal"},"content":{"rendered":"<div class=\"flex_column av_one_full  flex_column_div av-zero-column-padding first  avia-builder-el-0  el_before_av_one_full  avia-builder-el-first  \" style='border-radius:0px; '><div  class='avia-image-container  av-styling-    avia-builder-el-1  avia-builder-el-no-sibling  avia-align-center '  itemprop=\"image\" itemscope=\"itemscope\" itemtype=\"https:\/\/schema.org\/ImageObject\"  ><div class='avia-image-container-inner'><div class='avia-image-overlay-wrap'><img decoding=\"async\" class='wp-image-7065 avia-img-lazy-loading-not-7065 avia_image' src=\"https:\/\/radiorevelacionfm.cl\/wp-content\/uploads\/2021\/08\/club-21-de-mayo1_optimized.jpg\" alt='' title='club-21-de-mayo1_optimized' height=\"597\" width=\"1280\"  itemprop=\"thumbnailUrl\" srcset=\"https:\/\/radiorevelacionfm.cl\/wp-content\/uploads\/2021\/08\/club-21-de-mayo1_optimized.jpg 1280w, https:\/\/radiorevelacionfm.cl\/wp-content\/uploads\/2021\/08\/club-21-de-mayo1_optimized-300x140.jpg 300w, https:\/\/radiorevelacionfm.cl\/wp-content\/uploads\/2021\/08\/club-21-de-mayo1_optimized-1030x480.jpg 1030w, https:\/\/radiorevelacionfm.cl\/wp-content\/uploads\/2021\/08\/club-21-de-mayo1_optimized-768x358.jpg 768w, https:\/\/radiorevelacionfm.cl\/wp-content\/uploads\/2021\/08\/club-21-de-mayo1_optimized-705x329.jpg 705w, https:\/\/radiorevelacionfm.cl\/wp-content\/uploads\/2021\/08\/club-21-de-mayo1_optimized-600x280.jpg 600w\" sizes=\"(max-width: 1280px) 100vw, 1280px\" \/><\/div><\/div><\/div><\/div><div class=\"flex_column av_one_full  flex_column_div av-zero-column-padding first  avia-builder-el-2  el_after_av_one_full  el_before_av_one_full  column-top-margin\" style='border-radius:0px; '><section class=\"av_textblock_section \"  itemscope=\"itemscope\" itemtype=\"https:\/\/schema.org\/BlogPosting\" itemprop=\"blogPost\" ><div class='avia_textblock  '   itemprop=\"text\" ><p style=\"text-align: center;\"><span style=\"font-size: 18pt;\"><b><span lang=\"ES\">Club 21 de Mayo confirma comodato de 15 a\u00f1os por terreno en cercan\u00edas del Estadio Municipal<\/span><\/b><\/span><\/p>\n<div id=\"gtx-trans\" style=\"position: absolute; left: -50px; top: 4.31534px;\">\n<div class=\"gtx-trans-icon\"><\/div>\n<\/div>\n<\/div><\/section><\/div><div class=\"flex_column av_one_full  flex_column_div av-zero-column-padding first  avia-builder-el-4  el_after_av_one_full  el_before_av_hr  column-top-margin\" style='border-radius:0px; '><section class=\"av_textblock_section \"  itemscope=\"itemscope\" itemtype=\"https:\/\/schema.org\/BlogPosting\" itemprop=\"blogPost\" ><div class='avia_textblock  '   itemprop=\"text\" ><p style=\"font-weight: 400; text-align: justify;\">El Subsecretario de Bienes Nacionales, \u00c1lvaro Pillado, confirm\u00f3 en su visita a la regi\u00f3n de Ays\u00e9n la extensi\u00f3n de cinco a quince a\u00f1os del comodato que tiene el Club Deportivo 21 de Mayo por un terreno de casi media hect\u00e1rea en las cercan\u00edas del estadio Municipal, hecho que se logr\u00f3 gracias a las gestiones realizadas por el diputado Miguel \u00c1ngel Calisto y que fue valorado por la dirigencia del club.<\/p>\n<p style=\"font-weight: 400; text-align: justify;\">Seg\u00fan el diputado Calisto, \u201chace un tiempo nos reunimos con el Club 21 de mayo. Nos parece tremendamente importante avanzar y mejorar sus condiciones. Ellos ten\u00edan un comodato en un terreno donde tienen muchos proyectos, pero era por cinco a\u00f1os, lo que era muy poco. Por eso, le pedimos al Subsecretario una extensi\u00f3n de este comodato\u201d.<\/p>\n<p style=\"font-weight: 400; text-align: justify;\">\u201cLogramos extender este comodato de cinco a quince a\u00f1os. Nos parece muy bien poder ayudar en estas cosas que son tan importantes para el deporte regional, por lo que estamos muy contentos con esta noticia\u201d, indic\u00f3 el legislador.<\/p>\n<p style=\"font-weight: 400; text-align: justify;\">Por su parte, Jaime Araneda, Secretario Titular del Club Deportivo 21 de mayo, \u201cnosotros hoy en d\u00eda tenemos dos periodos de comodato por cinco a\u00f1os por un terreno de casi media hect\u00e1rea a un costado del bypass donde est\u00e1 el Estadio Municipal. Nosotros est\u00e1bamos temerosos de seguir haciendo m\u00e1s avances en este espacio, porque no sab\u00edamos si nos iban a renovar el comodato por varios a\u00f1os m\u00e1s\u201d.<\/p>\n<p style=\"font-weight: 400; text-align: justify;\">\u201cPor este motivo le pedimos al diputado que nos consiguiera una reuni\u00f3n con el Subsecretario de Bienes Nacionales, la que se concret\u00f3 hace algunos d\u00edas y nos fue bastante bien. La autoridad nos dijo que coordin\u00e1ramos con la oficina de Coyhaique y solicit\u00e1ramos una extensi\u00f3n del comodato a 15 a\u00f1os\u201d, indic\u00f3.<\/p>\n<p style=\"font-weight: 400; text-align: justify;\">El dirigente agreg\u00f3 que \u201cnosotros hemos hecho muchos arreglos en el terreno, incluso tenemos el cierre perimetral en un 70% y esperamos terminarlo entre este y el pr\u00f3ximo a\u00f1o. Queremos construir ah\u00ed una multicancha que favorezca a nuestros futbolistas y deportistas en general. Nuestra escuela de f\u00fatbol tiene cerca de 100 ni\u00f1os\u201d.<\/p>\n<p style=\"font-weight: 400; text-align: justify;\">Finalmente, Jaime Araneda se\u00f1al\u00f3 que \u201cel diputado ha sido muy cumplidor, para nosotros eso es satisfacci\u00f3n, porque se trata de una autoridad que no s\u00f3lo promete, sino que tambi\u00e9n cumple. En este caso, \u00e9l ha sido muy ejecutivo. Tenemos otros planes con el diputado Calisto, si seguimos trabajando de la mano de \u00e9l, seguramente seguiremos logrando varias cosas\u201d.<\/p>\n<\/div><\/section><\/div><div  style='height:50px' class='hr hr-invisible   avia-builder-el-6  el_after_av_one_full  el_before_av_social_share '><span class='hr-inner ' ><span class='hr-inner-style'><\/span><\/span><\/div><\/p>\n<div  class='av-social-sharing-box  avia-builder-el-7  el_after_av_hr  el_before_av_hr  '><div class='av-share-box'><h5 class='av-share-link-description av-no-toc '>Compartir esta noticia<\/h5><ul class='av-share-box-list noLightbox'><li class='av-share-link av-social-link-facebook' ><a target=\"_blank\" aria-label=\"Compartir en Facebook\" href='https:\/\/www.facebook.com\/sharer.php?u=https:\/\/radiorevelacionfm.cl\/?p=7064&#038;t=Club%2021%20de%20Mayo%20confirma%20comodato%20de%2015%20a%C3%B1os%20por%20terreno%20en%20cercan%C3%ADas%20del%20Estadio%20Municipal' aria-hidden='false' data-av_icon='\ue8f3' data-av_iconfont='entypo-fontello' title='' data-avia-related-tooltip='Compartir en Facebook' rel=\"noopener\"><span class='avia_hidden_link_text'>Compartir en Facebook<\/span><\/a><\/li><li class='av-share-link av-social-link-twitter' ><a target=\"_blank\" aria-label=\"Compartir en Twitter\" href='https:\/\/twitter.com\/share?text=Club%2021%20de%20Mayo%20confirma%20comodato%20de%2015%20a%C3%B1os%20por%20terreno%20en%20cercan%C3%ADas%20del%20Estadio%20Municipal&#038;url=https:\/\/radiorevelacionfm.cl\/?p=7064' aria-hidden='false' data-av_icon='\ue8f1' data-av_iconfont='entypo-fontello' title='' data-avia-related-tooltip='Compartir en Twitter' rel=\"noopener\"><span class='avia_hidden_link_text'>Compartir en Twitter<\/span><\/a><\/li><li class='av-share-link av-social-link-whatsapp' ><a target=\"_blank\" aria-label=\"Compartir en Whatsapp\" href='https:\/\/api.whatsapp.com\/send?text=https:\/\/radiorevelacionfm.cl\/?p=7064' aria-hidden='false' data-av_icon='\uf232' data-av_iconfont='entypo-fontello' title='' data-avia-related-tooltip='Compartir en Whatsapp' rel=\"noopener\"><span class='avia_hidden_link_text'>Compartir en Whatsapp<\/span><\/a><\/li><li class='av-share-link av-social-link-linkedin' ><a target=\"_blank\" aria-label=\"Compartir en LinkedIn\" href='https:\/\/linkedin.com\/shareArticle?mini=true&#038;title=Club%2021%20de%20Mayo%20confirma%20comodato%20de%2015%20a%C3%B1os%20por%20terreno%20en%20cercan%C3%ADas%20del%20Estadio%20Municipal&#038;url=https:\/\/radiorevelacionfm.cl\/?p=7064' aria-hidden='false' data-av_icon='\ue8fc' data-av_iconfont='entypo-fontello' title='' data-avia-related-tooltip='Compartir en LinkedIn' rel=\"noopener\"><span class='avia_hidden_link_text'>Compartir en LinkedIn<\/span><\/a><\/li><li class='av-share-link av-social-link-mail' ><a  aria-label=\"Compartir por correo\" href='mailto:?subject=Club%2021%20de%20Mayo%20confirma%20comodato%20de%2015%20a%C3%B1os%20por%20terreno%20en%20cercan%C3%ADas%20del%20Estadio%20Municipal&#038;body=https:\/\/radiorevelacionfm.cl\/?p=7064' aria-hidden='false' data-av_icon='\ue805' data-av_iconfont='entypo-fontello' title='' data-avia-related-tooltip='Compartir por correo'><span class='avia_hidden_link_text'>Compartir por correo<\/span><\/a><\/li><\/ul><\/div><\/div>\n<div  style='height:50px' class='hr hr-invisible   avia-builder-el-8  el_after_av_social_share  el_before_av_comments_list '><span class='hr-inner ' ><span class='hr-inner-style'><\/span><\/span><\/div>\n<div  class='av-buildercomment  av-blog-meta-html-info-disabled av-blog-meta-tag-disabled  '><\/div>\n","protected":false},"excerpt":{"rendered":"","protected":false},"author":1,"featured_media":7065,"comment_status":"open","ping_status":"open","sticky":false,"template":"","format":"standard","meta":{"footnotes":""},"categories":[40],"tags":[],"class_list":["post-7064","post","type-post","status-publish","format-standard","has-post-thumbnail","hentry","category-deportes"],"jetpack_featured_media_url":"https:\/\/radiorevelacionfm.cl\/wp-content\/uploads\/2021\/08\/club-21-de-mayo1_optimized.jpg","_links":{"self":[{"href":"https:\/\/radiorevelacionfm.cl\/index.php?rest_route=\/wp\/v2\/posts\/7064","targetHints":{"allow":["GET"]}}],"collection":[{"href":"https:\/\/radiorevelacionfm.cl\/index.php?rest_route=\/wp\/v2\/posts"}],"about":[{"href":"https:\/\/radiorevelacionfm.cl\/index.php?rest_route=\/wp\/v2\/types\/post"}],"author":[{"embeddable":true,"href":"https:\/\/radiorevelacionfm.cl\/index.php?rest_route=\/wp\/v2\/users\/1"}],"replies":[{"embeddable":true,"href":"https:\/\/radiorevelacionfm.cl\/index.php?rest_route=%2Fwp%2Fv2%2Fcomments&post=7064"}],"version-history":[{"count":1,"href":"https:\/\/radiorevelacionfm.cl\/index.php?rest_route=\/wp\/v2\/posts\/7064\/revisions"}],"predecessor-version":[{"id":7066,"href":"https:\/\/radiorevelacionfm.cl\/index.php?rest_route=\/wp\/v2\/posts\/7064\/revisions\/7066"}],"wp:featuredmedia":[{"embeddable":true,"href":"https:\/\/radiorevelacionfm.cl\/index.php?rest_route=\/wp\/v2\/media\/7065"}],"wp:attachment":[{"href":"https:\/\/radiorevelacionfm.cl\/index.php?rest_route=%2Fwp%2Fv2%2Fmedia&parent=7064"}],"wp:term":[{"taxonomy":"category","embeddable":true,"href":"https:\/\/radiorevelacionfm.cl\/index.php?rest_route=%2Fwp%2Fv2%2Fcategories&post=7064"},{"taxonomy":"post_tag","embeddable":true,"href":"https:\/\/radiorevelacionfm.cl\/index.php?rest_route=%2Fwp%2Fv2%2Ftags&post=7064"}],"curies":[{"name":"wp","href":"https:\/\/api.w.org\/{rel}","templated":true}]}}