{"id":7061,"date":"2021-08-05T10:53:21","date_gmt":"2021-08-05T13:53:21","guid":{"rendered":"https:\/\/radiorevelacionfm.cl\/?p=7061"},"modified":"2021-08-05T11:02:24","modified_gmt":"2021-08-05T14:02:24","slug":"seremi-del-trabajo-llama-a-empleadores-y-trabajadores-a-trabajar-en-conjunto-para-superar-el-coronavirus","status":"publish","type":"post","link":"https:\/\/radiorevelacionfm.cl\/?p=7061","title":{"rendered":"Seremi del Trabajo llama a empleadores y trabajadores a trabajar en conjunto para superar el coronavirus"},"content":{"rendered":"<div class=\"flex_column av_one_full  flex_column_div av-zero-column-padding first  avia-builder-el-0  el_before_av_one_full  avia-builder-el-first  \" style='border-radius:0px; '><div  class='avia-image-container  av-styling-    avia-builder-el-1  avia-builder-el-no-sibling  avia-align-center '  itemprop=\"image\" itemscope=\"itemscope\" itemtype=\"https:\/\/schema.org\/ImageObject\"  ><div class='avia-image-container-inner'><div class='avia-image-overlay-wrap'><img decoding=\"async\" class='wp-image-7077 avia-img-lazy-loading-not-7077 avia_image' src=\"https:\/\/radiorevelacionfm.cl\/wp-content\/uploads\/2021\/08\/Seremi-del-Trabajo1-1-2.jpg\" alt='' title='Seremi del Trabajo1 (1) (2)' height=\"600\" width=\"958\"  itemprop=\"thumbnailUrl\" srcset=\"https:\/\/radiorevelacionfm.cl\/wp-content\/uploads\/2021\/08\/Seremi-del-Trabajo1-1-2.jpg 958w, https:\/\/radiorevelacionfm.cl\/wp-content\/uploads\/2021\/08\/Seremi-del-Trabajo1-1-2-300x188.jpg 300w, https:\/\/radiorevelacionfm.cl\/wp-content\/uploads\/2021\/08\/Seremi-del-Trabajo1-1-2-768x481.jpg 768w, https:\/\/radiorevelacionfm.cl\/wp-content\/uploads\/2021\/08\/Seremi-del-Trabajo1-1-2-705x442.jpg 705w, https:\/\/radiorevelacionfm.cl\/wp-content\/uploads\/2021\/08\/Seremi-del-Trabajo1-1-2-600x376.jpg 600w\" sizes=\"(max-width: 958px) 100vw, 958px\" \/><\/div><\/div><\/div><\/div><div class=\"flex_column av_one_full  flex_column_div av-zero-column-padding first  avia-builder-el-2  el_after_av_one_full  el_before_av_one_full  column-top-margin\" style='border-radius:0px; '><section class=\"av_textblock_section \"  itemscope=\"itemscope\" itemtype=\"https:\/\/schema.org\/BlogPosting\" itemprop=\"blogPost\" ><div class='avia_textblock  '   itemprop=\"text\" ><p style=\"text-align: center;\"><strong><span style=\"font-size: 18pt;\">Seremi del Trabajo llama a empleadores y trabajadores a trabajar en conjunto para superar el coronavirus<\/span><\/strong><\/p>\n<div id=\"gtx-trans\" style=\"position: absolute; left: -50px; top: 4.31534px;\">\n<div class=\"gtx-trans-icon\"><\/div>\n<\/div>\n<\/div><\/section><\/div><\/p>\n<div class=\"flex_column av_one_full  flex_column_div av-zero-column-padding first  avia-builder-el-4  el_after_av_one_full  el_before_av_hr  column-top-margin\" style='border-radius:0px; '><section class=\"av_textblock_section \"  itemscope=\"itemscope\" itemtype=\"https:\/\/schema.org\/BlogPosting\" itemprop=\"blogPost\" ><div class='avia_textblock  '   itemprop=\"text\" ><p style=\"text-align: justify;\">La Seremi del Trabajo de Ays\u00e9n, valor\u00f3 la iniciativa de Empresa Friosur y su Sindicato de Trabajadores (Sitraf), que entre el 05 de agosto y el 10 de septiembre realizar\u00e1n la \u201cMesa de Di\u00e1logo Social 2021\u201d, donde abordar\u00e1n los protocolos sobre el trabajo en la industria y su adecuaci\u00f3n al contexto Covid-19.<\/p>\n<p style=\"text-align: justify;\">\u201cLa Pandemia de Covid-19 nos ha impactado a nivel mundial, nacional y regional, en t\u00e9rminos de salud y en t\u00e9rminos laborales, lo que nos ha impuesto grandes desaf\u00edos que debemos enfrentar de manera unida para lograr retomar nuestras vidas con una nueva normalidad, aprendiendo a convivir con este virus\u201d, afirm\u00f3 Andrea Ponce, en el contexto de la \u201cMesa de Di\u00e1logo Social 2021\u201d convocada por empresa Friosur y su sindicato Sitraf.<\/p>\n<p style=\"text-align: justify;\">\u201cUno de estos grandes desaf\u00edos es compatibilizar el cuidado de la vida y la salud en el trabajo y la necesaria recuperaci\u00f3n econ\u00f3mica, que nos ha llevado a implementar medidas en torno a protocolos en el \u00e1mbito laboral, donde empleadores y trabajadores deben trabajar en conjunto, para lograr resultados positivos\u201d, indic\u00f3 la Seremi del Trabajo y Previsi\u00f3n Social.<\/p>\n<p style=\"text-align: justify;\">\u201cPor ello valoro e invito a participar en la Mesa de Di\u00e1logo Social de Ays\u00e9n, financiada por la Subsecretar\u00eda del Trabajo y ejecutada en la regi\u00f3n por Cical. Destaco y agradezco enormemente el inter\u00e9s de FrioSur como empleadores y de los trabajadores a trav\u00e9s de su sindicato, de apoyar y fortalecer el camino del di\u00e1logo en torno a los protocolos de seguridad en el trabajo en contexto de Covid-19 en la industria manufacturera. Sin empresa no hay trabajadores y sin trabajadores no hay empresa\u201d, enfatiz\u00f3.<\/p>\n<p style=\"text-align: justify;\">De acuerdo a la Organizaci\u00f3n Internacional del Trabajo (OIT), el \u201cdi\u00e1logo social comprende todo tipo de negociaciones y consultas, incluyendo el simple intercambio de informaci\u00f3n, entre gobiernos, empleadores y trabajadores, acerca de temas o cuestiones de inter\u00e9s com\u00fan respecto de las pol\u00edticas econ\u00f3micas y sociales\u201d.<\/p>\n<p style=\"text-align: justify;\">En tal sentido, la Seremi Andrea Ponce, explic\u00f3 que \u201cel di\u00e1logo social es una herramienta fundamental para salir adelante de la pandemia sanitaria, econ\u00f3mica y social, que nos afecta. En estas instancias se buscar\u00e1 revisar juntos los protocolos existentes, aplicar conceptos, rescatar buenas pr\u00e1cticas y fortalecer el trabajo en conjunto, mejorando tambi\u00e9n la relaci\u00f3n laboral al interior de la empresa, con una metodolog\u00eda de di\u00e1logo, lo que despu\u00e9s podremos replicar y difundir en otras instancias tanto en nuestra Regi\u00f3n de Ays\u00e9n como en el resto del pa\u00eds\u201d, puntualiz\u00f3.<\/p>\n<p style=\"text-align: justify;\">La \u00abMesa de Di\u00e1logo Social 2021\u00bb entre la Empresa Friosur y el Sindicato de Trabajadores de Friosur (Sitraf), contempla seis sesiones que partir\u00e1n este jueves 05 de agosto con una charla sobre di\u00e1logo social y buenas pr\u00e1cticas laborales, para cerrar con un seminario el 10 de septiembre.<\/p>\n<p style=\"text-align: justify;\">La iniciativa, financiada por la Subsecretar\u00eda del Trabajo a trav\u00e9s del Programa de Di\u00e1logo Social 2021, contempla expositores de Friosur y Sitraf, adem\u00e1s de personalidades de Gobierno, mutuales y entidades a cargo de la seguridad laboral.<\/p>\n<\/div><\/section><\/div>\n<div  style='height:50px' class='hr hr-invisible   avia-builder-el-6  el_after_av_one_full  el_before_av_social_share '><span class='hr-inner ' ><span class='hr-inner-style'><\/span><\/span><\/div>\n<div  class='av-social-sharing-box  avia-builder-el-7  el_after_av_hr  el_before_av_hr  '><div class='av-share-box'><h5 class='av-share-link-description av-no-toc '>Compartir esta noticia<\/h5><ul class='av-share-box-list noLightbox'><li class='av-share-link av-social-link-facebook' ><a target=\"_blank\" aria-label=\"Compartir en Facebook\" href='https:\/\/www.facebook.com\/sharer.php?u=https:\/\/radiorevelacionfm.cl\/?p=7061&#038;t=Seremi%20del%20Trabajo%20llama%20a%20empleadores%20y%20trabajadores%20a%20trabajar%20en%20conjunto%20para%20superar%20el%20coronavirus' aria-hidden='false' data-av_icon='\ue8f3' data-av_iconfont='entypo-fontello' title='' data-avia-related-tooltip='Compartir en Facebook' rel=\"noopener\"><span class='avia_hidden_link_text'>Compartir en Facebook<\/span><\/a><\/li><li class='av-share-link av-social-link-twitter' ><a target=\"_blank\" aria-label=\"Compartir en Twitter\" href='https:\/\/twitter.com\/share?text=Seremi%20del%20Trabajo%20llama%20a%20empleadores%20y%20trabajadores%20a%20trabajar%20en%20conjunto%20para%20superar%20el%20coronavirus&#038;url=https:\/\/radiorevelacionfm.cl\/?p=7061' aria-hidden='false' data-av_icon='\ue8f1' data-av_iconfont='entypo-fontello' title='' data-avia-related-tooltip='Compartir en Twitter' rel=\"noopener\"><span class='avia_hidden_link_text'>Compartir en Twitter<\/span><\/a><\/li><li class='av-share-link av-social-link-whatsapp' ><a target=\"_blank\" aria-label=\"Compartir en Whatsapp\" href='https:\/\/api.whatsapp.com\/send?text=https:\/\/radiorevelacionfm.cl\/?p=7061' aria-hidden='false' data-av_icon='\uf232' data-av_iconfont='entypo-fontello' title='' data-avia-related-tooltip='Compartir en Whatsapp' rel=\"noopener\"><span class='avia_hidden_link_text'>Compartir en Whatsapp<\/span><\/a><\/li><li class='av-share-link av-social-link-linkedin' ><a target=\"_blank\" aria-label=\"Compartir en LinkedIn\" href='https:\/\/linkedin.com\/shareArticle?mini=true&#038;title=Seremi%20del%20Trabajo%20llama%20a%20empleadores%20y%20trabajadores%20a%20trabajar%20en%20conjunto%20para%20superar%20el%20coronavirus&#038;url=https:\/\/radiorevelacionfm.cl\/?p=7061' aria-hidden='false' data-av_icon='\ue8fc' data-av_iconfont='entypo-fontello' title='' data-avia-related-tooltip='Compartir en LinkedIn' rel=\"noopener\"><span class='avia_hidden_link_text'>Compartir en LinkedIn<\/span><\/a><\/li><li class='av-share-link av-social-link-mail' ><a  aria-label=\"Compartir por correo\" href='mailto:?subject=Seremi%20del%20Trabajo%20llama%20a%20empleadores%20y%20trabajadores%20a%20trabajar%20en%20conjunto%20para%20superar%20el%20coronavirus&#038;body=https:\/\/radiorevelacionfm.cl\/?p=7061' aria-hidden='false' data-av_icon='\ue805' data-av_iconfont='entypo-fontello' title='' data-avia-related-tooltip='Compartir por correo'><span class='avia_hidden_link_text'>Compartir por correo<\/span><\/a><\/li><\/ul><\/div><\/div>\n<div  style='height:50px' class='hr hr-invisible   avia-builder-el-8  el_after_av_social_share  el_before_av_comments_list '><span class='hr-inner ' ><span class='hr-inner-style'><\/span><\/span><\/div>\n<div  class='av-buildercomment  av-blog-meta-html-info-disabled av-blog-meta-tag-disabled  '><\/div>\n","protected":false},"excerpt":{"rendered":"","protected":false},"author":1,"featured_media":7077,"comment_status":"open","ping_status":"open","sticky":false,"template":"","format":"standard","meta":{"footnotes":""},"categories":[56],"tags":[],"class_list":["post-7061","post","type-post","status-publish","format-standard","has-post-thumbnail","hentry","category-trabajo"],"jetpack_featured_media_url":"https:\/\/radiorevelacionfm.cl\/wp-content\/uploads\/2021\/08\/Seremi-del-Trabajo1-1-2.jpg","_links":{"self":[{"href":"https:\/\/radiorevelacionfm.cl\/index.php?rest_route=\/wp\/v2\/posts\/7061","targetHints":{"allow":["GET"]}}],"collection":[{"href":"https:\/\/radiorevelacionfm.cl\/index.php?rest_route=\/wp\/v2\/posts"}],"about":[{"href":"https:\/\/radiorevelacionfm.cl\/index.php?rest_route=\/wp\/v2\/types\/post"}],"author":[{"embeddable":true,"href":"https:\/\/radiorevelacionfm.cl\/index.php?rest_route=\/wp\/v2\/users\/1"}],"replies":[{"embeddable":true,"href":"https:\/\/radiorevelacionfm.cl\/index.php?rest_route=%2Fwp%2Fv2%2Fcomments&post=7061"}],"version-history":[{"count":4,"href":"https:\/\/radiorevelacionfm.cl\/index.php?rest_route=\/wp\/v2\/posts\/7061\/revisions"}],"predecessor-version":[{"id":7078,"href":"https:\/\/radiorevelacionfm.cl\/index.php?rest_route=\/wp\/v2\/posts\/7061\/revisions\/7078"}],"wp:featuredmedia":[{"embeddable":true,"href":"https:\/\/radiorevelacionfm.cl\/index.php?rest_route=\/wp\/v2\/media\/7077"}],"wp:attachment":[{"href":"https:\/\/radiorevelacionfm.cl\/index.php?rest_route=%2Fwp%2Fv2%2Fmedia&parent=7061"}],"wp:term":[{"taxonomy":"category","embeddable":true,"href":"https:\/\/radiorevelacionfm.cl\/index.php?rest_route=%2Fwp%2Fv2%2Fcategories&post=7061"},{"taxonomy":"post_tag","embeddable":true,"href":"https:\/\/radiorevelacionfm.cl\/index.php?rest_route=%2Fwp%2Fv2%2Ftags&post=7061"}],"curies":[{"name":"wp","href":"https:\/\/api.w.org\/{rel}","templated":true}]}}