{"id":7054,"date":"2021-08-04T21:49:31","date_gmt":"2021-08-05T00:49:31","guid":{"rendered":"https:\/\/radiorevelacionfm.cl\/?p=7054"},"modified":"2021-08-04T21:49:31","modified_gmt":"2021-08-05T00:49:31","slug":"seremi-de-la-mujer-el-monitoreo-a-traves-de-las-tobilleras-electronicas-es-un-gran-paso-para-la-proteccion-de-las-mujeres-victimas-de-violencia","status":"publish","type":"post","link":"https:\/\/radiorevelacionfm.cl\/?p=7054","title":{"rendered":"Seremi de la Mujer \u201cEl monitoreo a trav\u00e9s de las tobilleras electr\u00f3nicas es un gran paso para la protecci\u00f3n de las mujeres v\u00edctimas de violencia\u201d"},"content":{"rendered":"<div class=\"flex_column av_one_full  flex_column_div av-zero-column-padding first  avia-builder-el-0  el_before_av_one_full  avia-builder-el-first  \" style='border-radius:0px; '><div  class='avia-image-container  av-styling-    avia-builder-el-1  avia-builder-el-no-sibling  avia-align-center '  itemprop=\"image\" itemscope=\"itemscope\" itemtype=\"https:\/\/schema.org\/ImageObject\"  ><div class='avia-image-container-inner'><div class='avia-image-overlay-wrap'><img decoding=\"async\" class='wp-image-7055 avia-img-lazy-loading-not-7055 avia_image' src=\"https:\/\/radiorevelacionfm.cl\/wp-content\/uploads\/2021\/08\/Seremi-Ortuzar-2021-1-1.jpg\" alt='' title='Seremi Ort\u00fazar 2021 (1) (1)' height=\"600\" width=\"900\"  itemprop=\"thumbnailUrl\" srcset=\"https:\/\/radiorevelacionfm.cl\/wp-content\/uploads\/2021\/08\/Seremi-Ortuzar-2021-1-1.jpg 900w, https:\/\/radiorevelacionfm.cl\/wp-content\/uploads\/2021\/08\/Seremi-Ortuzar-2021-1-1-300x200.jpg 300w, https:\/\/radiorevelacionfm.cl\/wp-content\/uploads\/2021\/08\/Seremi-Ortuzar-2021-1-1-768x512.jpg 768w, https:\/\/radiorevelacionfm.cl\/wp-content\/uploads\/2021\/08\/Seremi-Ortuzar-2021-1-1-705x470.jpg 705w, https:\/\/radiorevelacionfm.cl\/wp-content\/uploads\/2021\/08\/Seremi-Ortuzar-2021-1-1-600x400.jpg 600w\" sizes=\"(max-width: 900px) 100vw, 900px\" \/><\/div><\/div><\/div><\/div><div class=\"flex_column av_one_full  flex_column_div av-zero-column-padding first  avia-builder-el-2  el_after_av_one_full  el_before_av_one_full  column-top-margin\" style='border-radius:0px; '><section class=\"av_textblock_section \"  itemscope=\"itemscope\" itemtype=\"https:\/\/schema.org\/BlogPosting\" itemprop=\"blogPost\" ><div class='avia_textblock  '   itemprop=\"text\" ><p style=\"text-align: center;\"><strong><span style=\"font-size: 18pt;\">Seremi de la Mujer \u201cEl monitoreo a trav\u00e9s de las tobilleras electr\u00f3nicas es un gran paso para la protecci\u00f3n de las mujeres v\u00edctimas de violencia\u201d<\/span><\/strong><\/p>\n<div id=\"gtx-trans\" style=\"position: absolute; left: -50px; top: 4.31534px;\">\n<div class=\"gtx-trans-icon\"><\/div>\n<\/div>\n<\/div><\/section><\/div><div class=\"flex_column av_one_full  flex_column_div av-zero-column-padding first  avia-builder-el-4  el_after_av_one_full  el_before_av_hr  column-top-margin\" style='border-radius:0px; '><section class=\"av_textblock_section \"  itemscope=\"itemscope\" itemtype=\"https:\/\/schema.org\/BlogPosting\" itemprop=\"blogPost\" ><div class='avia_textblock  '   itemprop=\"text\" ><p style=\"text-align: justify;\">Como parte de las iniciativas gestionadas por el Ministerio de la Mujer y la Equidad de G\u00e9nero en su Agenda Mujer 2018 \u2013 2022 existe el compromiso de avanzar en legislaci\u00f3n que permita dar mayor protecci\u00f3n y garant\u00edas a las v\u00edctimas de violencia contra la mujer y con esto prevenir hechos repudiables, como los femicidios.<\/p>\n<p style=\"text-align: justify;\">A la fecha, de acuerdo con las cifras publicadas por el SernamEG se han consumado 20 femicidios a nivel nacional y registrado 92 de estos hechos frustrados.<\/p>\n<p style=\"text-align: justify;\">La gravedad del asunto ha acelerado la gesti\u00f3n de iniciativas que surjan un efecto mayor respecto a protecci\u00f3n y favorecido el tr\u00e1mite legislativo acerca el monitoreo por medio de tobilleras electr\u00f3nicas, la iniciativa que est\u00e1 siendo vista por la Comisi\u00f3n de Hacienda revisar\u00e1 el informe financiero que present\u00f3 el Ejecutivo para ver c\u00f3mo se financia esta propuesta, con lo cual el proyecto queda a un paso de ser votado en la Sala del Senado.<\/p>\n<p style=\"text-align: justify;\">Al respecto la Seremi B\u00e1rbara Ort\u00fazar se\u00f1al\u00f3 \u201cEs importante considerar que este proyecto busca incorporar\u00a0la supervisi\u00f3n de los agresores formalizados, mediante monitoreo telem\u00e1tico de la prohibici\u00f3n de acercamiento que decreten los tribunales por violencia intrafamiliar. Por lo tanto, el monitoreo a trav\u00e9s de las tobilleras electr\u00f3nicas es un gran paso para la protecci\u00f3n de las mujeres v\u00edctimas de violencia, dado que permitir\u00eda hacer seguimiento a los formalizados que tengan como medida cautelar la prohibici\u00f3n de acercamiento. Hemos visto c\u00f3mo, en m\u00faltiples ocasiones pese a ser decretadas estas prohibiciones, no son cumplidas a cabalidad, lo que termina siendo un factor de riesgo para las mujeres, por lo tanto, de aprobarse en el Senado esta iniciativa estar\u00edamos dando un salto enorme en t\u00e9rminos de protecci\u00f3n.<\/p>\n<p style=\"text-align: justify;\">Complementariamente la autoridad regional de la Mujer y la Equidad de G\u00e9nero comenta \u201cDado que la actual legislaci\u00f3n s\u00f3lo permite el uso de estas tobilleras en las personas que son condenadas, impidiendo su uso cuando son imputados, se hace muy dif\u00edcil hacer efectiva la medida cautelar de prohibici\u00f3n de acercarse a la v\u00edctima, que habitualmente dictan los Tribunales de Garant\u00eda en los casos de violencia intrafamiliar, por lo que observamos esta iniciativa como un cambio fundamental y absolutamente necesario\u201d.<\/p>\n<p style=\"text-align: justify;\">Seg\u00fan informaron los Ministros de Justicia y Derechos Humanos; y de la Mujer y Equidad de G\u00e9nero, Hern\u00e1n Larra\u00edn y M\u00f3nica Zalaquett, respectivamente, de aprobarse la iniciativa y promulgarse durante este mes de agosto, las primeras tobilleras se estar\u00edan aplicando en febrero o marzo de 2022, en una primera etapa, en los Tribunales de Familia, y luego en los Juzgados de Garant\u00eda.<\/p>\n<\/div><\/section><\/div><div  style='height:50px' class='hr hr-invisible   avia-builder-el-6  el_after_av_one_full  el_before_av_social_share '><span class='hr-inner ' ><span class='hr-inner-style'><\/span><\/span><\/div><\/p>\n<div  class='av-social-sharing-box  avia-builder-el-7  el_after_av_hr  el_before_av_hr  '><div class='av-share-box'><h5 class='av-share-link-description av-no-toc '>Compartir esta noticia<\/h5><ul class='av-share-box-list noLightbox'><li class='av-share-link av-social-link-facebook' ><a target=\"_blank\" aria-label=\"Compartir en Facebook\" href='https:\/\/www.facebook.com\/sharer.php?u=https:\/\/radiorevelacionfm.cl\/?p=7054&#038;t=Seremi%20de%20la%20Mujer%20%E2%80%9CEl%20monitoreo%20a%20trav%C3%A9s%20de%20las%20tobilleras%20electr%C3%B3nicas%20es%20un%20gran%20paso%20para%20la%20protecci%C3%B3n%20de%20las%20mujeres%20v%C3%ADctimas%20de%20violencia%E2%80%9D' aria-hidden='false' data-av_icon='\ue8f3' data-av_iconfont='entypo-fontello' title='' data-avia-related-tooltip='Compartir en Facebook' rel=\"noopener\"><span class='avia_hidden_link_text'>Compartir en Facebook<\/span><\/a><\/li><li class='av-share-link av-social-link-twitter' ><a target=\"_blank\" aria-label=\"Compartir en Twitter\" href='https:\/\/twitter.com\/share?text=Seremi%20de%20la%20Mujer%20%E2%80%9CEl%20monitoreo%20a%20trav%C3%A9s%20de%20las%20tobilleras%20electr%C3%B3nicas%20es%20un%20gran%20paso%20para%20la%20protecci%C3%B3n%20de%20las%20mujeres%20v%C3%ADctimas%20de%20violencia%E2%80%9D&#038;url=https:\/\/radiorevelacionfm.cl\/?p=7054' aria-hidden='false' data-av_icon='\ue8f1' data-av_iconfont='entypo-fontello' title='' data-avia-related-tooltip='Compartir en Twitter' rel=\"noopener\"><span class='avia_hidden_link_text'>Compartir en Twitter<\/span><\/a><\/li><li class='av-share-link av-social-link-whatsapp' ><a target=\"_blank\" aria-label=\"Compartir en Whatsapp\" href='https:\/\/api.whatsapp.com\/send?text=https:\/\/radiorevelacionfm.cl\/?p=7054' aria-hidden='false' data-av_icon='\uf232' data-av_iconfont='entypo-fontello' title='' data-avia-related-tooltip='Compartir en Whatsapp' rel=\"noopener\"><span class='avia_hidden_link_text'>Compartir en Whatsapp<\/span><\/a><\/li><li class='av-share-link av-social-link-linkedin' ><a target=\"_blank\" aria-label=\"Compartir en LinkedIn\" href='https:\/\/linkedin.com\/shareArticle?mini=true&#038;title=Seremi%20de%20la%20Mujer%20%E2%80%9CEl%20monitoreo%20a%20trav%C3%A9s%20de%20las%20tobilleras%20electr%C3%B3nicas%20es%20un%20gran%20paso%20para%20la%20protecci%C3%B3n%20de%20las%20mujeres%20v%C3%ADctimas%20de%20violencia%E2%80%9D&#038;url=https:\/\/radiorevelacionfm.cl\/?p=7054' aria-hidden='false' data-av_icon='\ue8fc' data-av_iconfont='entypo-fontello' title='' data-avia-related-tooltip='Compartir en LinkedIn' rel=\"noopener\"><span class='avia_hidden_link_text'>Compartir en LinkedIn<\/span><\/a><\/li><li class='av-share-link av-social-link-mail' ><a  aria-label=\"Compartir por correo\" href='mailto:?subject=Seremi%20de%20la%20Mujer%20%E2%80%9CEl%20monitoreo%20a%20trav%C3%A9s%20de%20las%20tobilleras%20electr%C3%B3nicas%20es%20un%20gran%20paso%20para%20la%20protecci%C3%B3n%20de%20las%20mujeres%20v%C3%ADctimas%20de%20violencia%E2%80%9D&#038;body=https:\/\/radiorevelacionfm.cl\/?p=7054' aria-hidden='false' data-av_icon='\ue805' data-av_iconfont='entypo-fontello' title='' data-avia-related-tooltip='Compartir por correo'><span class='avia_hidden_link_text'>Compartir por correo<\/span><\/a><\/li><\/ul><\/div><\/div>\n<div  style='height:50px' class='hr hr-invisible   avia-builder-el-8  el_after_av_social_share  el_before_av_comments_list '><span class='hr-inner ' ><span class='hr-inner-style'><\/span><\/span><\/div>\n<div  class='av-buildercomment  av-blog-meta-html-info-disabled av-blog-meta-tag-disabled  '><\/div>\n","protected":false},"excerpt":{"rendered":"","protected":false},"author":1,"featured_media":7055,"comment_status":"open","ping_status":"open","sticky":false,"template":"","format":"standard","meta":{"footnotes":""},"categories":[38],"tags":[],"class_list":["post-7054","post","type-post","status-publish","format-standard","has-post-thumbnail","hentry","category-regional"],"jetpack_featured_media_url":"https:\/\/radiorevelacionfm.cl\/wp-content\/uploads\/2021\/08\/Seremi-Ortuzar-2021-1-1.jpg","_links":{"self":[{"href":"https:\/\/radiorevelacionfm.cl\/index.php?rest_route=\/wp\/v2\/posts\/7054","targetHints":{"allow":["GET"]}}],"collection":[{"href":"https:\/\/radiorevelacionfm.cl\/index.php?rest_route=\/wp\/v2\/posts"}],"about":[{"href":"https:\/\/radiorevelacionfm.cl\/index.php?rest_route=\/wp\/v2\/types\/post"}],"author":[{"embeddable":true,"href":"https:\/\/radiorevelacionfm.cl\/index.php?rest_route=\/wp\/v2\/users\/1"}],"replies":[{"embeddable":true,"href":"https:\/\/radiorevelacionfm.cl\/index.php?rest_route=%2Fwp%2Fv2%2Fcomments&post=7054"}],"version-history":[{"count":1,"href":"https:\/\/radiorevelacionfm.cl\/index.php?rest_route=\/wp\/v2\/posts\/7054\/revisions"}],"predecessor-version":[{"id":7056,"href":"https:\/\/radiorevelacionfm.cl\/index.php?rest_route=\/wp\/v2\/posts\/7054\/revisions\/7056"}],"wp:featuredmedia":[{"embeddable":true,"href":"https:\/\/radiorevelacionfm.cl\/index.php?rest_route=\/wp\/v2\/media\/7055"}],"wp:attachment":[{"href":"https:\/\/radiorevelacionfm.cl\/index.php?rest_route=%2Fwp%2Fv2%2Fmedia&parent=7054"}],"wp:term":[{"taxonomy":"category","embeddable":true,"href":"https:\/\/radiorevelacionfm.cl\/index.php?rest_route=%2Fwp%2Fv2%2Fcategories&post=7054"},{"taxonomy":"post_tag","embeddable":true,"href":"https:\/\/radiorevelacionfm.cl\/index.php?rest_route=%2Fwp%2Fv2%2Ftags&post=7054"}],"curies":[{"name":"wp","href":"https:\/\/api.w.org\/{rel}","templated":true}]}}